{"id":219390,"date":"2025-07-02T00:09:10","date_gmt":"2025-07-02T00:09:10","guid":{"rendered":"https:\/\/www.europesays.com\/fr\/219390\/"},"modified":"2025-07-02T00:09:10","modified_gmt":"2025-07-02T00:09:10","slug":"la61-narbonne-toulouse-a-rouvert-ce-matin","status":"publish","type":"post","link":"https:\/\/www.europesays.com\/fr\/219390\/","title":{"rendered":"l&rsquo;A61 Narbonne \/ Toulouse a rouvert ce matin"},"content":{"rendered":"<p itemprop=\"description\">L&rsquo;A61, ferm\u00e9e toute la nuit apr\u00e8s un incendie ayant ravag\u00e9 400 hectares, a rouvert vers 7h. Les pompiers restent mobilis\u00e9s. Les sorties obligatoires ont \u00e9t\u00e9 lev\u00e9es.<\/p>\n<p>        L&rsquo;incendie qui a d\u00e9truit 400 hectares dans le massif des Corbi\u00e8res est d\u00e9sormais ma\u00eetris\u00e9. Quatre foyers sont totalement \u00e9teints, trois autres fix\u00e9s. 600 pompiers sont toujours mobilis\u00e9s pour pr\u00e9venir toute reprise. Les moyens a\u00e9riens reprennent leurs rotations ce matin pour consolider les zones sensibles. Le sol reste extr\u00eamement sec dans un contexte de canicule record, avec 84 d\u00e9partements touch\u00e9s en France.<\/p>\n<p>L&rsquo;autoroute A61 est rest\u00e9e ferm\u00e9e toute la nuit entre L\u00e9zignan et Narbonne, dans les deux sens. La circulation a repris vers 7h apr\u00e8s une r\u00e9union de coordination entre les autorit\u00e9s et VINCI Autoroutes. \u00ab\u202fL&rsquo;autoroute a rouvert ce matin dans les deux sens\u202f\u00bb, selon Radio VINCI Autoroutes. Les \u00e9quipes ont retir\u00e9 les dispositifs de s\u00e9curit\u00e9 et v\u00e9rifi\u00e9 l&rsquo;\u00e9tat des chauss\u00e9es.<\/p>\n<p>Les automobilistes peuvent \u00e0 nouveau emprunter l&rsquo;A61 mais doivent rester prudents\u202f: de nombreux v\u00e9hicules circulent encore sur les itin\u00e9raires de d\u00e9viation, et des embouteillages subsistent sur la D6113. Une vigilance particuli\u00e8re est recommand\u00e9e en raison des conditions m\u00e9t\u00e9orologiques et du risque de reprise de feu.<\/p>\n<p>Les autorit\u00e9s rappellent \u00e9galement les consignes de s\u00e9curit\u00e9 pour \u00e9viter les d\u00e9parts d&rsquo;incendie, notamment ne pas jeter de m\u00e9gots et signaler toute fum\u00e9e suspecte au 112.    <\/p>\n","protected":false},"excerpt":{"rendered":"L&rsquo;A61, ferm\u00e9e toute la nuit apr\u00e8s un incendie ayant ravag\u00e9 400 hectares, a rouvert vers 7h. Les pompiers&hellip;\n","protected":false},"author":2,"featured_media":219391,"comment_status":"","ping_status":"","sticky":false,"template":"","format":"standard","meta":{"footnotes":""},"categories":[2816],"tags":[1111,11,35849,1777,674,4069,1011,27,5383,35848,4659,35514,12,293,2680,25,35850,2312,7822],"class_list":{"0":"post-219390","1":"post","2":"type-post","3":"status-publish","4":"format-standard","5":"has-post-thumbnail","7":"category-toulouse","8":"tag-actu","9":"tag-actualites","10":"tag-corbieres","11":"tag-eu","12":"tag-europe","13":"tag-fermee","14":"tag-fr","15":"tag-france","16":"tag-incendies","17":"tag-maitrises","18":"tag-matin","19":"tag-narbonne","20":"tag-news","21":"tag-nuit","22":"tag-occitanie","23":"tag-republique-francaise","24":"tag-rouvert","25":"tag-toulouse","26":"tag-toute"},"share_on_mastodon":{"url":"https:\/\/pubeurope.com\/@fr\/114780737634475779","error":""},"_links":{"self":[{"href":"https:\/\/www.europesays.com\/fr\/wp-json\/wp\/v2\/posts\/219390","targetHints":{"allow":["GET"]}}],"collection":[{"href":"https:\/\/www.europesays.com\/fr\/wp-json\/wp\/v2\/posts"}],"about":[{"href":"https:\/\/www.europesays.com\/fr\/wp-json\/wp\/v2\/types\/post"}],"author":[{"embeddable":true,"href":"https:\/\/www.europesays.com\/fr\/wp-json\/wp\/v2\/users\/2"}],"replies":[{"embeddable":true,"href":"https:\/\/www.europesays.com\/fr\/wp-json\/wp\/v2\/comments?post=219390"}],"version-history":[{"count":0,"href":"https:\/\/www.europesays.com\/fr\/wp-json\/wp\/v2\/posts\/219390\/revisions"}],"wp:featuredmedia":[{"embeddable":true,"href":"https:\/\/www.europesays.com\/fr\/wp-json\/wp\/v2\/media\/219391"}],"wp:attachment":[{"href":"https:\/\/www.europesays.com\/fr\/wp-json\/wp\/v2\/media?parent=219390"}],"wp:term":[{"taxonomy":"category","embeddable":true,"href":"https:\/\/www.europesays.com\/fr\/wp-json\/wp\/v2\/categories?post=219390"},{"taxonomy":"post_tag","embeddable":true,"href":"https:\/\/www.europesays.com\/fr\/wp-json\/wp\/v2\/tags?post=219390"}],"curies":[{"name":"wp","href":"https:\/\/api.w.org\/{rel}","templated":true}]}}