{"id":219392,"date":"2025-07-02T00:10:13","date_gmt":"2025-07-02T00:10:13","guid":{"rendered":"https:\/\/www.europesays.com\/fr\/219392\/"},"modified":"2025-07-02T00:10:13","modified_gmt":"2025-07-02T00:10:13","slug":"previsions-du-mercredi-2-juillet-2025-6","status":"publish","type":"post","link":"https:\/\/www.europesays.com\/fr\/219392\/","title":{"rendered":"pr\u00e9visions du mercredi 2 juillet 2025"},"content":{"rendered":"<p>La chaleur estivale sera bien l\u00e0 puisqu&rsquo;\u00e0 Lille, les temp\u00e9ratures seront tout de m\u00eame de 17\u00b0C au plus bas et de 32\u00b0C au plus haut la journ\u00e9e. Un vent de nord-ouest soufflera l\u00e9g\u00e8rement, avec 14 km\/h. Le soleil sera dominant, la garantie d&rsquo;une magnifique matin\u00e9e ! Les valeurs maximums annonc\u00e9es sont \u00e9lev\u00e9es, avec 31\u00b0C. Des \u00e9claircies feront leur apparition dans l&rsquo;apr\u00e8s-midi. De tr\u00e8s importantes chaleurs (entre 19\u00b0C et 32\u00b0C) sont attendues. Les temp\u00e9ratures seront comprises entre 19 et 32\u00b0C, un temps r\u00e9solument de saison. C&rsquo;est \u00e0 un ciel couvert de nuages qu&rsquo;il faudra s&rsquo;attendre le soir. Le passage de mercredi \u00e0 jeudi se fera sous un ciel d\u00e9pourvu de nuages.<\/p>\n<p>Demain, un grand soleil brillera sur Lille. Une baisse des temp\u00e9ratures est \u00e0 craindre. Ce sera un bel \u00e9t\u00e9 : les valeurs s&rsquo;\u00e9chelonneront entre 13 et 24\u00b0C. Un petit vent de nord-ouest sera ressenti par les habitants. Il fera en moyenne 20\u00b0C, le matin. Les temp\u00e9ratures afficheront entre 22\u00b0C et 24\u00b0C dans l&rsquo;apr\u00e8s-midi, donnant aux habitants l&rsquo;occasion de profiter de la p\u00e9riode estivale. Les valeurs seront de 19\u00b0C dans la soir\u00e9e.<\/p>\n<p>Les jours qui suivent s&rsquo;annoncent similaires. On anticipe des journ\u00e9es ensoleill\u00e9es, accompagn\u00e9es par des temp\u00e9ratures dans les 28\u00b0C en moyenne.<\/p>\n<p><\/p>\n","protected":false},"excerpt":{"rendered":"La chaleur estivale sera bien l\u00e0 puisqu&rsquo;\u00e0 Lille, les temp\u00e9ratures seront tout de m\u00eame de 17\u00b0C au plus&hellip;\n","protected":false},"author":2,"featured_media":219393,"comment_status":"","ping_status":"","sticky":false,"template":"","format":"standard","meta":{"footnotes":""},"categories":[2815],"tags":[1111,11,1777,674,1011,27,811,1307,12,1308,1309,2119,25],"class_list":{"0":"post-219392","1":"post","2":"type-post","3":"status-publish","4":"format-standard","5":"has-post-thumbnail","7":"category-lille","8":"tag-actu","9":"tag-actualites","10":"tag-eu","11":"tag-europe","12":"tag-fr","13":"tag-france","14":"tag-hauts-de-france","15":"tag-lille","16":"tag-news","17":"tag-nord","18":"tag-nord-pas-de-calais","19":"tag-previsions-meteo","20":"tag-republique-francaise"},"share_on_mastodon":{"url":"https:\/\/pubeurope.com\/@fr\/114780741650483665","error":""},"_links":{"self":[{"href":"https:\/\/www.europesays.com\/fr\/wp-json\/wp\/v2\/posts\/219392","targetHints":{"allow":["GET"]}}],"collection":[{"href":"https:\/\/www.europesays.com\/fr\/wp-json\/wp\/v2\/posts"}],"about":[{"href":"https:\/\/www.europesays.com\/fr\/wp-json\/wp\/v2\/types\/post"}],"author":[{"embeddable":true,"href":"https:\/\/www.europesays.com\/fr\/wp-json\/wp\/v2\/users\/2"}],"replies":[{"embeddable":true,"href":"https:\/\/www.europesays.com\/fr\/wp-json\/wp\/v2\/comments?post=219392"}],"version-history":[{"count":0,"href":"https:\/\/www.europesays.com\/fr\/wp-json\/wp\/v2\/posts\/219392\/revisions"}],"wp:featuredmedia":[{"embeddable":true,"href":"https:\/\/www.europesays.com\/fr\/wp-json\/wp\/v2\/media\/219393"}],"wp:attachment":[{"href":"https:\/\/www.europesays.com\/fr\/wp-json\/wp\/v2\/media?parent=219392"}],"wp:term":[{"taxonomy":"category","embeddable":true,"href":"https:\/\/www.europesays.com\/fr\/wp-json\/wp\/v2\/categories?post=219392"},{"taxonomy":"post_tag","embeddable":true,"href":"https:\/\/www.europesays.com\/fr\/wp-json\/wp\/v2\/tags?post=219392"}],"curies":[{"name":"wp","href":"https:\/\/api.w.org\/{rel}","templated":true}]}}