{"id":219394,"date":"2025-07-02T00:11:12","date_gmt":"2025-07-02T00:11:12","guid":{"rendered":"https:\/\/www.europesays.com\/fr\/219394\/"},"modified":"2025-07-02T00:11:12","modified_gmt":"2025-07-02T00:11:12","slug":"tour-de-france-2025-le-parcours-et-le-profil-de-letape-1-autour-de-lille","status":"publish","type":"post","link":"https:\/\/www.europesays.com\/fr\/219394\/","title":{"rendered":"Tour de France 2025 : le parcours et le profil de l\u2019\u00e9tape 1 autour de Lille"},"content":{"rendered":"<p class=\"paragraph text_align_left lp-f-body-02\">Apr\u00e8s Copenhague, Bilbao et Florence, <a href=\"https:\/\/www.leparisien.fr\/sports\/cyclisme\/tour-de-france\/\" target=\"_blank\" rel=\"noreferrer nofollow noopener\">le Tour de France<\/a> est de retour dans l\u2019hexagone pour son d\u00e9part en 2025, avec une boucle lilloise de 185\u202fkm riche en contrastes. Le parcours commence par des secteurs plats autour de la m\u00e9tropole, avant de s\u2019animer avec trois c\u00f4tes : Notre\u2011Dame\u2011de\u2011Lorette (1\u202fkm \u00e0 7,6%), le Mont Cassel, (2,3\u202fkm \u00e0 3,5%, et le Mont Noir (1,3\u202fkm \u00e0 6,4%). <\/p>\n<p class=\"paragraph text_align_left lp-f-body-02\">Des ascensions qui offriront l\u2019occasion aux coureurs de prendre les premiers points pour le maillot \u00e0 pois, d\u2019animer la course et de fatiguer le peloton. Le terrain, dans sa globalit\u00e9, reste favorable aux sprinteurs.<\/p>\n<p>Lille &gt; Lille, 185km, plat<\/p>\n<p class=\"paragraph text_align_left lp-f-body-02\">D\u00e9part fictif : 13h10, arriv\u00e9e pr\u00e9visionnelle : 17h36<\/p>\n<p>Le profil<img decoding=\"async\" class=\"image \" loading=\"lazy\" src=\"https:\/\/www.europesays.com\/fr\/wp-content\/uploads\/2025\/07\/WUJHSEIU45AUXDXYNL3EJ5OIGE.jpg\" alt=\"\" align=\"\" data-rubrique-principale=\"\" data-article-type=\"\" fetchpriority=\"auto\"\/>L\u2019\u0153il de Thierry Gouvenou, directeur de course<\/p>\n<p class=\"paragraph text_align_left lp-f-body-02\">\u00ab Le premier maillot jaune ne devrait pas \u00e9chapper aux sprinteurs. On a bien quelques Flandriens qui peuvent avoir des id\u00e9es dans les Monts des Flandres, le Mont noir ou \u00e0 Cassel mais ce ne sont pas des difficult\u00e9s qui font peur aux sprinteurs. C\u2019est assez loin de l\u2019arriv\u00e9e, je les vois mal se faire pi\u00e9ger, d\u2019autant que c\u2019est une opportunit\u00e9 unique de prendre le jaune. C\u2019est une arriv\u00e9e sur un grand Boulevard, toute plate. Evidemment, il y aura beaucoup de nervosit\u00e9 mais c\u2019est une habitude dans les sprints du Tour de France. \u00bb<\/p>\n","protected":false},"excerpt":{"rendered":"Apr\u00e8s Copenhague, Bilbao et Florence, le Tour de France est de retour dans l\u2019hexagone pour son d\u00e9part en&hellip;\n","protected":false},"author":2,"featured_media":219395,"comment_status":"","ping_status":"","sticky":false,"template":"","format":"standard","meta":{"footnotes":""},"categories":[2815],"tags":[1111,11,207,1777,674,1011,27,811,1307,12,25,60,210],"class_list":{"0":"post-219394","1":"post","2":"type-post","3":"status-publish","4":"format-standard","5":"has-post-thumbnail","7":"category-lille","8":"tag-actu","9":"tag-actualites","10":"tag-cyclisme","11":"tag-eu","12":"tag-europe","13":"tag-fr","14":"tag-france","15":"tag-hauts-de-france","16":"tag-lille","17":"tag-news","18":"tag-republique-francaise","19":"tag-sports","20":"tag-tour-de-france"},"share_on_mastodon":{"url":"https:\/\/pubeurope.com\/@fr\/114780745453564712","error":""},"_links":{"self":[{"href":"https:\/\/www.europesays.com\/fr\/wp-json\/wp\/v2\/posts\/219394","targetHints":{"allow":["GET"]}}],"collection":[{"href":"https:\/\/www.europesays.com\/fr\/wp-json\/wp\/v2\/posts"}],"about":[{"href":"https:\/\/www.europesays.com\/fr\/wp-json\/wp\/v2\/types\/post"}],"author":[{"embeddable":true,"href":"https:\/\/www.europesays.com\/fr\/wp-json\/wp\/v2\/users\/2"}],"replies":[{"embeddable":true,"href":"https:\/\/www.europesays.com\/fr\/wp-json\/wp\/v2\/comments?post=219394"}],"version-history":[{"count":0,"href":"https:\/\/www.europesays.com\/fr\/wp-json\/wp\/v2\/posts\/219394\/revisions"}],"wp:featuredmedia":[{"embeddable":true,"href":"https:\/\/www.europesays.com\/fr\/wp-json\/wp\/v2\/media\/219395"}],"wp:attachment":[{"href":"https:\/\/www.europesays.com\/fr\/wp-json\/wp\/v2\/media?parent=219394"}],"wp:term":[{"taxonomy":"category","embeddable":true,"href":"https:\/\/www.europesays.com\/fr\/wp-json\/wp\/v2\/categories?post=219394"},{"taxonomy":"post_tag","embeddable":true,"href":"https:\/\/www.europesays.com\/fr\/wp-json\/wp\/v2\/tags?post=219394"}],"curies":[{"name":"wp","href":"https:\/\/api.w.org\/{rel}","templated":true}]}}