{"id":219396,"date":"2025-07-02T00:12:11","date_gmt":"2025-07-02T00:12:11","guid":{"rendered":"https:\/\/www.europesays.com\/fr\/219396\/"},"modified":"2025-07-02T00:12:11","modified_gmt":"2025-07-02T00:12:11","slug":"previsions-du-mercredi-2-juillet-2025-7","status":"publish","type":"post","link":"https:\/\/www.europesays.com\/fr\/219396\/","title":{"rendered":"pr\u00e9visions du mercredi 2 juillet 2025"},"content":{"rendered":"<p>Un superbe soleil brillera sur Marseille, o\u00f9 la journ\u00e9e sera des plus plaisantes. Ce sera un bel \u00e9t\u00e9 : les temp\u00e9ratures afficheront entre 26 et 30\u00b0C. Il va faire chaud avec des valeurs qui s&rsquo;\u00e9chelonneront entre 27 et 29\u00b0C durant la matin\u00e9e. Un petit vent de sud soufflera. Les fortes chaleurs sont pr\u00e9sentes. Avec des temp\u00e9ratures \u00e9chelonn\u00e9es entre 29 et 30\u00b0C. L&rsquo;\u00e9t\u00e9 s&rsquo;est d\u00e9finitivement install\u00e9 puisque les valeurs s&rsquo;\u00e9chelonneront de 29 \u00e0 30\u00b0C sur l&rsquo;ensemble de l&rsquo;apr\u00e8s-midi. Entre mercredi et jeudi, la nuit sera claire.<\/p>\n<p>Demain, les Marseillais comme les vacanciers vont pouvoir profiter d&rsquo;un soleil radieux. L&rsquo;\u00e9pisode de grosses chaleurs est bien l\u00e0, avec des temp\u00e9ratures qui pourront monter jusqu&rsquo;\u00e0 31\u00b0C. Les valeurs seront comprises entre 25 et 31\u00b0C, un temps r\u00e9solument de saison. La ville va subir, le matin, un passage d&rsquo;importantes chaleurs avec des temp\u00e9ratures qui rejoindront parfois les 31\u00b0C. La chaleur estivale sera bien au rendez-vous puisque les valeurs seront quand m\u00eame de 26\u00b0C au plus bas et de 31\u00b0C au plus haut. Un vent de nord-ouest soufflera un peu, avec 10 km\/h. D\u00e8s demain apr\u00e8s-midi, les temp\u00e9ratures \u00e9volueront entre 31 et 31\u2009\u00b0C. Les valeurs maximums annonc\u00e9es demain soir sont \u00e9lev\u00e9es, avec 31\u00b0C. Les maximales atteindront les 31\u00b0C alors que les minimales seront de 30\u00b0C : c&rsquo;est donc un bel \u00e9t\u00e9. Un vent de nord-ouest rafra\u00eechira sensiblement l&rsquo;atmosph\u00e8re.<\/p>\n<p>Pour les prochains jours, le temps ne changera pas. Comptez sur 32\u00b0C en moyenne qui accompagneront des journ\u00e9es ensoleill\u00e9es.<\/p>\n<p><\/p>\n","protected":false},"excerpt":{"rendered":"Un superbe soleil brillera sur Marseille, o\u00f9 la journ\u00e9e sera des plus plaisantes. Ce sera un bel \u00e9t\u00e9&hellip;\n","protected":false},"author":2,"featured_media":219397,"comment_status":"","ping_status":"","sticky":false,"template":"","format":"standard","meta":{"footnotes":""},"categories":[2814],"tags":[1111,11,885,1777,674,1011,27,884,12,883,2119,882,25],"class_list":{"0":"post-219396","1":"post","2":"type-post","3":"status-publish","4":"format-standard","5":"has-post-thumbnail","7":"category-marseille","8":"tag-actu","9":"tag-actualites","10":"tag-bouches-du-rhone","11":"tag-eu","12":"tag-europe","13":"tag-fr","14":"tag-france","15":"tag-marseille","16":"tag-news","17":"tag-paca","18":"tag-previsions-meteo","19":"tag-provence-alpes-cote-dazur","20":"tag-republique-francaise"},"share_on_mastodon":{"url":"https:\/\/pubeurope.com\/@fr\/114780749430722960","error":""},"_links":{"self":[{"href":"https:\/\/www.europesays.com\/fr\/wp-json\/wp\/v2\/posts\/219396","targetHints":{"allow":["GET"]}}],"collection":[{"href":"https:\/\/www.europesays.com\/fr\/wp-json\/wp\/v2\/posts"}],"about":[{"href":"https:\/\/www.europesays.com\/fr\/wp-json\/wp\/v2\/types\/post"}],"author":[{"embeddable":true,"href":"https:\/\/www.europesays.com\/fr\/wp-json\/wp\/v2\/users\/2"}],"replies":[{"embeddable":true,"href":"https:\/\/www.europesays.com\/fr\/wp-json\/wp\/v2\/comments?post=219396"}],"version-history":[{"count":0,"href":"https:\/\/www.europesays.com\/fr\/wp-json\/wp\/v2\/posts\/219396\/revisions"}],"wp:featuredmedia":[{"embeddable":true,"href":"https:\/\/www.europesays.com\/fr\/wp-json\/wp\/v2\/media\/219397"}],"wp:attachment":[{"href":"https:\/\/www.europesays.com\/fr\/wp-json\/wp\/v2\/media?parent=219396"}],"wp:term":[{"taxonomy":"category","embeddable":true,"href":"https:\/\/www.europesays.com\/fr\/wp-json\/wp\/v2\/categories?post=219396"},{"taxonomy":"post_tag","embeddable":true,"href":"https:\/\/www.europesays.com\/fr\/wp-json\/wp\/v2\/tags?post=219396"}],"curies":[{"name":"wp","href":"https:\/\/api.w.org\/{rel}","templated":true}]}}