{"id":219398,"date":"2025-07-02T00:13:19","date_gmt":"2025-07-02T00:13:19","guid":{"rendered":"https:\/\/www.europesays.com\/fr\/219398\/"},"modified":"2025-07-02T00:13:19","modified_gmt":"2025-07-02T00:13:19","slug":"marseille-accueille-la-grande-finale-du-red-bull-dance-your-style","status":"publish","type":"post","link":"https:\/\/www.europesays.com\/fr\/219398\/","title":{"rendered":"\u200cMarseille accueille la grande finale du Red Bull Dance Your Style"},"content":{"rendered":"<p>Pendant trois semaines, Red Bull a transform\u00e9 les rues de Nice, Montpellier et Marseille en v\u00e9ritables sc\u00e8nes freestyle, o\u00f9 la convivialit\u00e9 et la passion se sont m\u00eal\u00e9es au soleil du Sud. De la C\u00f4te d&rsquo;Azur \u00e0 la cit\u00e9 phoc\u00e9enne, les meilleurs talents de la sc\u00e8ne urbaine ont livr\u00e9 des battles endiabl\u00e9s, m\u00ealant hip-hop, house, funk, afro et m\u00eame des classiques revisit\u00e9s. Ici, pas de jury professionnel\u00a0: c\u2019est le public, carton color\u00e9 en main, qui choisit son favori et fait battre le c\u0153ur de l\u2019\u00e9v\u00e9nement.<\/p>\n<p>D\u00e9sormais, c\u2019est \u00e0 Marseille que tout se joue. Pendant quatre jours, du 2 au 5\u00a0juillet, la ville va vivre au rythme de la street culture. Ce mercredi, les derni\u00e8res qualifications auront lieu au R2 Rooftop, de 18h \u00e0 2h du matin, pour offrir une ultime chance aux danseurs de d\u00e9crocher leur place pour la grande finale. Celle-ci se tiendra samedi 5\u00a0juillet au CEPAC Silo, de 19h \u00e0 22h30, et sacrera le meilleur performer fran\u00e7ais, qui portera ensuite nos couleurs jusqu\u2019\u00e0 Los Angeles pour la finale mondiale, le 11\u00a0octobre prochain.<\/p>\n<p>Autour des battles, la f\u00eate sera totale avec des workshops, performances et shows de rue qui investiront diff\u00e9rents quartiers pour faire rayonner toutes les facettes de la culture urbaine. Un rendez-vous festif o\u00f9 Marseillais et visiteurs sont invit\u00e9s \u00e0 soutenir, ensemble, celui ou celle qui fera briller la France au bout du monde.<\/p>\n<p><a href=\"https:\/\/shotgun.live\/fr\/events\/red-bull-dance-your-style-finale-france?uhandle=emmah107\" target=\"_blank\" rel=\"nofollow noopener\">Le lien de la billetterie<\/a>.<\/p>\n","protected":false},"excerpt":{"rendered":"Pendant trois semaines, Red Bull a transform\u00e9 les rues de Nice, Montpellier et Marseille en v\u00e9ritables sc\u00e8nes freestyle,&hellip;\n","protected":false},"author":2,"featured_media":219399,"comment_status":"","ping_status":"","sticky":false,"template":"","format":"standard","meta":{"footnotes":""},"categories":[2814],"tags":[17,7617,1111,11,35851,1777,674,2396,1011,27,4027,884,12,882,19582,25,60,3845],"class_list":{"0":"post-219398","1":"post","2":"type-post","3":"status-publish","4":"format-standard","5":"has-post-thumbnail","7":"category-marseille","8":"tag-17","9":"tag-accueille","10":"tag-actu","11":"tag-actualites","12":"tag-dance","13":"tag-eu","14":"tag-europe","15":"tag-finale","16":"tag-fr","17":"tag-france","18":"tag-grande","19":"tag-marseille","20":"tag-news","21":"tag-provence-alpes-cote-dazur","22":"tag-red","23":"tag-republique-francaise","24":"tag-sports","25":"tag-street"},"share_on_mastodon":{"url":"https:\/\/pubeurope.com\/@fr\/114780753290358877","error":""},"_links":{"self":[{"href":"https:\/\/www.europesays.com\/fr\/wp-json\/wp\/v2\/posts\/219398","targetHints":{"allow":["GET"]}}],"collection":[{"href":"https:\/\/www.europesays.com\/fr\/wp-json\/wp\/v2\/posts"}],"about":[{"href":"https:\/\/www.europesays.com\/fr\/wp-json\/wp\/v2\/types\/post"}],"author":[{"embeddable":true,"href":"https:\/\/www.europesays.com\/fr\/wp-json\/wp\/v2\/users\/2"}],"replies":[{"embeddable":true,"href":"https:\/\/www.europesays.com\/fr\/wp-json\/wp\/v2\/comments?post=219398"}],"version-history":[{"count":0,"href":"https:\/\/www.europesays.com\/fr\/wp-json\/wp\/v2\/posts\/219398\/revisions"}],"wp:featuredmedia":[{"embeddable":true,"href":"https:\/\/www.europesays.com\/fr\/wp-json\/wp\/v2\/media\/219399"}],"wp:attachment":[{"href":"https:\/\/www.europesays.com\/fr\/wp-json\/wp\/v2\/media?parent=219398"}],"wp:term":[{"taxonomy":"category","embeddable":true,"href":"https:\/\/www.europesays.com\/fr\/wp-json\/wp\/v2\/categories?post=219398"},{"taxonomy":"post_tag","embeddable":true,"href":"https:\/\/www.europesays.com\/fr\/wp-json\/wp\/v2\/tags?post=219398"}],"curies":[{"name":"wp","href":"https:\/\/api.w.org\/{rel}","templated":true}]}}