{"id":219410,"date":"2025-07-02T00:19:10","date_gmt":"2025-07-02T00:19:10","guid":{"rendered":"https:\/\/www.europesays.com\/fr\/219410\/"},"modified":"2025-07-02T00:19:10","modified_gmt":"2025-07-02T00:19:10","slug":"turnstile-en-concert-au-zenith-de-paris-en-novembre-2025-news-rockurlife","status":"publish","type":"post","link":"https:\/\/www.europesays.com\/fr\/219410\/","title":{"rendered":"Turnstile : en concert au Z\u00e9nith de Paris en novembre 2025 ! &#8211; News &#8211; RockUrLife"},"content":{"rendered":"<p>Dans le cadre du <strong>The Never Enough Tour<\/strong>, <strong>Turnstile<\/strong> s\u2019appr\u00eate \u00e0 retourner la capitale cet automne !<\/p>\n<p>Le groupe originaire de <strong>Baltimore<\/strong> d\u00e9fendra sur sc\u00e8ne son nouvel album <strong><a href=\"https:\/\/www.rockurlife.net\/chroniques\/turnstile-never-enough\/\" target=\"_blank\" rel=\"noopener\">NEVER ENOUGH<\/a><\/strong> \u00e0 l\u2019occasion d\u2019une tourn\u00e9e europ\u00e9enne qui promet d\u2019\u00eatre aussi intense que cathartique. Une seule date est pr\u00e9vue en <strong>France<\/strong>, mais pas des moindres : le<strong> dimanche 16 novembre 2025 au Z\u00e9nith Paris \u2013 La Villette<\/strong>.<\/p>\n<p>V\u00e9ritable fer de lance de la sc\u00e8ne hardcore moderne, <strong>Turnstile<\/strong> a su bousculer les codes du genre avec une identit\u00e9 sonore unique, m\u00ealant agressivit\u00e9 brute, groove contagieux et une sensibilit\u00e9 m\u00e9lodique inattendue. Ses performances sc\u00e9niques, furieusement \u00e9nergiques et f\u00e9d\u00e9ratrices, sont devenues l\u00e9gendaires \u2013 et cette date parisienne s\u2019annonce d\u00e9j\u00e0 comme un moment immanquable pour les fans.<\/p>\n<p>La premi\u00e8re partie sera assur\u00e9e par <strong>The Garden<\/strong> et <strong>High Vis<\/strong>.<\/p>\n<p>Mise en vente des billets le vendredi 4 juillet \u00e0 10h, <a href=\"https:\/\/ow.ly\/NZEi50WicUv\" target=\"_blank\" rel=\"noopener\">ici<\/a>.<\/p>\n<p>Pr\u00e9parez-vous \u00e0 vivre un uppercut sonore en plein c\u0153ur de la capitale. <strong>Turnstile<\/strong> ne fait jamais les choses \u00e0 moiti\u00e9.<\/p>\n<p><img loading=\"lazy\" decoding=\"async\" width=\"1024\" height=\"1024\" src=\"https:\/\/www.europesays.com\/fr\/wp-content\/uploads\/2025\/07\/514096949_1130882045737732_8509706871260432467_n-1024x1024.jpg\" alt=\"\" class=\"wp-image-223823\"\/><\/p>\n","protected":false},"excerpt":{"rendered":"Dans le cadre du The Never Enough Tour, Turnstile s\u2019appr\u00eate \u00e0 retourner la capitale cet automne ! Le&hellip;\n","protected":false},"author":2,"featured_media":219411,"comment_status":"","ping_status":"","sticky":false,"template":"","format":"standard","meta":{"footnotes":""},"categories":[1888],"tags":[1111,1928,11,1927,1777,674,1011,27,35852,12,1926,626,1925,25,35853,9181,13141],"class_list":{"0":"post-219410","1":"post","2":"type-post","3":"status-publish","4":"format-standard","5":"has-post-thumbnail","7":"category-paris","8":"tag-actu","9":"tag-actu-paris","10":"tag-actualites","11":"tag-actualites-paris","12":"tag-eu","13":"tag-europe","14":"tag-fr","15":"tag-france","16":"tag-never-enough","17":"tag-news","18":"tag-news-paris","19":"tag-paris","20":"tag-paris-news","21":"tag-republique-francaise","22":"tag-the-never-enough-tour","23":"tag-turnstile","24":"tag-zenith-paris-la-villette"},"share_on_mastodon":{"url":"https:\/\/pubeurope.com\/@fr\/114780777288493497","error":""},"_links":{"self":[{"href":"https:\/\/www.europesays.com\/fr\/wp-json\/wp\/v2\/posts\/219410","targetHints":{"allow":["GET"]}}],"collection":[{"href":"https:\/\/www.europesays.com\/fr\/wp-json\/wp\/v2\/posts"}],"about":[{"href":"https:\/\/www.europesays.com\/fr\/wp-json\/wp\/v2\/types\/post"}],"author":[{"embeddable":true,"href":"https:\/\/www.europesays.com\/fr\/wp-json\/wp\/v2\/users\/2"}],"replies":[{"embeddable":true,"href":"https:\/\/www.europesays.com\/fr\/wp-json\/wp\/v2\/comments?post=219410"}],"version-history":[{"count":0,"href":"https:\/\/www.europesays.com\/fr\/wp-json\/wp\/v2\/posts\/219410\/revisions"}],"wp:featuredmedia":[{"embeddable":true,"href":"https:\/\/www.europesays.com\/fr\/wp-json\/wp\/v2\/media\/219411"}],"wp:attachment":[{"href":"https:\/\/www.europesays.com\/fr\/wp-json\/wp\/v2\/media?parent=219410"}],"wp:term":[{"taxonomy":"category","embeddable":true,"href":"https:\/\/www.europesays.com\/fr\/wp-json\/wp\/v2\/categories?post=219410"},{"taxonomy":"post_tag","embeddable":true,"href":"https:\/\/www.europesays.com\/fr\/wp-json\/wp\/v2\/tags?post=219410"}],"curies":[{"name":"wp","href":"https:\/\/api.w.org\/{rel}","templated":true}]}}