{"id":219414,"date":"2025-07-02T00:22:11","date_gmt":"2025-07-02T00:22:11","guid":{"rendered":"https:\/\/www.europesays.com\/fr\/219414\/"},"modified":"2025-07-02T00:22:11","modified_gmt":"2025-07-02T00:22:11","slug":"macron-et-poutine-divises-sur-lukraine-prets-a-cooperer-sur-liran-2","status":"publish","type":"post","link":"https:\/\/www.europesays.com\/fr\/219414\/","title":{"rendered":"Macron et Poutine divis\u00e9s sur l&rsquo;Ukraine, pr\u00eats \u00e0 coop\u00e9rer sur l&rsquo;Iran"},"content":{"rendered":"<p>Les pr\u00e9sidents fran\u00e7ais Emmanuel Macron et russe Vladimir Poutine se sont parl\u00e9 mardi pour la premi\u00e8re fois depuis septembre 2022, affichant leurs divergences sur le conflit en Ukraine mais se disant pr\u00eats \u00e0 coop\u00e9rer pour encadrer le programme nucl\u00e9aire iranien apr\u00e8s les d\u00e9g\u00e2ts caus\u00e9s par les frappes isra\u00e9liennes et am\u00e9ricaines.<\/p>\n<p>Cet \u00e9change \u00e9tait destin\u00e9 en premier lieu \u00e0 faire le point sur l&rsquo;Iran &#8211; Paris et Moscou \u00e9tant cosignataires de l&rsquo;accord de Vienne de 2015 sur le nucl\u00e9aire iranien &#8211; mais a aussi en partie port\u00e9 sur l&rsquo;Ukraine.<\/p>\n<p>Emmanuel Macron a soulign\u00e9 \u00ab\u00a0le soutien ind\u00e9fectible de la France \u00e0 la souverainet\u00e9 et \u00e0 l&rsquo;int\u00e9grit\u00e9 territoriale de l&rsquo;Ukraine\u00a0\u00bb, a insist\u00e9 l&rsquo;Elys\u00e9e, alors que la Russie occupe pr\u00e8s de 20% de ce pays.<\/p>\n<p>Il a appel\u00e9 \u00e0 \u00ab\u00a0l&rsquo;\u00e9tablissement, dans les meilleurs d\u00e9lais, d&rsquo;un cessez-le-feu et au lancement de n\u00e9gociations entre l&rsquo;Ukraine et la Russie pour un r\u00e8glement solide et durable du conflit\u00a0\u00bb, a poursuivi l&rsquo;Elys\u00e9e.<\/p>\n<p>Les frappes russes contre l&rsquo;Ukraine ont augment\u00e9 ces derni\u00e8res semaines. L&rsquo;Ukraine a de son c\u00f4t\u00e9 men\u00e9 mardi une nouvelle attaque en profondeur en Russie, \u00e0 1.000 kilom\u00e8tres de son territoire, contre une usine fabriquant \u00ab\u00a0des syst\u00e8mes de d\u00e9fense antia\u00e9riens\u00a0\u00bb et \u00ab\u00a0des drones\u00a0\u00bb \u00e0 Ijevsk.<\/p>\n<p>Le pr\u00e9sident russe a pr\u00e9venu son homologue fran\u00e7ais que tout accord de paix en Ukraine devait \u00eatre \u00ab\u00a0global et sur le long terme, pr\u00e9voir l&rsquo;\u00e9limination des causes profondes de la crise ukrainienne et s&rsquo;appuyer sur de nouvelles r\u00e9alit\u00e9s territoriales\u00a0\u00bb, a de son c\u00f4t\u00e9 soulign\u00e9 le Kremlin.<\/p>\n<p>Moscou a d\u00e9j\u00e0 revendiqu\u00e9 l&rsquo;annexion de quatre r\u00e9gions ukrainiennes, en plus de la p\u00e9ninsule de Crim\u00e9e, qu&rsquo;elle a envahie en 2014.<\/p>\n<p>Pour Vladimir Poutine, le conflit ukrainien est \u00ab\u00a0une cons\u00e9quence directe de la politique des Etats occidentaux\u00a0\u00bb, qui ont \u00ab\u00a0ignor\u00e9 les int\u00e9r\u00eats s\u00e9curitaires de la Russie depuis des ann\u00e9es\u00a0\u00bb et cr\u00e9\u00e9 une \u00ab\u00a0t\u00eate de pont anti-russe en Ukraine\u00a0\u00bb.<\/p>\n<p>\u00a0<\/p>\n<p>&#8211; \u00ab\u00a0Rien \u00e0 discuter\u00a0\u00bb &#8211;<\/p>\n<p>\u00a0<\/p>\n<p>Malgr\u00e9 leurs positions tr\u00e8s \u00e9loign\u00e9es, les deux dirigeants, qui se sont entretenus durant \u00ab\u00a0plus de deux heures au t\u00e9l\u00e9phone\u00a0\u00bb, sont convenus de continuer \u00ab\u00a0d&rsquo;\u00e9changer\u00a0\u00bb sur le conflit en Ukraine, a pr\u00e9cis\u00e9 l&rsquo;Elys\u00e9e.<\/p>\n<p>Ils \u00e9taient conjointement \u00e0 \u00ab\u00a0l&rsquo;origine\u00a0\u00bb de cet appel, a relev\u00e9 l&rsquo;Elys\u00e9e. <\/p>\n<p>Emmanuel Macron avait averti le pr\u00e9sident ukrainien Volodymyr Zelensky de son intention de joindre le ma\u00eetre du Kremlin. Il a aussi \u00e9chang\u00e9 avec lui apr\u00e8s l&rsquo;appel, a ajout\u00e9 la pr\u00e9sidence fran\u00e7aise.<\/p>\n<p>Le dernier \u00e9change entre les dirigeants fran\u00e7ais et russe remontait au 11 septembre 2022 et avait port\u00e9 sur la centrale nucl\u00e9aire ukrainienne de Zaporijjia, occup\u00e9e par les Russes et dont la s\u00e9curit\u00e9 \u00e9tait alors menac\u00e9e.<\/p>\n<p>Le pr\u00e9sident fran\u00e7ais, qui s&rsquo;\u00e9tait vu reprocher de continuer \u00e0 parler au ma\u00eetre du Kremlin pendant des mois apr\u00e8s le d\u00e9but de l&rsquo;offensive russe en Ukraine, en f\u00e9vrier 2022, a ensuite cess\u00e9 tout contact, accusant Vladimir Poutine de \u00ab\u00a0mentir\u00a0\u00bb sur ses intentions et sa volont\u00e9 de paix.<\/p>\n<p>Il a donc pris le risque de renouer avec lui, dans la foul\u00e9e de Donald Trump depuis son retour \u00e0 la Maison Blanche en janvier, pour parler d&rsquo;Iran mais sans omettre de rappeler ses exigences sur l&rsquo;Ukraine, souligne-t-on \u00e0 Paris.<\/p>\n<p>Pour la politologue russe Tatiana Stanovaya, fondatrice du cabinet de conseil R.Politik,\u00a0cet appel \u00ab\u00a0ne veut pas dire que l&rsquo;Ukraine va perdre tout soutien\u00a0\u00bb.<\/p>\n<p>\u00ab\u00a0Il montre plut\u00f4t la volont\u00e9 des Europ\u00e9ens d&rsquo;avoir une place \u00e0 la table\u00a0\u00bb des n\u00e9gociations, m\u00eame s&rsquo;il \u00ab\u00a0n&rsquo;y a rien \u00e0 discuter\u00a0\u00bb pour l&rsquo;instant du fait de l&rsquo;intransigeance russe, a-t-elle d\u00e9clar\u00e9 \u00e0 l&rsquo;AFP.<\/p>\n<p>\u00a0<\/p>\n<p>&#8211; La diplomatie d&rsquo;abord &#8211;<\/p>\n<p>\u00a0<\/p>\n<p>Concernant le nucl\u00e9aire iranien, les deux dirigeants ont \u00ab\u00a0d\u00e9cid\u00e9 de coordonner leurs d\u00e9marches et de se parler prochainement afin de faire le suivi ensemble\u00a0\u00bb du dossier, selon l&rsquo;Elys\u00e9e.<\/p>\n<p>Malgr\u00e9 les dommages subis par ses installations nucl\u00e9aires, T\u00e9h\u00e9ran dispose des capacit\u00e9s techniques pour recommencer \u00e0 enrichir de l&rsquo;uranium d&rsquo;ici \u00ab\u00a0quelques mois\u00a0\u00bb, estime le patron de l&rsquo;Agence internationale de l&rsquo;\u00e9nergie atomique (AIEA) Rafael Grossi.<\/p>\n<p>A cet \u00e9gard, MM. Poutine et Macron ont martel\u00e9 que les crises au Moyen-Orient devaient \u00eatre r\u00e9solues \u00ab\u00a0par la diplomatie\u00a0\u00bb, a rench\u00e9ri la pr\u00e9sidence russe.<\/p>\n<p>Emmanuel Macron a insist\u00e9 sur la n\u00e9cessit\u00e9 d&rsquo;un \u00ab\u00a0r\u00e8glement durable et exigeant du dossier nucl\u00e9aire, de la question des missiles de l&rsquo;Iran et de son r\u00f4le dans la r\u00e9gion\u00a0\u00bb, a poursuivi l&rsquo;Elys\u00e9e.<\/p>\n<p>Le pr\u00e9sident fran\u00e7ais a demand\u00e9 que les inspecteurs puissent \u00ab\u00a0reprendre leur travail sans d\u00e9lai\u00a0\u00bb en Iran, alors que T\u00e9h\u00e9ran menace de rompre avec l&rsquo;AIEA.<\/p>\n<p>Vladimir Poutine a de son c\u00f4t\u00e9 insist\u00e9 sur le fait que l&rsquo;Iran avait \u00ab\u00a0le droit\u00a0\u00bb de d\u00e9velopper un programme \u00ab\u00a0nucl\u00e9aire civil\u00a0\u00bb, a pr\u00e9cis\u00e9 le Kremlin.<\/p>\n<p>Emmanuel Macron avait annonc\u00e9 jeudi son intention de parler \u00ab\u00a0dans les prochains jours\u00a0\u00bb avec les membres permanents du Conseil de s\u00e9curit\u00e9 de l&rsquo;ONU pour faire en sorte que l&rsquo;Iran respecte le Trait\u00e9 sur la non-prolif\u00e9ration des armes nucl\u00e9aires (TNP).<\/p>\n<p>Outre la France et la Russie, les autres membres permanents sont les Etats-Unis, le Royaume-Uni et la Chine.<\/p>\n<p>bur-as-vl\/tmt<\/p>\n","protected":false},"excerpt":{"rendered":"Les pr\u00e9sidents fran\u00e7ais Emmanuel Macron et russe Vladimir Poutine se sont parl\u00e9 mardi pour la premi\u00e8re fois depuis&hellip;\n","protected":false},"author":2,"featured_media":219415,"comment_status":"","ping_status":"","sticky":false,"template":"","format":"standard","meta":{"footnotes":""},"categories":[1591],"tags":[11,1073,1887,5493,12,9962,1885,1886,132,220,135],"class_list":{"0":"post-219414","1":"post","2":"type-post","3":"status-publish","4":"format-standard","5":"has-post-thumbnail","7":"category-russie","8":"tag-actualites","9":"tag-emmanuel-macron","10":"tag-federation-de-russie","11":"tag-lukraine","12":"tag-news","13":"tag-president-francais","14":"tag-russia","15":"tag-russian-federation","16":"tag-russie","17":"tag-ukraine","18":"tag-vladimir-poutine"},"share_on_mastodon":{"url":"https:\/\/pubeurope.com\/@fr\/114780788721577027","error":""},"_links":{"self":[{"href":"https:\/\/www.europesays.com\/fr\/wp-json\/wp\/v2\/posts\/219414","targetHints":{"allow":["GET"]}}],"collection":[{"href":"https:\/\/www.europesays.com\/fr\/wp-json\/wp\/v2\/posts"}],"about":[{"href":"https:\/\/www.europesays.com\/fr\/wp-json\/wp\/v2\/types\/post"}],"author":[{"embeddable":true,"href":"https:\/\/www.europesays.com\/fr\/wp-json\/wp\/v2\/users\/2"}],"replies":[{"embeddable":true,"href":"https:\/\/www.europesays.com\/fr\/wp-json\/wp\/v2\/comments?post=219414"}],"version-history":[{"count":0,"href":"https:\/\/www.europesays.com\/fr\/wp-json\/wp\/v2\/posts\/219414\/revisions"}],"wp:featuredmedia":[{"embeddable":true,"href":"https:\/\/www.europesays.com\/fr\/wp-json\/wp\/v2\/media\/219415"}],"wp:attachment":[{"href":"https:\/\/www.europesays.com\/fr\/wp-json\/wp\/v2\/media?parent=219414"}],"wp:term":[{"taxonomy":"category","embeddable":true,"href":"https:\/\/www.europesays.com\/fr\/wp-json\/wp\/v2\/categories?post=219414"},{"taxonomy":"post_tag","embeddable":true,"href":"https:\/\/www.europesays.com\/fr\/wp-json\/wp\/v2\/tags?post=219414"}],"curies":[{"name":"wp","href":"https:\/\/api.w.org\/{rel}","templated":true}]}}