{"id":219416,"date":"2025-07-02T00:23:11","date_gmt":"2025-07-02T00:23:11","guid":{"rendered":"https:\/\/www.europesays.com\/fr\/219416\/"},"modified":"2025-07-02T00:23:11","modified_gmt":"2025-07-02T00:23:11","slug":"faute-de-stock-les-etats-unis-annulent-des-livraisons-darmements-vers-lukraine","status":"publish","type":"post","link":"https:\/\/www.europesays.com\/fr\/219416\/","title":{"rendered":"Faute de stock, les \u00c9tats-Unis annulent des livraisons d&rsquo;armements vers l&rsquo;Ukraine"},"content":{"rendered":"<p>Les \u00c9tats-Unis suspendent certaines livraisons de missiles de d\u00e9fense a\u00e9rienne et d&rsquo;autres munitions \u00e0 l&rsquo;Ukraine, craignant une baisse excessive de leurs propres stocks, ont annonc\u00e9 mardi des responsables.<\/p>\n<p>Ces munitions avaient \u00e9t\u00e9 promises \u00e0 l&rsquo;Ukraine pour \u00eatre utilis\u00e9es dans leur guerre en cours avec la Russie sous l&rsquo;administration Biden. Mais cette pause refl\u00e8te les nouvelles priorit\u00e9s de la pr\u00e9sidence de Donald Trump.<\/p>\n<p>\u00abCette d\u00e9cision a \u00e9t\u00e9 prise pour privil\u00e9gier les int\u00e9r\u00eats des \u00c9tats-Unis, suite \u00e0 une \u00e9valuation par le D\u00e9partement de la D\u00e9fense du soutien et de l&rsquo;assistance militaires de notre nation \u00e0 d&rsquo;autres pays \u00e0 travers le monde, a expliqu\u00e9 Anna Kelly, porte-parole de la Maison-Blanche, dans un communiqu\u00e9. La puissance des forces arm\u00e9es am\u00e9ricaines demeure incontest\u00e9e; il suffit de demander \u00e0 l&rsquo;Iran.\u00bb<\/p>\n<p>L&rsquo;\u00e9valuation du Pentagone a d\u00e9termin\u00e9 que les stocks de certains articles promis \u00e9taient trop faibles. Par cons\u00e9quent, les livraisons en attente de certains articles ne seront pas effectu\u00e9es, selon un responsable am\u00e9ricain, qui a requis l&rsquo;anonymat afin de fournir des informations qui n&rsquo;ont pas encore \u00e9t\u00e9 rendues publiques. \u00c0 ce jour, les \u00c9tats-Unis ont fourni \u00e0 l\u2019Ukraine plus de 66 milliards $ US d\u2019armes et d\u2019assistance militaire depuis l\u2019invasion russe en f\u00e9vrier 2022.<\/p>\n<p>Will Weissert et Matthew Lee, The Associated Press<\/p>\n","protected":false},"excerpt":{"rendered":"Les \u00c9tats-Unis suspendent certaines livraisons de missiles de d\u00e9fense a\u00e9rienne et d&rsquo;autres munitions \u00e0 l&rsquo;Ukraine, craignant une baisse&hellip;\n","protected":false},"author":2,"featured_media":219417,"comment_status":"","ping_status":"","sticky":false,"template":"","format":"standard","meta":{"footnotes":""},"categories":[1590],"tags":[11,35854,15470,73,1777,674,5493,16540,12,220],"class_list":{"0":"post-219416","1":"post","2":"type-post","3":"status-publish","4":"format-standard","5":"has-post-thumbnail","7":"category-ukraine","8":"tag-actualites","9":"tag-anna-kelly","10":"tag-defense-aerienne","11":"tag-etats-unis","12":"tag-eu","13":"tag-europe","14":"tag-lukraine","15":"tag-livraisons","16":"tag-news","17":"tag-ukraine"},"share_on_mastodon":{"url":"https:\/\/pubeurope.com\/@fr\/114780792654442254","error":""},"_links":{"self":[{"href":"https:\/\/www.europesays.com\/fr\/wp-json\/wp\/v2\/posts\/219416","targetHints":{"allow":["GET"]}}],"collection":[{"href":"https:\/\/www.europesays.com\/fr\/wp-json\/wp\/v2\/posts"}],"about":[{"href":"https:\/\/www.europesays.com\/fr\/wp-json\/wp\/v2\/types\/post"}],"author":[{"embeddable":true,"href":"https:\/\/www.europesays.com\/fr\/wp-json\/wp\/v2\/users\/2"}],"replies":[{"embeddable":true,"href":"https:\/\/www.europesays.com\/fr\/wp-json\/wp\/v2\/comments?post=219416"}],"version-history":[{"count":0,"href":"https:\/\/www.europesays.com\/fr\/wp-json\/wp\/v2\/posts\/219416\/revisions"}],"wp:featuredmedia":[{"embeddable":true,"href":"https:\/\/www.europesays.com\/fr\/wp-json\/wp\/v2\/media\/219417"}],"wp:attachment":[{"href":"https:\/\/www.europesays.com\/fr\/wp-json\/wp\/v2\/media?parent=219416"}],"wp:term":[{"taxonomy":"category","embeddable":true,"href":"https:\/\/www.europesays.com\/fr\/wp-json\/wp\/v2\/categories?post=219416"},{"taxonomy":"post_tag","embeddable":true,"href":"https:\/\/www.europesays.com\/fr\/wp-json\/wp\/v2\/tags?post=219416"}],"curies":[{"name":"wp","href":"https:\/\/api.w.org\/{rel}","templated":true}]}}