{"id":219428,"date":"2025-07-02T00:29:11","date_gmt":"2025-07-02T00:29:11","guid":{"rendered":"https:\/\/www.europesays.com\/fr\/219428\/"},"modified":"2025-07-02T00:29:11","modified_gmt":"2025-07-02T00:29:11","slug":"pour-le-retour-de-mbappe-le-real-madrid-dompte-la-juventus-et-file-en-quarts","status":"publish","type":"post","link":"https:\/\/www.europesays.com\/fr\/219428\/","title":{"rendered":"pour le retour de Mbapp\u00e9, le Real Madrid dompte la Juventus et file en quarts"},"content":{"rendered":"<p>Sans briller, les Merengue de Xabi Alonso ont eu raison des Turinois, ce mardi \u00e0 Miami, en huiti\u00e8me de finale de la Coupe du monde des clubs.<\/p>\n<p class=\"fig-paragraph\">Le Real Madrid s\u2019en contentera. Au terme d\u2019un match loin d\u2019\u00eatre inoubliable,\u00a0<a href=\"https:\/\/www.lefigaro.fr\/sports\/football\/live\/coupe-du-monde-des-clubs\/2025\/2492602\/real-madrid-juventus\" target=\"_blank\" data-fig-type=\"Live\" rel=\"noopener\" data-gtm-custom-categorie=\"navigation\" data-gtm-custom-action=\"crossclick\" data-gtm-custom-label=\"Contextuel\" data-gtm-event=\"customEventSPE\" data-fig-domain=\"LEFIGARO\">l\u2019\u00e9quipe entra\u00een\u00e9e par Xabi Alonso a domin\u00e9 la Juventus Turin (1-0),<\/a>\u00a0\u00e0 Miami, pour rallier les quarts de finale du Mondial des clubs.\u00a0Sans \u00eatre flamboyants, les Merengue se sont montr\u00e9s s\u00e9rieux et ont pu compter sur le retour de leur meilleur buteur cette saison,\u00a0<a href=\"http:\/\/www.lefigaro.fr\/sports\/football\/tu-vas-pas-nous-peter-les-c-longtemps-kyky-et-passe-ton-permis-le-rappeur-booba-menace-encore-mbappe-20250626\" data-fig-type=\"NewsFlash\" data-gtm-custom-categorie=\"navigation\" data-gtm-custom-action=\"crossclick\" data-gtm-custom-label=\"Contextuel\" data-gtm-event=\"customEventSPE\" data-fig-domain=\"LEFIGARO\" target=\"_blank\" rel=\"noopener\">Kylian Mbapp\u00e9<\/a>. Mais, comme depuis le d\u00e9but de comp\u00e9tition, c\u2019est un autre Madril\u00e8ne qui s\u2019est (encore) mis en lumi\u00e8re.<\/p>\n<p>Gonzalo Garcia continue d\u2019\u00e9tonner, Alexander-Arnold r\u00e8gle la mire<\/p>\n<p class=\"fig-paragraph\">Le jeune attaquant espagnol Gonzalo Garcia (21 ans), surprise et r\u00e9v\u00e9lation de la comp\u00e9tition, a inscrit le seul but de la soir\u00e9e (54e). Son troisi\u00e8me depuis le d\u00e9but de ce Mondial. Tr\u00e8s remuant et affam\u00e9 de ballons, l\u2019avant-centre de la Casa Blanca a su profiter d\u2019un centre millim\u00e9tr\u00e9 de la recrue estivale\u00a0<a href=\"http:\/\/www.lefigaro.fr\/sports\/football\/foot-un-reve-devenu-realite-trent-alexander-arnold-a-hate-de-debuter-sous-les-couleurs-du-real-madrid-20250612\" data-fig-type=\"NewsFlash\" data-gtm-custom-categorie=\"navigation\" data-gtm-custom-action=\"crossclick\" data-gtm-custom-label=\"Contextuel\" data-gtm-event=\"customEventSPE\" data-fig-domain=\"LEFIGARO\" target=\"_blank\" rel=\"noopener\">Trent Alexander-Arnold<\/a>\u00a0(ex-Liverpool), qui signe, au passage, sa premi\u00e8re offrande sous le maillot merengue. Guid\u00e9 par son intenable et increvable capitaine du soir Federico Valverde, le Real, qui a vu son feu follet\u00a0<a href=\"http:\/\/www.lefigaro.fr\/sports\/football\/espagne\/foot-jusqu-a-22-mois-de-prison-pour-quatre-supporters-accuses-d-avoir-pendu-a-un-pont-un-mannequin-de-vinicius-20250616\" data-fig-type=\"NewsFlash\" data-gtm-custom-categorie=\"navigation\" data-gtm-custom-action=\"crossclick\" data-gtm-custom-label=\"Contextuel\" data-gtm-event=\"customEventSPE\" data-fig-domain=\"LEFIGARO\" target=\"_blank\" rel=\"noopener\">Vinicius<\/a>\u00a0se casser les dents sur la d\u00e9fense turinoise, a attendu l\u2019heure de jeu pour voir son n\u00b09 f\u00e9tiche refouler la pelouse.<\/p>\n<p>Mbapp\u00e9 \u00e0 la recherche du temps perdu<\/p>\n<p class=\"fig-paragraph\">Regard d\u00e9termin\u00e9 et assidu \u00e0 l\u2019\u00e9coute des consignes de son nouvel entra\u00eeneur\u00a0<a href=\"http:\/\/www.lefigaro.fr\/sports\/football\/mondial-des-clubs-avec-ou-sans-mbappe-au-real-madrid-version-xabi-alonso-de-s-elancer-20250618\" data-fig-type=\"NewsFlash\" data-gtm-custom-categorie=\"navigation\" data-gtm-custom-action=\"crossclick\" data-gtm-custom-label=\"Contextuel\" data-gtm-event=\"customEventSPE\" data-fig-domain=\"LEFIGARO\" target=\"_blank\" rel=\"noopener\">Xabi Alonso<\/a>, Mbapp\u00e9 \u2014 qui souffrait d\u2019une\u00a0<a href=\"http:\/\/www.lefigaro.fr\/sports\/football\/coupe-du-monde-des-clubs-mbappe-probablement-de-retour-contre-la-juventus-20250701\" data-fig-type=\"NewsFlash\" data-gtm-custom-categorie=\"navigation\" data-gtm-custom-action=\"crossclick\" data-gtm-custom-label=\"Contextuel\" data-gtm-event=\"customEventSPE\" data-fig-domain=\"LEFIGARO\" target=\"_blank\" rel=\"noopener\">gastro-ent\u00e9rite aigu\u00eb<\/a>\u00a0ces derniers jours \u2014 a tent\u00e9 de se mettre en \u00e9vidence d\u2019embl\u00e9e, en r\u00e9alisant des prises de balle incisives et tranchantes. Sans succ\u00e8s. Le capitaine de l\u2019\u00e9quipe de France a (encore) trois matches (si le Real va en finale) pour ouvrir son compteur dans cette comp\u00e9tition et esp\u00e9rer \u00eatre dans la course au\u00a0<a href=\"http:\/\/www.lefigaro.fr\/sports\/football\/ligue-des-nations\/yamal-dembele-qui-est-devant-dans-la-course-au-ballon-d-or-20250605\" data-fig-type=\"NewsFlash\" data-gtm-custom-categorie=\"navigation\" data-gtm-custom-action=\"crossclick\" data-gtm-custom-label=\"Contextuel\" data-gtm-event=\"customEventSPE\" data-fig-domain=\"LEFIGARO\" target=\"_blank\" rel=\"noopener\">Ballon d\u2019Or<\/a>. Le retour du Bondynois aux 43 buts cette saison, synonyme de bonne nouvelle pour la Casa Blanca, titill\u00e9e par une vaillante et entreprenante Vieille Dame, notamment en premi\u00e8re p\u00e9riode.<\/p>\n<p>    Kylian Mbapp\u00e9 \u00e9coute attentivement les consignes de son nouvel entra\u00eeneur Xabi Alonso.<br \/>\n                AFP<\/p>\n<p class=\"fig-paragraph\">Les Pi\u00e9montais, emmen\u00e9s par le talentueux Turc Kenan Yildiz (20 ans) et un\u00a0<a href=\"http:\/\/www.lefigaro.fr\/sports\/football\/transferts\/chelsea-s-active-pour-kolo-muani-lyon-et-nice-sur-un-defenseur-de-manchester-city-les-5-infos-mercato-de-ce-dimanche-20250622\" data-fig-type=\"NewsFlash\" data-gtm-custom-categorie=\"navigation\" data-gtm-custom-action=\"crossclick\" data-gtm-custom-label=\"Contextuel\" data-gtm-event=\"customEventSPE\" data-fig-domain=\"LEFIGARO\" target=\"_blank\" rel=\"noopener\">Randal Kolo Muani<\/a>\u00a0percutant \u2014 qui a effleur\u00e9 l\u2019ouverture du score d\u00e8s l\u2019entame (7e) \u2014 auraient pu faire la diff\u00e9rence dans le premier acte. Au retour des vestiaires, les hommes d\u2019<a href=\"http:\/\/www.lefigaro.fr\/sports\/football\/transferts\/mercato-la-juventus-turin-confirme-son-entraineur-igor-tudor-jusqu-en-2027-20250613\" data-fig-type=\"NewsFlash\" data-gtm-custom-categorie=\"navigation\" data-gtm-custom-action=\"crossclick\" data-gtm-custom-label=\"Contextuel\" data-gtm-event=\"customEventSPE\" data-fig-domain=\"LEFIGARO\" target=\"_blank\" rel=\"noopener\">Igor Tudor<\/a>\u00a0ont laiss\u00e9 passer leur chance, malgr\u00e9 les bonnes interventions de leur gardien Michele Di Gregorio. Toujours efficaces et solides, les Madril\u00e8nes, au prochain tour, affronteront les Mexicains de Monterrey ou le Borussia Dortmund, qui croiseront le fer mercredi pour le compte du dernier huiti\u00e8me de finale de la Coupe du monde des clubs.<\/p>\n","protected":false},"excerpt":{"rendered":"Sans briller, les Merengue de Xabi Alonso ont eu raison des Turinois, ce mardi \u00e0 Miami, en huiti\u00e8me&hellip;\n","protected":false},"author":2,"featured_media":219429,"comment_status":"","ping_status":"","sticky":false,"template":"","format":"standard","meta":{"footnotes":""},"categories":[2],"tags":[11,454,69,448,83,451,64,450,449,1011,27,452,7154,6477,453,66,446,447,12,70,4790,25,455],"class_list":{"0":"post-219428","1":"post","2":"type-post","3":"status-publish","4":"format-standard","5":"has-post-thumbnail","7":"category-actualites","8":"tag-actualites","9":"tag-ballon-dor","10":"tag-bundesliga","11":"tag-champions-league","12":"tag-coupe-de-france","13":"tag-coupe-du-monde","14":"tag-equipe-de-france","15":"tag-euro","16":"tag-europa-league","17":"tag-fr","18":"tag-france","19":"tag-italie","20":"tag-juventus-turin","21":"tag-kylian-mbappe","22":"tag-liga","23":"tag-ligue-1","24":"tag-ligue-2","25":"tag-ligue-des-champions","26":"tag-news","27":"tag-premier-league","28":"tag-real-madrid","29":"tag-republique-francaise","30":"tag-uefa"},"share_on_mastodon":{"url":"https:\/\/pubeurope.com\/@fr\/114780816374480786","error":""},"_links":{"self":[{"href":"https:\/\/www.europesays.com\/fr\/wp-json\/wp\/v2\/posts\/219428","targetHints":{"allow":["GET"]}}],"collection":[{"href":"https:\/\/www.europesays.com\/fr\/wp-json\/wp\/v2\/posts"}],"about":[{"href":"https:\/\/www.europesays.com\/fr\/wp-json\/wp\/v2\/types\/post"}],"author":[{"embeddable":true,"href":"https:\/\/www.europesays.com\/fr\/wp-json\/wp\/v2\/users\/2"}],"replies":[{"embeddable":true,"href":"https:\/\/www.europesays.com\/fr\/wp-json\/wp\/v2\/comments?post=219428"}],"version-history":[{"count":0,"href":"https:\/\/www.europesays.com\/fr\/wp-json\/wp\/v2\/posts\/219428\/revisions"}],"wp:featuredmedia":[{"embeddable":true,"href":"https:\/\/www.europesays.com\/fr\/wp-json\/wp\/v2\/media\/219429"}],"wp:attachment":[{"href":"https:\/\/www.europesays.com\/fr\/wp-json\/wp\/v2\/media?parent=219428"}],"wp:term":[{"taxonomy":"category","embeddable":true,"href":"https:\/\/www.europesays.com\/fr\/wp-json\/wp\/v2\/categories?post=219428"},{"taxonomy":"post_tag","embeddable":true,"href":"https:\/\/www.europesays.com\/fr\/wp-json\/wp\/v2\/tags?post=219428"}],"curies":[{"name":"wp","href":"https:\/\/api.w.org\/{rel}","templated":true}]}}