{"id":21943,"date":"2025-04-13T10:38:07","date_gmt":"2025-04-13T10:38:07","guid":{"rendered":"https:\/\/www.europesays.com\/fr\/21943\/"},"modified":"2025-04-13T10:38:07","modified_gmt":"2025-04-13T10:38:07","slug":"violences-policieres-ou-interpellation-musclee-justifiee","status":"publish","type":"post","link":"https:\/\/www.europesays.com\/fr\/21943\/","title":{"rendered":"violences polici\u00e8res ou interpellation muscl\u00e9e justifi\u00e9e ?"},"content":{"rendered":"<p>Un homme tas\u00e9 et maintenu au sol \u00e0 Lyon : violences polici\u00e8res ou interpellation muscl\u00e9e justifi\u00e9e ? &#8211; DR Rue89Lyon<\/p>\n<p itemprop=\"description\"><strong>La place Mazagran est fid\u00e8le \u00e0 sa r\u00e9putation.<\/strong><\/p>\n<p>Haut-lieu de la consommation et de la vente de drogue \u00e0 deux pas de la place Gabriel-P\u00e9ri \u00e0 Lyon, point de rendez-vous des toxicos et des sans-papiers, elle est une \u00e9pine dans le pied des \u00e9lus et des autorit\u00e9s, qui font face \u00e0 des habitants partag\u00e9s sur les solutions \u00e0 apporter.<\/p>\n<p>Ce mercredi soir, elle a \u00e9t\u00e9 le th\u00e9\u00e2tre d&rsquo;une interpellation muscl\u00e9e de l&rsquo;un de ces jeunes hommes qui squattent les lieux. Selon <a href=\"https:\/\/www.rue89lyon.fr\/2025\/04\/11\/coup-taser-place-mazagran-violences-policieres-revelatrices-tensions-place\/?utm_medium=social\" target=\"_blank\" rel=\"nofollow noopener\">Rue89Lyon<\/a>, qui a collect\u00e9 des vid\u00e9os et des t\u00e9moignages de la sc\u00e8ne, cet habitu\u00e9 de la place Mazagran a \u00e9t\u00e9 contr\u00f4l\u00e9 par les forces de l&rsquo;ordre qui le soup\u00e7onnaient d&rsquo;\u00eatre un dealer.<\/p>\n<p>Sur les conseils d&rsquo;un ami, l&rsquo;homme souffrant de troubles psychiatriques s&rsquo;est alors mis \u00e0 crier, ameutant une partie des habitants et des squatteurs. Les policiers ont eux tent\u00e9 de le ma\u00eetriser en le plaquant au sol et utilisant un pistolet \u00e0 impulsion \u00e9lectrique.<\/p>\n<p>Sur l&rsquo;une des vid\u00e9os publi\u00e9es par nos confr\u00e8res, on voit un fonctionnaire donner des coups de poing dans la t\u00eate du suspect bloqu\u00e9 au sol.<\/p>\n<p>Violences polici\u00e8res selon des t\u00e9moins et l&rsquo;avocate de cet ancien mineur isol\u00e9, interpellation difficile compte-tenu de son comportement et de la tension exerc\u00e9e par des militants d&rsquo;ultragauche qui ont tent\u00e9 de s&rsquo;interposer selon la pr\u00e9fecture : une enqu\u00eate est en cours.<\/p>\n<p>Dans un communiqu\u00e9, le\u00a0Comit\u00e9 de lutte d\u2019initiative populaire (CLIP) &#8211; Guilloti\u00e8re fustige \u00e0 la fois le comportement des policiers mais aussi de la teneur des articles de presse sur le sujet : \u00ab\u00a0Le Progr\u00e8s s\u2019est empress\u00e9 de faire un article qui soutient la police sans expliquer pourquoi &lsquo;les militants associatifs&rsquo; se sont rapproch\u00e9s de l\u2019interpellation. Ils omettent de parler des violences que commet la police. Nous, habitants du quartiers, sommes t\u00e9moins de cette violence syst\u00e9mique et nous ne pouvons nous contenter des articles mensongers que r\u00e9dige le Progr\u00e8s\u00a0\u00bb.<\/p>\n","protected":false},"excerpt":{"rendered":"Un homme tas\u00e9 et maintenu au sol \u00e0 Lyon : violences polici\u00e8res ou interpellation muscl\u00e9e justifi\u00e9e ? &#8211;&hellip;\n","protected":false},"author":2,"featured_media":21944,"comment_status":"","ping_status":"","sticky":false,"template":"","format":"standard","meta":{"footnotes":""},"categories":[1889],"tags":[1111,11,2813,2190,2430,1109,251,1112,2811,1777,674,118,1011,27,1922,1110,1114,2428,2810,12,241,316,25,2812,517,800],"class_list":{"0":"post-21943","1":"post","2":"type-post","3":"status-publish","4":"format-standard","5":"has-post-thumbnail","7":"category-lyon","8":"tag-actu","9":"tag-actualites","10":"tag-article","11":"tag-asvel","12":"tag-auvergne-rhone-alpes","13":"tag-breves","14":"tag-culture","15":"tag-depeches","16":"tag-economique","17":"tag-eu","18":"tag-europe","19":"tag-faits-divers","20":"tag-fr","21":"tag-france","22":"tag-info","23":"tag-informations","24":"tag-infos","25":"tag-lyon","26":"tag-lyonmag","27":"tag-news","28":"tag-ol","29":"tag-politique","30":"tag-republique-francaise","31":"tag-sociale","32":"tag-sport","33":"tag-transports"},"share_on_mastodon":{"url":"https:\/\/pubeurope.com\/@fr\/114330226260629015","error":""},"_links":{"self":[{"href":"https:\/\/www.europesays.com\/fr\/wp-json\/wp\/v2\/posts\/21943","targetHints":{"allow":["GET"]}}],"collection":[{"href":"https:\/\/www.europesays.com\/fr\/wp-json\/wp\/v2\/posts"}],"about":[{"href":"https:\/\/www.europesays.com\/fr\/wp-json\/wp\/v2\/types\/post"}],"author":[{"embeddable":true,"href":"https:\/\/www.europesays.com\/fr\/wp-json\/wp\/v2\/users\/2"}],"replies":[{"embeddable":true,"href":"https:\/\/www.europesays.com\/fr\/wp-json\/wp\/v2\/comments?post=21943"}],"version-history":[{"count":0,"href":"https:\/\/www.europesays.com\/fr\/wp-json\/wp\/v2\/posts\/21943\/revisions"}],"wp:featuredmedia":[{"embeddable":true,"href":"https:\/\/www.europesays.com\/fr\/wp-json\/wp\/v2\/media\/21944"}],"wp:attachment":[{"href":"https:\/\/www.europesays.com\/fr\/wp-json\/wp\/v2\/media?parent=21943"}],"wp:term":[{"taxonomy":"category","embeddable":true,"href":"https:\/\/www.europesays.com\/fr\/wp-json\/wp\/v2\/categories?post=21943"},{"taxonomy":"post_tag","embeddable":true,"href":"https:\/\/www.europesays.com\/fr\/wp-json\/wp\/v2\/tags?post=21943"}],"curies":[{"name":"wp","href":"https:\/\/api.w.org\/{rel}","templated":true}]}}