{"id":219432,"date":"2025-07-02T00:31:12","date_gmt":"2025-07-02T00:31:12","guid":{"rendered":"https:\/\/www.europesays.com\/fr\/219432\/"},"modified":"2025-07-02T00:31:12","modified_gmt":"2025-07-02T00:31:12","slug":"tour-de-france-2025-le-parcours-et-le-profil-de-letape-4-entre-amiens-et-rouen","status":"publish","type":"post","link":"https:\/\/www.europesays.com\/fr\/219432\/","title":{"rendered":"Tour de France 2025 : le parcours et le profil de l\u2019\u00e9tape 4 entre Amiens et Rouen"},"content":{"rendered":"<p class=\"paragraph text_align_left lp-f-body-02\"><a href=\"https:\/\/www.leparisien.fr\/sports\/cyclisme\/tour-de-france\/\" target=\"_blank\" rel=\"noreferrer nofollow noopener\">Le Tour de France <\/a>ensuite la r\u00e9gion des Hauts-de-France pour rallier la Normandie avec l\u2019\u00e9tape\u202f4 et 174\u202fkm vallonn\u00e9s entre Amiens et Rouen. Le trac\u00e9 devient plus s\u00e9lectif dans les 30\u202fkm finaux avec quatre c\u00f4tes : Bonsecours (900 m \u00e0 7,2%), Grand-Mare (1,8km \u00e0 5%), Saint-Hilaire (900m \u00e0 10,6%) et une derni\u00e8re ascension courte mais raide, jusqu\u2019\u00e0 15\u202f%. Sans doute trop difficile pour le commun des sprinteurs, particuli\u00e8rement si les meilleurs puncheurs lancent les hostilit\u00e9s d\u2019assez loin.<\/p>\n<p>Amiens &gt; Rouen, 174km, accident\u00e9e<\/p>\n<p class=\"paragraph text_align_left lp-f-body-02\">D\u00e9part fictif : 13h15, arriv\u00e9e pr\u00e9visionnelle : 17h22<\/p>\n<p>Le profil<img decoding=\"async\" class=\"image \" loading=\"lazy\" src=\"https:\/\/www.europesays.com\/fr\/wp-content\/uploads\/2025\/07\/4OAE3G3GSNGEJKB3THPCGLYYNM.jpg\" alt=\"\" align=\"\" data-rubrique-principale=\"\" data-article-type=\"\" fetchpriority=\"auto\"\/>L\u2019\u0153il de Thierry Gouvenou, directeur de course<\/p>\n<p class=\"paragraph text_align_left lp-f-body-02\">\u00ab J\u2019ai parl\u00e9 de dix jours en plaine mais on a fait beaucoup d\u2019\u00e9tapes o\u00f9 les baroudeurs pourront s\u2019exprimer et l\u00e0, il ne peut pas y avoir de sprints massifs. On est all\u00e9 chercher des c\u00f4tes, \u00e0 partir du manoir de Jacques Anquetil, le final de Rouen est tr\u00e8s diff\u00e9rent des derni\u00e8res fois. Il y a la c\u00f4te de Belleboeuf, celle de Bonsecours, avec des pourcentages \u00e0 10 % et puis surtout il y a la rampe Saint-Hilaire, \u00e0 5 kilom\u00e8tres de l\u2019arriv\u00e9e, o\u00f9 l\u2019on monte \u00e0 15 %. Ce ne sera pas une arriv\u00e9e au sommet mais pour arriver dans le centre-ville, ce sera sans doute un petit groupe \u00bb.<\/p>\n","protected":false},"excerpt":{"rendered":"Le Tour de France ensuite la r\u00e9gion des Hauts-de-France pour rallier la Normandie avec l\u2019\u00e9tape\u202f4 et 174\u202fkm vallonn\u00e9s&hellip;\n","protected":false},"author":2,"featured_media":219433,"comment_status":"","ping_status":"","sticky":false,"template":"","format":"standard","meta":{"footnotes":""},"categories":[4],"tags":[11,207,1011,27,12,25,60,210],"class_list":{"0":"post-219432","1":"post","2":"type-post","3":"status-publish","4":"format-standard","5":"has-post-thumbnail","7":"category-france","8":"tag-actualites","9":"tag-cyclisme","10":"tag-fr","11":"tag-france","12":"tag-news","13":"tag-republique-francaise","14":"tag-sports","15":"tag-tour-de-france"},"share_on_mastodon":{"url":"https:\/\/pubeurope.com\/@fr\/114780824092487558","error":""},"_links":{"self":[{"href":"https:\/\/www.europesays.com\/fr\/wp-json\/wp\/v2\/posts\/219432","targetHints":{"allow":["GET"]}}],"collection":[{"href":"https:\/\/www.europesays.com\/fr\/wp-json\/wp\/v2\/posts"}],"about":[{"href":"https:\/\/www.europesays.com\/fr\/wp-json\/wp\/v2\/types\/post"}],"author":[{"embeddable":true,"href":"https:\/\/www.europesays.com\/fr\/wp-json\/wp\/v2\/users\/2"}],"replies":[{"embeddable":true,"href":"https:\/\/www.europesays.com\/fr\/wp-json\/wp\/v2\/comments?post=219432"}],"version-history":[{"count":0,"href":"https:\/\/www.europesays.com\/fr\/wp-json\/wp\/v2\/posts\/219432\/revisions"}],"wp:featuredmedia":[{"embeddable":true,"href":"https:\/\/www.europesays.com\/fr\/wp-json\/wp\/v2\/media\/219433"}],"wp:attachment":[{"href":"https:\/\/www.europesays.com\/fr\/wp-json\/wp\/v2\/media?parent=219432"}],"wp:term":[{"taxonomy":"category","embeddable":true,"href":"https:\/\/www.europesays.com\/fr\/wp-json\/wp\/v2\/categories?post=219432"},{"taxonomy":"post_tag","embeddable":true,"href":"https:\/\/www.europesays.com\/fr\/wp-json\/wp\/v2\/tags?post=219432"}],"curies":[{"name":"wp","href":"https:\/\/api.w.org\/{rel}","templated":true}]}}