{"id":219434,"date":"2025-07-02T00:33:11","date_gmt":"2025-07-02T00:33:11","guid":{"rendered":"https:\/\/www.europesays.com\/fr\/219434\/"},"modified":"2025-07-02T00:33:11","modified_gmt":"2025-07-02T00:33:11","slug":"beach-volley-le-senegal-affrontera-le-mozambique-au-second-tour","status":"publish","type":"post","link":"https:\/\/www.europesays.com\/fr\/219434\/","title":{"rendered":"Beach-volley : Le S\u00e9n\u00e9gal affrontera le Mozambique au second tour !"},"content":{"rendered":"<p>Le S\u00e9n\u00e9gal fera face au Mozambique pour le second tour de la Continental Cup de Beach-volley. Les prochains adversaires des Lions ont domin\u00e9 la Guin\u00e9e-Bissau sur le score de 2 \u00e0 0.<\/p>\n<p>Le S\u00e9n\u00e9gal connait d\u00e9sormais son adversaire pour les huiti\u00e8mes de finale de la Continental Cup de Beach-volley qui se tient au Maroc pr\u00e9sentement. Les Lions ont h\u00e9rit\u00e9 du Mozambique, vainqueur de la Guin\u00e9e-Bissau ce vendredi. Le match se jouera, ce soir \u00e0 partir de 18H, heure locale.<\/p>\n<p>Pour rappel, le S\u00e9n\u00e9gal r\u00e9ussi le carton en phase de poule en enchainant deux victoires (2-0) contre le Rwanda et la Gambie dans le groupe E.<\/p>\n<p>\u00a0<\/p>\n<p>wiwsport.com<\/p>\n","protected":false},"excerpt":{"rendered":"Le S\u00e9n\u00e9gal fera face au Mozambique pour le second tour de la Continental Cup de Beach-volley. Les prochains&hellip;\n","protected":false},"author":2,"featured_media":210426,"comment_status":"","ping_status":"","sticky":false,"template":"","format":"standard","meta":{"footnotes":""},"categories":[1417],"tags":[1011,27,60,1470,1469],"class_list":{"0":"post-219434","1":"post","2":"type-post","3":"status-publish","4":"format-standard","5":"has-post-thumbnail","7":"category-volley","8":"tag-fr","9":"tag-france","10":"tag-sports","11":"tag-volley","12":"tag-volleyball"},"share_on_mastodon":{"url":"https:\/\/pubeurope.com\/@fr\/114780831942449576","error":""},"_links":{"self":[{"href":"https:\/\/www.europesays.com\/fr\/wp-json\/wp\/v2\/posts\/219434","targetHints":{"allow":["GET"]}}],"collection":[{"href":"https:\/\/www.europesays.com\/fr\/wp-json\/wp\/v2\/posts"}],"about":[{"href":"https:\/\/www.europesays.com\/fr\/wp-json\/wp\/v2\/types\/post"}],"author":[{"embeddable":true,"href":"https:\/\/www.europesays.com\/fr\/wp-json\/wp\/v2\/users\/2"}],"replies":[{"embeddable":true,"href":"https:\/\/www.europesays.com\/fr\/wp-json\/wp\/v2\/comments?post=219434"}],"version-history":[{"count":0,"href":"https:\/\/www.europesays.com\/fr\/wp-json\/wp\/v2\/posts\/219434\/revisions"}],"wp:featuredmedia":[{"embeddable":true,"href":"https:\/\/www.europesays.com\/fr\/wp-json\/wp\/v2\/media\/210426"}],"wp:attachment":[{"href":"https:\/\/www.europesays.com\/fr\/wp-json\/wp\/v2\/media?parent=219434"}],"wp:term":[{"taxonomy":"category","embeddable":true,"href":"https:\/\/www.europesays.com\/fr\/wp-json\/wp\/v2\/categories?post=219434"},{"taxonomy":"post_tag","embeddable":true,"href":"https:\/\/www.europesays.com\/fr\/wp-json\/wp\/v2\/tags?post=219434"}],"curies":[{"name":"wp","href":"https:\/\/api.w.org\/{rel}","templated":true}]}}