{"id":219437,"date":"2025-07-02T00:35:10","date_gmt":"2025-07-02T00:35:10","guid":{"rendered":"https:\/\/www.europesays.com\/fr\/219437\/"},"modified":"2025-07-02T00:35:10","modified_gmt":"2025-07-02T00:35:10","slug":"un-temps-bouscule-djokovic-sen-sort-face-au-francais-muller","status":"publish","type":"post","link":"https:\/\/www.europesays.com\/fr\/219437\/","title":{"rendered":"un temps bouscul\u00e9, Djokovic s\u2019en sort face au Fran\u00e7ais M\u00fcller"},"content":{"rendered":"<p>Sur courant alternatif, Novak Djokovic a finalement domin\u00e9 Alexandre M\u00fcller en quatre sets, sur le Centre Court, avant le couvre-feu de la nuit.<\/p>\n<p class=\"fig-paragraph\">La marche \u00e9tait trop haute pour Alexandre M\u00fcller. Valeureux, le Fran\u00e7ais, 41e joueur mondial, a fini par c\u00e9der face \u00e0\u00a0<a href=\"http:\/\/www.lefigaro.fr\/sports\/tennis\/wimbledon\/djokovic-peut-il-encore-reverdir-sur-le-gazon-de-wimbledon-20250629\" target=\"_blank\" data-fig-type=\"Article\" rel=\"noopener nofollow\" data-gtm-custom-categorie=\"navigation\" data-gtm-custom-action=\"crossclick\" data-gtm-custom-label=\"Contextuel\" data-gtm-event=\"customEventSPE\" data-fig-domain=\"LEFIGARO\">Novak Djokovic<\/a>\u00a0en quatre sets (1-6, 7-6, 2-6, 2-6), ce mardi au 1er tour de Wimbledon.<\/p>\n<p class=\"fig-paragraph\">Le Serbe de 38 ans a fait le travail sur le Central, malgr\u00e9 la perte du deuxi\u00e8me set au tie-break (6-1, 6-7 (7\/9), 6-2, 6-2), bouclant les trois heures et dix-neuf minutes de match sur un service gagnant. Le finaliste des six derni\u00e8res \u00e9ditions (4 victoires puis 2 d\u00e9faites) sur le gazon londonien poursuivra sa mission jeudi au deuxi\u00e8me tour contre le Britannique Dan Evans, 154e mondial \u00e0 35 ans.<\/p>\n<p>\u00c0 la conqu\u00eate d\u2019un 25e Grand Chelem<\/p>\n<p class=\"fig-paragraph\">Avec un 25e titre en Grand Chelem, Djokovic d\u00e9passerait l\u2019Australienne Margaret Court, laur\u00e9ate de 24 troph\u00e9es majeurs en simple (dont 13 avant le d\u00e9but de l\u2019\u00e8re Open en 1968). \u00abJe ne serais pas ici si je ne pensais pas avoir une chance\u00bb, en a rigol\u00e9 l\u2019actuel N.6 mondial dans son entretien d\u2019apr\u00e8s-match sur le court.<\/p>\n","protected":false},"excerpt":{"rendered":"Sur courant alternatif, Novak Djokovic a finalement domin\u00e9 Alexandre M\u00fcller en quatre sets, sur le Centre Court, avant&hellip;\n","protected":false},"author":2,"featured_media":219438,"comment_status":"","ping_status":"","sticky":false,"template":"","format":"standard","meta":{"footnotes":""},"categories":[1415],"tags":[47,4169,105,2199,1011,27,25011,1114,35225,1960,6433,1980,60,1467,4173,4170],"class_list":{"0":"post-219437","1":"post","2":"type-post","3":"status-publish","4":"format-standard","5":"has-post-thumbnail","7":"category-tennis","8":"tag-actualite","9":"tag-atp","10":"tag-djokovic","11":"tag-federer","12":"tag-fr","13":"tag-france","14":"tag-grand-chelem","15":"tag-infos","16":"tag-murray","17":"tag-nadal","18":"tag-novak-djokovic","19":"tag-resultats","20":"tag-sports","21":"tag-tennis","22":"tag-wimbledon","23":"tag-wta"},"share_on_mastodon":{"url":"https:\/\/pubeurope.com\/@fr\/114780839763895960","error":""},"_links":{"self":[{"href":"https:\/\/www.europesays.com\/fr\/wp-json\/wp\/v2\/posts\/219437","targetHints":{"allow":["GET"]}}],"collection":[{"href":"https:\/\/www.europesays.com\/fr\/wp-json\/wp\/v2\/posts"}],"about":[{"href":"https:\/\/www.europesays.com\/fr\/wp-json\/wp\/v2\/types\/post"}],"author":[{"embeddable":true,"href":"https:\/\/www.europesays.com\/fr\/wp-json\/wp\/v2\/users\/2"}],"replies":[{"embeddable":true,"href":"https:\/\/www.europesays.com\/fr\/wp-json\/wp\/v2\/comments?post=219437"}],"version-history":[{"count":0,"href":"https:\/\/www.europesays.com\/fr\/wp-json\/wp\/v2\/posts\/219437\/revisions"}],"wp:featuredmedia":[{"embeddable":true,"href":"https:\/\/www.europesays.com\/fr\/wp-json\/wp\/v2\/media\/219438"}],"wp:attachment":[{"href":"https:\/\/www.europesays.com\/fr\/wp-json\/wp\/v2\/media?parent=219437"}],"wp:term":[{"taxonomy":"category","embeddable":true,"href":"https:\/\/www.europesays.com\/fr\/wp-json\/wp\/v2\/categories?post=219437"},{"taxonomy":"post_tag","embeddable":true,"href":"https:\/\/www.europesays.com\/fr\/wp-json\/wp\/v2\/tags?post=219437"}],"curies":[{"name":"wp","href":"https:\/\/api.w.org\/{rel}","templated":true}]}}