{"id":219441,"date":"2025-07-02T00:38:21","date_gmt":"2025-07-02T00:38:21","guid":{"rendered":"https:\/\/www.europesays.com\/fr\/219441\/"},"modified":"2025-07-02T00:38:21","modified_gmt":"2025-07-02T00:38:21","slug":"le-grand-prix-dautriche-joue-les-prolongations-jusquen-2041","status":"publish","type":"post","link":"https:\/\/www.europesays.com\/fr\/219441\/","title":{"rendered":"Le Grand Prix d&rsquo;Autriche joue les prolongations jusqu&rsquo;en 2041"},"content":{"rendered":"<p itemprop=\"description\">Apr\u00e8s une \u00e9dition tr\u00e8s r\u00e9ussie le<br \/>\nweek-end dernier, la manche autrichienne du championnat du monde a<br \/>\nassur\u00e9 son avenir \u00e0 long terme en s&rsquo;installant ainsi parmi les<br \/>\ngrandes classiques europ\u00e9ennes.<\/p>\n<p data-start=\"0\" data-end=\"356\">La Formule 1 a confirm\u00e9 que le<br \/>\nGrand Prix d&rsquo;Autriche restera au calendrier du championnat jusqu&rsquo;en<br \/>\n2041, gr\u00e2ce \u00e0 une prolongation de contrat historique avec le<br \/>\npromoteur Projekt Spielberg<br \/>\nGmbH &amp; Co KG.<\/p>\n<p data-start=\"0\" data-end=\"356\">Cet accord garantit la place du<br \/>\ncircuit du Red Bull Ring pendant encore 17 ans, renfor\u00e7ant son<br \/>\nstatut de course embl\u00e9matique du championnat.<\/p>\n<p>Un site historique<\/p>\n<p data-start=\"358\" data-end=\"729\">Le Grand Prix d\u2019Autriche, apparu<br \/>\npour la premi\u00e8re fois en 1964 sur l&rsquo;a\u00e9rodrome militaire de Zeltweg,<br \/>\na \u00e9t\u00e9 organis\u00e9 37 fois, principalement sur le trac\u00e9 de<br \/>\nl&rsquo;Oestreichring, r\u00e9put\u00e9 pour ses d\u00e9nivel\u00e9s, ses longues lignes<br \/>\ndroite et ses virages rapides.<\/p>\n<p data-start=\"358\" data-end=\"729\">Devenu A1 Ring en \u00e9tant<br \/>\nraccourci, il fut supprim\u00e9 du calendrier en 2004 pour faire son<br \/>\nretour en 2014 gr\u00e2ce aux investissements du cofondateur de Red<br \/>\nBull, Dietrich Mateschitz, qui avait modernis\u00e9 le site.<\/p>\n<p data-start=\"811\" data-end=\"948\">Le pr\u00e9sident de la F1, Stefano<br \/>\nDomenicali, a salu\u00e9 cette prolongation, soulignant l\u2019importance<br \/>\n\u00e9motionnelle et historique du lieu, patrie de Jochen Rindt et de<br \/>\nNiki Lauda.<\/p>\n<p data-start=\"811\" data-end=\"948\">\u201cL\u2019Autriche a toujours \u00e9t\u00e9<br \/>\nune course tr\u00e8s sp\u00e9ciale pour la Formule 1, il est donc fantastique<br \/>\nque nous ayons assur\u00e9 l\u2019avenir \u00e0 long terme d\u2019un Grand Prix si<br \/>\nprofond\u00e9ment enracin\u00e9 dans l\u2019histoire de notre sport, a-t-il<br \/>\nd\u00e9clar\u00e9. Chaque ann\u00e9e, revenir dans les montagnes de Styrie est<br \/>\nun moment fort, une exp\u00e9rience qui suscite une \u00e9motion incroyable<br \/>\nchez nos pilotes, nos \u00e9quipes et nos fans, cr\u00e9ant une atmosph\u00e8re<br \/>\nunique.\u201d<\/p>\n<p>L&rsquo;h\u00e9ritage Mateschitz<\/p>\n<p>\u201cJe suis ravi que la Formule 1 reste au Red Bull Ring pour<br \/>\nde nombreuses ann\u00e9es, confie Mark Mateschitz, le fils du<br \/>\ncr\u00e9ateur de Red Bull. Je suis fier de poursuivre l\u2019h\u00e9ritage de<br \/>\nmon p\u00e8re et de pr\u00e9server l\u2019histoire du sport automobile en Styrie<br \/>\navec et surtout pour les habitants de la r\u00e9gion.\u201d<\/p>\n<p data-start=\"1860\" data-end=\"1966\">\u201cCet engagement \u00e0 long<br \/>\nterme est un immense honneur et un formidable d\u00e9fi que nous sommes<br \/>\nheureux de relever au nom des fans de la r\u00e9gion du Murtal,<br \/>\nsouligne Thomas \u00dcberall, directeur g\u00e9n\u00e9ral du Red Bull Ring. Il<br \/>\nentra\u00eenera de nouveaux investissements dans les infrastructures et<br \/>\nrepr\u00e9sentera une grande valeur ajout\u00e9e pour la Styrie et<br \/>\nl\u2019Autriche.\u201d<\/p>\n<p data-start=\"2262\" data-end=\"2503\" data-is-last-node=\"\" data-is-only-node=\"\">Cette prolongation s\u00e9curise donc l\u2019avenir du<br \/>\nGrand Prix d\u2019Autriche dans un contexte de concurrence f\u00e9roce entre<br \/>\ncircuits europ\u00e9ens pour rester au calendrier, et confirme la<br \/>\nvolont\u00e9 de la F1 de conserver ses racines historiques tout en<br \/>\nregardant vers l\u2019avenir. Cette manche \u00ab\u00a0germanique\u00a0\u00bb (\u00e0 d\u00e9faut de<br \/>\nGrand Prix d&rsquo;Allemagne) est tr\u00e8s populaire et assure une pr\u00e9sence<br \/>\nforte dans cette zone g\u00e9ographique.<\/p>\n","protected":false},"excerpt":{"rendered":"Apr\u00e8s une \u00e9dition tr\u00e8s r\u00e9ussie le week-end dernier, la manche autrichienne du championnat du monde a assur\u00e9 son&hellip;\n","protected":false},"author":2,"featured_media":219442,"comment_status":"","ping_status":"","sticky":false,"template":"","format":"standard","meta":{"footnotes":""},"categories":[1412],"tags":[13989,525,1451,1452,1453,1454,1455,1011,27,60],"class_list":{"0":"post-219441","1":"post","2":"type-post","3":"status-publish","4":"format-standard","5":"has-post-thumbnail","7":"category-f1","8":"tag-autriche","9":"tag-calendrier","10":"tag-f1","11":"tag-formula-1","12":"tag-formula1","13":"tag-formule-1","14":"tag-formule1","15":"tag-fr","16":"tag-france","17":"tag-sports"},"share_on_mastodon":{"url":"https:\/\/pubeurope.com\/@fr\/114780851636622815","error":""},"_links":{"self":[{"href":"https:\/\/www.europesays.com\/fr\/wp-json\/wp\/v2\/posts\/219441","targetHints":{"allow":["GET"]}}],"collection":[{"href":"https:\/\/www.europesays.com\/fr\/wp-json\/wp\/v2\/posts"}],"about":[{"href":"https:\/\/www.europesays.com\/fr\/wp-json\/wp\/v2\/types\/post"}],"author":[{"embeddable":true,"href":"https:\/\/www.europesays.com\/fr\/wp-json\/wp\/v2\/users\/2"}],"replies":[{"embeddable":true,"href":"https:\/\/www.europesays.com\/fr\/wp-json\/wp\/v2\/comments?post=219441"}],"version-history":[{"count":0,"href":"https:\/\/www.europesays.com\/fr\/wp-json\/wp\/v2\/posts\/219441\/revisions"}],"wp:featuredmedia":[{"embeddable":true,"href":"https:\/\/www.europesays.com\/fr\/wp-json\/wp\/v2\/media\/219442"}],"wp:attachment":[{"href":"https:\/\/www.europesays.com\/fr\/wp-json\/wp\/v2\/media?parent=219441"}],"wp:term":[{"taxonomy":"category","embeddable":true,"href":"https:\/\/www.europesays.com\/fr\/wp-json\/wp\/v2\/categories?post=219441"},{"taxonomy":"post_tag","embeddable":true,"href":"https:\/\/www.europesays.com\/fr\/wp-json\/wp\/v2\/tags?post=219441"}],"curies":[{"name":"wp","href":"https:\/\/api.w.org\/{rel}","templated":true}]}}