{"id":219443,"date":"2025-07-02T00:39:15","date_gmt":"2025-07-02T00:39:15","guid":{"rendered":"https:\/\/www.europesays.com\/fr\/219443\/"},"modified":"2025-07-02T00:39:15","modified_gmt":"2025-07-02T00:39:15","slug":"cyclisme-championnats-de-france-les-championnats-de-france-de-vtt-2025-du-3-au-6-juin","status":"publish","type":"post","link":"https:\/\/www.europesays.com\/fr\/219443\/","title":{"rendered":"Cyclisme. Championnats de France &#8211; Les Championnats de France de VTT 2025, du 3 au 6 juin"},"content":{"rendered":"<p>Du 3 au 6 juillet, Puy-Saint-Vincent, dans les Hautes-Alpes, sera le th\u00e9\u00e2tre des <strong>Championnats de France de VTT<\/strong>. Nich\u00e9e entre 1400 et 2700 m\u00e8tres d\u2019altitude, en plein c\u0153ur du massif des \u00c9crins, la station offre un terrain id\u00e9al, entre cr\u00eates, for\u00eats de m\u00e9l\u00e8zes et sentiers sp\u00e9cialement am\u00e9nag\u00e9s. Le circuit <strong>XCO <\/strong>d\u00e9veloppera 3 km pour 174 m de d\u00e9nivel\u00e9 positif, avec un d\u00e9part et une arriv\u00e9e en plein centre de la station, au c\u0153ur de l\u2019ambiance et des terrasses. Une longue mont\u00e9e devrait servir de point cl\u00e9 du parcours, attirant \u00e0 coup s\u00fbr le public.<\/p>\n<p>Vid\u00e9o &#8211; Victor Koretzky, m\u00e9daill\u00e9 d&rsquo;argent aux JO de Paris en VTT Lire la suite de l&rsquo;article&#13;<\/p>\n<p>\u00a0<\/p>\n<p>&#13;<br \/>\nKoretzky, Azzaro, Lecomte&#8230; du beau monde au d\u00e9part&#13;<\/p>\n<p>Apr\u00e8s une journ\u00e9e d\u2019entra\u00eenement le jeudi, les comp\u00e9titions d\u00e9buteront vendredi avec le relais des comit\u00e9s r\u00e9gionaux, suivi des courses <strong>XCC <\/strong>\u00e9lite. Le week-end sera rythm\u00e9 par les \u00e9preuves Masters, jeunes et \u00e9lites, avec un grand final le dimanche.<\/p>\n<p>&#13;<\/p>\n<p>C\u00f4t\u00e9 favoris, l\u2019absence probable de <strong>Jordan Sarrou<\/strong> laisse la voie libre \u00e0 <strong>Victor Koretzky<\/strong> ou <strong>Mathis Azzaro <\/strong>chez les hommes. <strong>Loana Lecomte<\/strong> reste la grande favorite chez les femmes, tandis que <strong>Luca Martin <\/strong>et <strong>Olivia Onesti<\/strong> devraient dominer en U23. Chez les juniors filles, la bataille promet d\u2019\u00eatre ouverte entre <strong>Lise Revol<\/strong> et ses principales rivales.<\/p>\n","protected":false},"excerpt":{"rendered":"Du 3 au 6 juillet, Puy-Saint-Vincent, dans les Hautes-Alpes, sera le th\u00e9\u00e2tre des Championnats de France de VTT.&hellip;\n","protected":false},"author":2,"featured_media":219444,"comment_status":"","ping_status":"","sticky":false,"template":"","format":"standard","meta":{"footnotes":""},"categories":[1411],"tags":[3714,1154,207,211,1011,27,209,60,210,212,208,213],"class_list":{"0":"post-219443","1":"post","2":"type-post","3":"status-publish","4":"format-standard","5":"has-post-thumbnail","7":"category-cyclisme","8":"tag-championnats-de-france","9":"tag-cycling","10":"tag-cyclisme","11":"tag-ffc","12":"tag-fr","13":"tag-france","14":"tag-route","15":"tag-sports","16":"tag-tour-de-france","17":"tag-uci","18":"tag-velo","19":"tag-world-tour"},"share_on_mastodon":{"url":"https:\/\/pubeurope.com\/@fr\/114780855575037259","error":""},"_links":{"self":[{"href":"https:\/\/www.europesays.com\/fr\/wp-json\/wp\/v2\/posts\/219443","targetHints":{"allow":["GET"]}}],"collection":[{"href":"https:\/\/www.europesays.com\/fr\/wp-json\/wp\/v2\/posts"}],"about":[{"href":"https:\/\/www.europesays.com\/fr\/wp-json\/wp\/v2\/types\/post"}],"author":[{"embeddable":true,"href":"https:\/\/www.europesays.com\/fr\/wp-json\/wp\/v2\/users\/2"}],"replies":[{"embeddable":true,"href":"https:\/\/www.europesays.com\/fr\/wp-json\/wp\/v2\/comments?post=219443"}],"version-history":[{"count":0,"href":"https:\/\/www.europesays.com\/fr\/wp-json\/wp\/v2\/posts\/219443\/revisions"}],"wp:featuredmedia":[{"embeddable":true,"href":"https:\/\/www.europesays.com\/fr\/wp-json\/wp\/v2\/media\/219444"}],"wp:attachment":[{"href":"https:\/\/www.europesays.com\/fr\/wp-json\/wp\/v2\/media?parent=219443"}],"wp:term":[{"taxonomy":"category","embeddable":true,"href":"https:\/\/www.europesays.com\/fr\/wp-json\/wp\/v2\/categories?post=219443"},{"taxonomy":"post_tag","embeddable":true,"href":"https:\/\/www.europesays.com\/fr\/wp-json\/wp\/v2\/tags?post=219443"}],"curies":[{"name":"wp","href":"https:\/\/api.w.org\/{rel}","templated":true}]}}