{"id":219447,"date":"2025-07-02T00:41:14","date_gmt":"2025-07-02T00:41:14","guid":{"rendered":"https:\/\/www.europesays.com\/fr\/219447\/"},"modified":"2025-07-02T00:41:14","modified_gmt":"2025-07-02T00:41:14","slug":"elie-chouraqui-renonce-a-faire-appel-dans-laffaire-des-dix-commandements-qui-loppose-a-pascal-obispo-son-avocat-devoile-la-raison","status":"publish","type":"post","link":"https:\/\/www.europesays.com\/fr\/219447\/","title":{"rendered":"\u00c9lie Chouraqui renonce \u00e0 faire appel dans l&rsquo;affaire des Dix commandements qui l&rsquo;oppose \u00e0 Pascal Obispo, son avocat d\u00e9voile la raison"},"content":{"rendered":"<p>Ce mardi 1er juillet, l&rsquo;avocat d&rsquo;\u00c9lie Chouraqui a annonc\u00e9 que son client avait tout r\u00e9cemment renonc\u00e9 \u00e0 faire appel dans l&rsquo;affaire des Dix commandements qui l&rsquo;oppose \u00e0 Pascal Obispo depuis pr\u00e8s de deux ans. <\/p>\n<p>Le retour des Dix commandements n&rsquo;a pas fait que des heureux. Si les nostalgiques \u00e9taient contents de d\u00e9couvrir une nouvelle mouture &#8211; sous-titr\u00e9e L&rsquo;envie d&rsquo;aimer &#8211;  de <a href=\"https:\/\/www.programme-tv.net\/news\/musique\/374525-on-etait-completement-inconscients-dove-attia-cash-sur-la-folle-production-de-la-comedie-musicale-les-dix-commandements\/\" data-api-deeplink=\"teleloisirs:\/\/news\/374525\" target=\"_blank\" rel=\"noopener\">la com\u00e9die musicale phare des ann\u00e9es 2000<\/a>, cette id\u00e9e port\u00e9e par Pascal Obispo froisse son ex-collaborateur \u00c9lie Chouraqui. Si bien qu&rsquo;\u00e0 l&rsquo;annonce de la production de ce spectacle in\u00e9dit mais librement inspir\u00e9 de l&rsquo;ancien, <a href=\"https:\/\/www.programme-tv.net\/news\/tv\/337189-cest-degueulse-elie-chouraqui-furieux-contre-pascal-obispo-il-annonce-avoir-porte-plainte-contre-le-retour-des-dix-commandements\/\" data-api-deeplink=\"teleloisirs:\/\/news\/337189\" target=\"_blank\" rel=\"noopener\">le metteur en sc\u00e8ne de la version originale a port\u00e9 plainte <\/a>pour \u00ab\u00a0contrefa\u00e7on\u00a0\u00bb, \u00ab\u00a0parasitisme\u00a0\u00bb et \u00ab\u00a0concurrence d\u00e9loyale\u00a0\u00bb en 2023.<\/p>\n<p>Les Dix commandements : \u00c9lie Chouraqui d\u00e9bout\u00e9 apr\u00e8s avoir port\u00e9 plainte contre Pascal Obispo<\/p>\n<p>Apr\u00e8s avoir saisi la justice, \u00c9lie Chouraqui s&rsquo;est rendu dans l&rsquo;\u00e9mission Le 20h de Ruquier sur <a href=\"https:\/\/www.bfmtv.com\/people\/les-dix-commandements-elie-chouraqui-renonce-a-faire-appel-dans-l-affaire-qui-l-oppose-a-pascal-obispo_AN-202507010624.html?at_brand=BFMTV&amp;at_compte=BFMTV&amp;at_plateforme=twitter&amp;at_campaign=Fan_pages&amp;at_medium=Community_Management\" target=\"_blank\" rel=\"noopener\">BFMTV<\/a> en arguant \u00eatre en rage contre Pascal Obispo qui \u00ab\u00a0ab\u00eeme son spectacle\u00a0\u00bb. Il demandait alors l&rsquo;annulation de ce show et 352 000 euros de dommages et int\u00e9r\u00eats. Mais le cin\u00e9aste n&rsquo;a pas obtenu gain de cause,<a href=\"https:\/\/www.programme-tv.net\/news\/musique\/345943-les-10-commandements-la-justice-a-tranche-dans-laffaire-qui-opposait-elie-chouraqui-et-pascal-obispo\/\" data-api-deeplink=\"teleloisirs:\/\/news\/345943\" target=\"_blank\" rel=\"noopener\"> la justice ayant donn\u00e9 raison au chanteur<\/a> et d\u00e9bout\u00e9 en premi\u00e8re instance le metteur en sc\u00e8ne. Ce dernier a d&rsquo;ailleurs \u00e9t\u00e9 \u00ab\u00a0condamn\u00e9 \u00e0 verser 10 000 euros pour <a href=\"https:\/\/www.programme-tv.net\/news\/tv\/337349-ca-me-met-en-rage-elie-chouraqui-en-remet-une-couche-sur-les-dix-commandements-et-tacle-a-nouveau-pascal-obispo\/\" data-api-deeplink=\"teleloisirs:\/\/news\/337349\" target=\"_blank\" rel=\"noopener\">avoir d\u00e9nigr\u00e9 le projet dans la presse<\/a> et 25 000 euros de frais de justice\u00a0\u00bb, souligne <a href=\"https:\/\/www.linforme.com\/medias-culture\/article\/les-dix-commandements-elie-chouraqui-jette-l-eponge-face-a-pascal-obispo_3002.html\" target=\"_blank\" rel=\"noopener\">L\u2019Inform\u00e9<\/a> ce 1er juillet 2025. Contrari\u00e9, le principal concern\u00e9 avait aussit\u00f4t fait appel. Nos confr\u00e8res indiquent pourtant que la Cour a annul\u00e9 cette d\u00e9cision d\u2019Elie Chouraqui pour raisons de forme le 9 avril 2025, car il semblerait que le sc\u00e9nariste se soit r\u00e9tract\u00e9.<\/p>\n<p>                        Pourquoi \u00c9lie Chouraqui a finalement renonc\u00e9 \u00e0 faire appel dans l&rsquo;affaire qui l&rsquo;oppose depuis pr\u00e8s de deux ans \u00e0 Pascal Obispo ?<\/p>\n<p>\u00ab\u00a0<b>C\u2019est un d\u00e9sistement, nous avons renonc\u00e9 \u00e0 l\u2019appel<\/b>\u00ab\u00a0, a pr\u00e9cis\u00e9 Me Charles Morel, l\u2019avocat d&rsquo;Elie Chouraqui au journal d&rsquo;investigation ce mardi. Malgr\u00e9 toutes ses d\u00e9clarations, l&rsquo;homme de 74 ans a pr\u00e9f\u00e9r\u00e9 cl\u00f4turer le sujet. \u00ab\u00a0Il n\u2019a pas souhait\u00e9 poursuivre, il voulait passer \u00e0 autre chose\u00a0\u00bb, a justifi\u00e9 son repr\u00e9sentant. Il faut dire que la <a href=\"https:\/\/www.programme-tv.net\/news\/musique\/337276-exclu-cest-un-nouveau-spectacle-pascal-obispo-sexplique-sur-la-comedie-musicale-des-dix-commandements-2024\/\" data-api-deeplink=\"teleloisirs:\/\/news\/337276\" target=\"_blank\" rel=\"noopener\">tourn\u00e9e<\/a> de Dix commandements &#8211; L&rsquo;envie d&rsquo;aimer est (d\u00e9j\u00e0) termin\u00e9e avec une 110e date ultime \u00e0 Lille le samedi 31 mai dernier et plus de 200 000 spectateurs \u00e0 travers la France en un an de repr\u00e9sentations.<\/p>\n","protected":false},"excerpt":{"rendered":"Ce mardi 1er juillet, l&rsquo;avocat d&rsquo;\u00c9lie Chouraqui a annonc\u00e9 que son client avait tout r\u00e9cemment renonc\u00e9 \u00e0 faire&hellip;\n","protected":false},"author":2,"featured_media":219448,"comment_status":"","ping_status":"","sticky":false,"template":"","format":"standard","meta":{"footnotes":""},"categories":[1359],"tags":[244,35859,58,35860,59,1011,27,35858,17603,973,1630],"class_list":{"0":"post-219447","1":"post","2":"type-post","3":"status-publish","4":"format-standard","5":"has-post-thumbnail","7":"category-people","8":"tag-commentaire","9":"tag-comu00e9die-musicale","10":"tag-divertissement","11":"tag-elie-chouraqui","12":"tag-entertainment","13":"tag-fr","14":"tag-france","15":"tag-les-dix-commandements","16":"tag-pascal-obispo","17":"tag-people","18":"tag-zapping"},"share_on_mastodon":{"url":"https:\/\/pubeurope.com\/@fr\/114780863458704007","error":""},"_links":{"self":[{"href":"https:\/\/www.europesays.com\/fr\/wp-json\/wp\/v2\/posts\/219447","targetHints":{"allow":["GET"]}}],"collection":[{"href":"https:\/\/www.europesays.com\/fr\/wp-json\/wp\/v2\/posts"}],"about":[{"href":"https:\/\/www.europesays.com\/fr\/wp-json\/wp\/v2\/types\/post"}],"author":[{"embeddable":true,"href":"https:\/\/www.europesays.com\/fr\/wp-json\/wp\/v2\/users\/2"}],"replies":[{"embeddable":true,"href":"https:\/\/www.europesays.com\/fr\/wp-json\/wp\/v2\/comments?post=219447"}],"version-history":[{"count":0,"href":"https:\/\/www.europesays.com\/fr\/wp-json\/wp\/v2\/posts\/219447\/revisions"}],"wp:featuredmedia":[{"embeddable":true,"href":"https:\/\/www.europesays.com\/fr\/wp-json\/wp\/v2\/media\/219448"}],"wp:attachment":[{"href":"https:\/\/www.europesays.com\/fr\/wp-json\/wp\/v2\/media?parent=219447"}],"wp:term":[{"taxonomy":"category","embeddable":true,"href":"https:\/\/www.europesays.com\/fr\/wp-json\/wp\/v2\/categories?post=219447"},{"taxonomy":"post_tag","embeddable":true,"href":"https:\/\/www.europesays.com\/fr\/wp-json\/wp\/v2\/tags?post=219447"}],"curies":[{"name":"wp","href":"https:\/\/api.w.org\/{rel}","templated":true}]}}