{"id":219449,"date":"2025-07-02T00:42:08","date_gmt":"2025-07-02T00:42:08","guid":{"rendered":"https:\/\/www.europesays.com\/fr\/219449\/"},"modified":"2025-07-02T00:42:08","modified_gmt":"2025-07-02T00:42:08","slug":"le-verre-a-de-lavenir-ces-archis-defendent-la-mezzanine-suffocante-de-la-gare-de-nantes-ouest-france","status":"publish","type":"post","link":"https:\/\/www.europesays.com\/fr\/219449\/","title":{"rendered":"\u00ab Le verre a de l\u2019avenir \u00bb : ces archis d\u00e9fendent la mezzanine suffocante de la gare de Nantes &#8211; Ouest-France"},"content":{"rendered":"<ol>\n<li><a href=\"https:\/\/news.google.com\/rss\/articles\/CBMi_gFBVV95cUxOU0h2X2lsdFI0TFZaZlROSTVJTHFPamhPdlA4anZ5QVV2Wm55TGpzV2VTdng4TndDaVJGWVQ3eTJiYmhFTmFBTUVlZDVEWW83OVJiR3NOTzZmQzR4VC1HOEM1OHQwMXdlWTZ1VjJhUWw4R0dmSzFtM1lRRUltVjJSZG1KcHhGVUo5RmEwZmNiQkp1XzlaQ214TzhGb2lSa2F6cXlSWVUtY01TSm40ajdBTU15RW1fZFYyNWVLOWZUTjFfZWNCVkhmOF9RaUdTdF8yNlRaQkZ4ckltc2doRGdkWDNyUFVvb21CaHRKMGxsWjJrSEVDVlNqZHEwNjExUQ?oc=5\" target=\"_blank\" rel=\"nofollow noopener\">\u00ab Le verre a de l\u2019avenir \u00bb : ces archis d\u00e9fendent la mezzanine suffocante de la gare de Nantes<\/a>&nbsp;&nbsp;Ouest-France<\/li>\n<li><a href=\"https:\/\/news.google.com\/rss\/articles\/CBMixAFBVV95cUxQeGlNd0o2U3BCeEIzczBRTDF1bzVxNEwyc0hDblBiQkF0aFUtbWxnUkFmT0NVbzBuSjFRTGRxazVsTHVCcXNEazdWTXdnUzhJdkxtZEJiNWJLcDZ6TE9WbS1kb3YySlk0MDJ6VXhkblB0Tl9fcWVKREVMZk9HVGJrTEcwUHpKUWNSWGpyZm5aaE9UMDc1S0RlVmRCeW12bklTWWo4bDd4Ny1PRG9UczBYMDNjNDZxZjlHTUh6V0puMncwSnpN?oc=5\" target=\"_blank\" rel=\"nofollow noopener\">Tout juste refaite, la gare de Nantes s\u2019av\u00e8re \u00eatre une fournaise en p\u00e9riode de canicule<\/a>&nbsp;&nbsp;Le Figaro<\/li>\n<li><a href=\"https:\/\/news.google.com\/rss\/articles\/CBMi6wFBVV95cUxPdUZmaTc1aEUxS3BmVmZsMGVjb3ppYnZxSEt5VmhGbWJBNjJEV0s1eFVONEVRVzl6d3U2WDVaT0I5YlpnRmEtdmoxb2pmZ2c3bzhJdHZNeWZtMDgwMGFNTXktSi1Za3QwcEtVY0djczB6alM1Rlc0VC1JdkYzRkZZYzdIVU1nT3hDc3Z2ZzlBczNXM1ZvTVRhY2ExNjRHRHd6aU55Z3ZVbU55bE5EMk9JcUFiZlBLdm90YlRiM0ZQU1g1YmVPVW9BZ2Z5U3lidmdOeTFPVEc0eXprM3pMOWxkckhmb1ltdXp5Wl9v?oc=5\" target=\"_blank\" rel=\"nofollow noopener\">La canicule a entra\u00een\u00e9 une panne de courant au nord de Nantes ce mardi soir<\/a>&nbsp;&nbsp;Ouest-France<\/li>\n<li><a href=\"https:\/\/news.google.com\/rss\/articles\/CBMi3gFBVV95cUxPdS04MEtINWJkN29TZlhNc0dTcnpEcWNLMDFTeGY1di1BaUd3dmdDZlJCc0tKaWxMVzZqOU00VnhraklFME1fNFZodk43bDVPS0hTdGRacWxBelJhWkhzZFlDYXpfVTZNb0lnSWg1OVlJU05ScFpUV2ZSbDNHQmRpTGtMRy1qMkJDZWFqckZ0WW5wVXV0SFlCZ3NvbG5DdUx0bHREbTl3ZExlS010dS1IZEtUdGJ2RWRnZnl2ZjhfZno5RWdaUUtPcDVSdkduWHFOSXNTcmxzWmVQc1kwZlE?oc=5\" target=\"_blank\" rel=\"nofollow noopener\">La mezzanine de la gare de Nantes ferm\u00e9e \u00e0 cause la chaleur, \u00ab\u00a0c&rsquo;est inadmissible !\u00a0\u00bb r\u00e9agit un commer\u00e7ant<\/a>&nbsp;&nbsp;francebleu.fr<\/li>\n<li><a href=\"https:\/\/news.google.com\/rss\/articles\/CBMi2gFBVV95cUxQV3lJYkpwQWF3ajNPMHpoamFEOGs1V0lOWXItU1ptWHR3TTVuWnpvN1hpVlVobkdhcmU2bjRVM3RaTEF3S19Mbl9FYjdtb2VGa1RrWlQ5MGhUSFhTRGFBaVBQbHBPV21jR21oX2VyUDhqMUlTVFBpbWVOeTBwbGg3UVVUaXBxbDRhN0dfSVh4MWZ6a3R3WFVtTklaRDZjX0gwekYtbXZia3Y3ZXZtNDNUZW9PbmJVU01iclRQX0F4QVdkdjN6YmdSNXVUSkd5MmVZZGRBQUdKcFpKQQ?oc=5\" target=\"_blank\" rel=\"nofollow noopener\">Quelles mesures \u00e0 Beaugency et Meung-sur-Loire pour faire face \u00e0 la vague de chaleur ?<\/a>&nbsp;&nbsp;La R\u00e9publique du Centre<\/li>\n<\/ol>\n","protected":false},"excerpt":{"rendered":"\u00ab Le verre a de l\u2019avenir \u00bb : ces archis d\u00e9fendent la mezzanine suffocante de la gare de&hellip;\n","protected":false},"author":2,"featured_media":1445,"comment_status":"","ping_status":"","sticky":false,"template":"","format":"standard","meta":{"footnotes":""},"categories":[1358],"tags":[1348,1384,1385,1386,58,59,1011,27],"class_list":{"0":"post-219449","1":"post","2":"type-post","3":"status-publish","4":"format-standard","5":"has-post-thumbnail","7":"category-arts-et-design","8":"tag-arts","9":"tag-arts-and-design","10":"tag-arts-et-design","11":"tag-design","12":"tag-divertissement","13":"tag-entertainment","14":"tag-fr","15":"tag-france"},"share_on_mastodon":{"url":"https:\/\/pubeurope.com\/@fr\/114780867365278087","error":""},"_links":{"self":[{"href":"https:\/\/www.europesays.com\/fr\/wp-json\/wp\/v2\/posts\/219449","targetHints":{"allow":["GET"]}}],"collection":[{"href":"https:\/\/www.europesays.com\/fr\/wp-json\/wp\/v2\/posts"}],"about":[{"href":"https:\/\/www.europesays.com\/fr\/wp-json\/wp\/v2\/types\/post"}],"author":[{"embeddable":true,"href":"https:\/\/www.europesays.com\/fr\/wp-json\/wp\/v2\/users\/2"}],"replies":[{"embeddable":true,"href":"https:\/\/www.europesays.com\/fr\/wp-json\/wp\/v2\/comments?post=219449"}],"version-history":[{"count":0,"href":"https:\/\/www.europesays.com\/fr\/wp-json\/wp\/v2\/posts\/219449\/revisions"}],"wp:featuredmedia":[{"embeddable":true,"href":"https:\/\/www.europesays.com\/fr\/wp-json\/wp\/v2\/media\/1445"}],"wp:attachment":[{"href":"https:\/\/www.europesays.com\/fr\/wp-json\/wp\/v2\/media?parent=219449"}],"wp:term":[{"taxonomy":"category","embeddable":true,"href":"https:\/\/www.europesays.com\/fr\/wp-json\/wp\/v2\/categories?post=219449"},{"taxonomy":"post_tag","embeddable":true,"href":"https:\/\/www.europesays.com\/fr\/wp-json\/wp\/v2\/tags?post=219449"}],"curies":[{"name":"wp","href":"https:\/\/api.w.org\/{rel}","templated":true}]}}