{"id":219456,"date":"2025-07-02T00:47:10","date_gmt":"2025-07-02T00:47:10","guid":{"rendered":"https:\/\/www.europesays.com\/fr\/219456\/"},"modified":"2025-07-02T00:47:10","modified_gmt":"2025-07-02T00:47:10","slug":"sante-maladies-cardiaques-pourquoi-la-normandie-fait-elle-face-a-un-risque-plus-eleve-que-le-reste-de-la-france-tendanceouest-com","status":"publish","type":"post","link":"https:\/\/www.europesays.com\/fr\/219456\/","title":{"rendered":"Sant\u00e9. Maladies cardiaques : pourquoi la Normandie fait-elle face \u00e0 un risque plus \u00e9lev\u00e9 que le reste de la France ? &#8211; tendanceouest.com"},"content":{"rendered":"<ol>\n<li><a href=\"https:\/\/news.google.com\/rss\/articles\/CBMi7wFBVV95cUxQckVmX1pDanZ4djJlN1R5ZEJ6WTdEODJVMUxpclB2UF9peUM5bjVQOE9OUDJ4ZWtyd3VOdnY0WnVDRm05VHBaZTFjUVI4eDRDd3BZbnRqNERvbEFMRkJ6RV9LOXo3bG5LV0JnbDk5VERvNjN2VTZKQ2NpRGFOWWhNSEZaQjlfT0xKSzNKUHVYek1uNzN1UmlKbkRmZ2dGRFFYbGNuV3g1QlFjcVZTR1A3TVVTeU9sU0ZYa3Fpci05RnpwYnkyUUhfZFQwMnFELVNNZWZXam0zMl9aUng5QjE4Ny12a3NRODdpSTVnN25fYw?oc=5\" target=\"_blank\" rel=\"nofollow noopener\">Sant\u00e9. Maladies cardiaques : pourquoi la Normandie fait-elle face \u00e0 un risque plus \u00e9lev\u00e9 que le reste de la France ?<\/a>&nbsp;&nbsp;tendanceouest.com<\/li>\n<li><a href=\"https:\/\/news.google.com\/rss\/articles\/CBMigwJBVV95cUxOUmpPTS1leHprVWxIdHFQWGVuNi1OdTNpVXVEODVOR2FVcVY2V3NDVHBmTngxVzVRVEFESGFYQkcxZXJEbHlwOFBYYU53di1hWXQycDJXZDdiSXVvZjhjZWFjdm0yZ1hENHFISkQxaC1WUVE4ZXZFZEdBWmExUVZYZXBVVTRRMldpcVNtazdYZlZHUFBCLS1RWGY4cUlaYXpocFhqNVNtRVBLbGFiZUcza1J6QV9fVW9sTWwta0J4OWdncUFjcy16ejJsclhabEhTcjNtV29jeWQyV2tkeU5JcU5sc3pZWThsWGdfai1ReGNqZkN1dmNkd3hKQUZNbVZ4Y1ZB?oc=5\" target=\"_blank\" rel=\"nofollow noopener\">Maladies cardio-vasculaires : une \u00e9tude de Sant\u00e9 publique France pointe de fortes disparit\u00e9s territoriales<\/a>&nbsp;&nbsp;Le Monde.fr<\/li>\n<li><a href=\"https:\/\/news.google.com\/rss\/articles\/CBMikwJBVV95cUxNZzlwbWMxQ3ZrVmdfbjNvcEZFWnc4ZjE1TGpGRzNSSkxOWjZhUG5feWQxc09uUFA4a1Vac1RURGhXVzNyak5qSWxnOUJHWndhTmdfVllQNUctc3NyYWk4N1NIdWFsS1ZuU2VhWXpsbll1SWlGMFF6cFhFOG9odS1iMHZPbmo2MzQtSEM3R2FJSTU0VW5fT3VsR0NKaVhqajFVRkNaSi1jcnR3UE5CRXhkc2VmTmpueTNSczhqTHZIU1pGTVdHVDlXR3ZockZfRnNDZUtLS3lnd0I0ZmlWN2w2dXpuVVBQYnNmMDVsLS1xd3NsNUZmWExGQ3BGMkJRLVZnQzJvdjJnZ1dJc1JoWV9GOTRjcw?oc=5\" target=\"_blank\" rel=\"nofollow noopener\">Infarctus, AVC, insuffisance cardiaque&#8230; ces r\u00e9gions o\u00f9 le risque de d\u00e9c\u00e8s explose selon Sant\u00e9 publique France<\/a>&nbsp;&nbsp;Doctissimo<\/li>\n<li><a href=\"https:\/\/news.google.com\/rss\/articles\/CBMiiAFBVV95cUxNazE3b2JXdkVOajZOVFE0ZGJzVVJLb0JyTXE2UjlHRHlsSDdaa1U0TExHUUFUQTV6TFhGYUJRSlNvQ2xvbHZQLUJuZTNiSW14a2FxbEhyTGN5OXJIVERYNFFzak1sR1NBWHhkUzI3Y1BUTThmMkFhNjhUVEVDeVhfYkZLZjRtWFli?oc=5\" target=\"_blank\" rel=\"nofollow noopener\">Ces 2 r\u00e9gions de l&rsquo;Hexagone sont celles o\u00f9 l&rsquo;on fait le plus d&rsquo;AVC<\/a>&nbsp;&nbsp;Yahoo<\/li>\n<li><a href=\"https:\/\/news.google.com\/rss\/articles\/CBMizwFBVV95cUxNaGZ4YlFmTktTM3VvUmVYYW8wd3k1cVFHaENBN3RnY1FFYTJJZU9TNjNrTENrOFBOME40bEFueldZbWVISUVoeFRTejFOa2pFemVCZmxNemQ3ZEE1c1J5TUFXNEw2bHFvaWxFU2lEZzYzVE1tekp0cm9RRUZMSUpzMnR2eHlsTG5rMUl5emNtRVVXTlJPLUpyc0Q5TXY3bXpJcTZBMllYalRsNWNxUEtmUVlUWlpvUVV6MUo5NG5ROHBzTE9qTlZBTi00eS1lX3M?oc=5\" target=\"_blank\" rel=\"nofollow noopener\">577 hospitalisations pour infarctus pour 100 000 habitants : la Corse, r\u00e9gion \u00e0 haut risque<\/a>&nbsp;&nbsp;Corse Net Infos<\/li>\n<\/ol>\n","protected":false},"excerpt":{"rendered":"Sant\u00e9. Maladies cardiaques : pourquoi la Normandie fait-elle face \u00e0 un risque plus \u00e9lev\u00e9 que le reste de&hellip;\n","protected":false},"author":2,"featured_media":11408,"comment_status":"","ping_status":"","sticky":false,"template":"","format":"standard","meta":{"footnotes":""},"categories":[10],"tags":[1011,27,72,71],"class_list":{"0":"post-219456","1":"post","2":"type-post","3":"status-publish","4":"format-standard","5":"has-post-thumbnail","7":"category-sante","8":"tag-fr","9":"tag-france","10":"tag-health","11":"tag-sante"},"share_on_mastodon":{"url":"https:\/\/pubeurope.com\/@fr\/114780886997433717","error":""},"_links":{"self":[{"href":"https:\/\/www.europesays.com\/fr\/wp-json\/wp\/v2\/posts\/219456","targetHints":{"allow":["GET"]}}],"collection":[{"href":"https:\/\/www.europesays.com\/fr\/wp-json\/wp\/v2\/posts"}],"about":[{"href":"https:\/\/www.europesays.com\/fr\/wp-json\/wp\/v2\/types\/post"}],"author":[{"embeddable":true,"href":"https:\/\/www.europesays.com\/fr\/wp-json\/wp\/v2\/users\/2"}],"replies":[{"embeddable":true,"href":"https:\/\/www.europesays.com\/fr\/wp-json\/wp\/v2\/comments?post=219456"}],"version-history":[{"count":0,"href":"https:\/\/www.europesays.com\/fr\/wp-json\/wp\/v2\/posts\/219456\/revisions"}],"wp:featuredmedia":[{"embeddable":true,"href":"https:\/\/www.europesays.com\/fr\/wp-json\/wp\/v2\/media\/11408"}],"wp:attachment":[{"href":"https:\/\/www.europesays.com\/fr\/wp-json\/wp\/v2\/media?parent=219456"}],"wp:term":[{"taxonomy":"category","embeddable":true,"href":"https:\/\/www.europesays.com\/fr\/wp-json\/wp\/v2\/categories?post=219456"},{"taxonomy":"post_tag","embeddable":true,"href":"https:\/\/www.europesays.com\/fr\/wp-json\/wp\/v2\/tags?post=219456"}],"curies":[{"name":"wp","href":"https:\/\/api.w.org\/{rel}","templated":true}]}}