{"id":219471,"date":"2025-07-02T00:55:33","date_gmt":"2025-07-02T00:55:33","guid":{"rendered":"https:\/\/www.europesays.com\/fr\/219471\/"},"modified":"2025-07-02T00:55:33","modified_gmt":"2025-07-02T00:55:33","slug":"saint-etienne-une-soiree-sur-les-reformes-du-travail-a-luniversite-jean-monnet","status":"publish","type":"post","link":"https:\/\/www.europesays.com\/fr\/219471\/","title":{"rendered":"Saint-\u00c9tienne. Une soir\u00e9e sur les r\u00e9formes du travail \u00e0 l\u2019universit\u00e9 Jean-Monnet"},"content":{"rendered":"<p>Jeudi 3\u00a0juillet \u00e0 18\u00a0heures, une rencontre citoyenne ouverte \u00e0 toutes et tous se tiendra \u00e0 l\u2019universit\u00e9 Jean-Monnet au campus Tr\u00e9filerie (Amphi J01), autour du th\u00e8me\u00a0: \u00ab\u00a0L\u2019am\u00e9lioration des conditions de travail et du dialogue social dans les entreprises priv\u00e9es et le secteur public\u00a0\u00bb.<\/p>\n<p>\u00c0 l\u2019initiative de la CFDT, de l\u2019Unsa, du laboratoire Lasaire (Laboratoire social action innovation r\u00e9flexions \u00e9change) et du Parti Socialiste de la Loire, cette rencontre fera intervenir des repr\u00e9sentants syndicaux, des sp\u00e9cialistes des relations de travail et des militants engag\u00e9s.<\/p>\n<p>  Pr\u00e9sence de Jean Auroux et G\u00e9rard Filoche<\/p>\n<p>Elle est plac\u00e9e sous la pr\u00e9sidence de Jean Auroux, ancien ministre du Travail, et \u00e0 l\u2019initiative des lois Auroux, ensemble de lois sociales vot\u00e9es en France en\u00a01982 et\u00a01983. On notera la pr\u00e9sence de G\u00e9rard Filoche, ancien inspecteur du travail.<\/p>\n<p>\u00ab\u00a0Cette initiative vise \u00e0 replacer le travail au c\u0153ur du d\u00e9bat d\u00e9mocratique. Elle s\u2019adresse aux salari\u00e9s, \u00e9tudiants, syndicalistes, militants, chercheurs, \u00e9lus, \u00e0 toutes celles et ceux qui souhaitent am\u00e9liorer le sort des salari\u00e9s et construire une soci\u00e9t\u00e9 plus juste\u00a0\u00bb expliquent les organisateurs.<\/p>\n<p>Parmi les th\u00e9matiques abord\u00e9es\u00a0: gouvernance des entreprises\u00a0; protection de la sant\u00e9 des salari\u00e9s et conditions de travail\u00a0; dialogue social et repr\u00e9sentation du personnel\u00a0; pr\u00e9vention des risques et prise en compte de la p\u00e9nibilit\u00e9 et retraite.<\/p>\n","protected":false},"excerpt":{"rendered":"Jeudi 3\u00a0juillet \u00e0 18\u00a0heures, une rencontre citoyenne ouverte \u00e0 toutes et tous se tiendra \u00e0 l\u2019universit\u00e9 Jean-Monnet au&hellip;\n","protected":false},"author":2,"featured_media":30227,"comment_status":"","ping_status":"","sticky":false,"template":"","format":"standard","meta":{"footnotes":""},"categories":[9653],"tags":[1111,11,2430,7539,341,1777,674,1011,27,3367,12,25,137,4001,7538,801],"class_list":{"0":"post-219471","1":"post","2":"type-post","3":"status-publish","4":"format-standard","5":"has-post-thumbnail","7":"category-saint-etienne","8":"tag-actu","9":"tag-actualites","10":"tag-auvergne-rhone-alpes","11":"tag-edition-loire-sud","12":"tag-emploi","13":"tag-eu","14":"tag-europe","15":"tag-fr","16":"tag-france","17":"tag-loire","18":"tag-news","19":"tag-republique-francaise","20":"tag-retraite","21":"tag-saint-etienne","22":"tag-saint-etienne-ville","23":"tag-social"},"share_on_mastodon":{"url":"https:\/\/pubeurope.com\/@fr\/114780918527658930","error":""},"_links":{"self":[{"href":"https:\/\/www.europesays.com\/fr\/wp-json\/wp\/v2\/posts\/219471","targetHints":{"allow":["GET"]}}],"collection":[{"href":"https:\/\/www.europesays.com\/fr\/wp-json\/wp\/v2\/posts"}],"about":[{"href":"https:\/\/www.europesays.com\/fr\/wp-json\/wp\/v2\/types\/post"}],"author":[{"embeddable":true,"href":"https:\/\/www.europesays.com\/fr\/wp-json\/wp\/v2\/users\/2"}],"replies":[{"embeddable":true,"href":"https:\/\/www.europesays.com\/fr\/wp-json\/wp\/v2\/comments?post=219471"}],"version-history":[{"count":0,"href":"https:\/\/www.europesays.com\/fr\/wp-json\/wp\/v2\/posts\/219471\/revisions"}],"wp:featuredmedia":[{"embeddable":true,"href":"https:\/\/www.europesays.com\/fr\/wp-json\/wp\/v2\/media\/30227"}],"wp:attachment":[{"href":"https:\/\/www.europesays.com\/fr\/wp-json\/wp\/v2\/media?parent=219471"}],"wp:term":[{"taxonomy":"category","embeddable":true,"href":"https:\/\/www.europesays.com\/fr\/wp-json\/wp\/v2\/categories?post=219471"},{"taxonomy":"post_tag","embeddable":true,"href":"https:\/\/www.europesays.com\/fr\/wp-json\/wp\/v2\/tags?post=219471"}],"curies":[{"name":"wp","href":"https:\/\/api.w.org\/{rel}","templated":true}]}}