{"id":219474,"date":"2025-07-02T00:59:42","date_gmt":"2025-07-02T00:59:42","guid":{"rendered":"https:\/\/www.europesays.com\/fr\/219474\/"},"modified":"2025-07-02T00:59:42","modified_gmt":"2025-07-02T00:59:42","slug":"match-de-gala-racing-club-de-strabourg-alsace-vs-as-nancy-lorraine","status":"publish","type":"post","link":"https:\/\/www.europesays.com\/fr\/219474\/","title":{"rendered":"MATCH DE GALA Racing Club de Strabourg Alsace vs AS Nancy Lorraine"},"content":{"rendered":"\n<p>En Match de Gala, le \u00a0RACING CLUB DE STRASBOURG ALSACE sera oppos\u00e9 \u00e0 l&rsquo;AS NANCY\/LORRAINE (L2).\u00a0<\/p>\n<p>Une rencontre qui rassemblera plus de 3 000 spectateurs comme chaque ann\u00e9e au\u00a0#ColmarStadium.<\/p>\n<p>\ud835\udddf\ud835\uddee \ud835\uddef\ud835\uddf6\ud835\uddf9\ud835\uddf9\ud835\uddf2\ud835\ude01\ud835\ude01\ud835\uddf2\ud835\uddff\ud835\uddf6\ud835\uddf2 \ud835\uddf2\ud835\ude00\ud835\ude01 \ud835\uddfc\ud835\ude02\ud835\ude03\ud835\uddf2\ud835\uddff\ud835\ude01\ud835\uddf2 !\u00a0<\/p>\n<p>La billetterie est d\u00e9sormais ouverte sur notre site internet :\u00a0<a href=\"https:\/\/billetterie-sr-colmar.tickandlive.com\/\" target=\"_blank\" rel=\"noopener\">https:\/\/billetterie-sr-colmar.tickandlive.com\/<\/a><\/p>\n<p>3 tarifs sont disponibles :<\/p>\n<ul>\n<li>Pourtour : 8\u20ac<br \/>Tribune Est : 12\u20ac<br \/>Tribune honneur : 18\u20ac<\/li>\n<\/ul>\n<p>Chaque entr\u00e9e permettra \u00e0 son acqu\u00e9reur de profiter d&rsquo;une entr\u00e9e \u00e0 la Foire aux vins de Colmar\u00a0<strong>le dimanche 27 juillet<\/strong>\u00a0<\/p>\n","protected":false},"excerpt":{"rendered":"En Match de Gala, le \u00a0RACING CLUB DE STRASBOURG ALSACE sera oppos\u00e9 \u00e0 l&rsquo;AS NANCY\/LORRAINE (L2).\u00a0 Une rencontre&hellip;\n","protected":false},"author":2,"featured_media":219475,"comment_status":"","ping_status":"","sticky":false,"template":"","format":"standard","meta":{"footnotes":""},"categories":[9635],"tags":[1111,11,4763,2389,2649,1777,674,3696,1011,27,775,1637,1702,12,14657,25,7420],"class_list":{"0":"post-219474","1":"post","2":"type-post","3":"status-publish","4":"format-standard","5":"has-post-thumbnail","7":"category-nancy","8":"tag-actu","9":"tag-actualites","10":"tag-agenda","11":"tag-alsace","12":"tag-bas-rhin","13":"tag-eu","14":"tag-europe","15":"tag-evenements","16":"tag-fr","17":"tag-france","18":"tag-grand-est","19":"tag-haut-rhin","20":"tag-nancy","21":"tag-news","22":"tag-programmes","23":"tag-republique-francaise","24":"tag-top-music"},"share_on_mastodon":{"url":"https:\/\/pubeurope.com\/@fr\/114780934540429273","error":""},"_links":{"self":[{"href":"https:\/\/www.europesays.com\/fr\/wp-json\/wp\/v2\/posts\/219474","targetHints":{"allow":["GET"]}}],"collection":[{"href":"https:\/\/www.europesays.com\/fr\/wp-json\/wp\/v2\/posts"}],"about":[{"href":"https:\/\/www.europesays.com\/fr\/wp-json\/wp\/v2\/types\/post"}],"author":[{"embeddable":true,"href":"https:\/\/www.europesays.com\/fr\/wp-json\/wp\/v2\/users\/2"}],"replies":[{"embeddable":true,"href":"https:\/\/www.europesays.com\/fr\/wp-json\/wp\/v2\/comments?post=219474"}],"version-history":[{"count":0,"href":"https:\/\/www.europesays.com\/fr\/wp-json\/wp\/v2\/posts\/219474\/revisions"}],"wp:featuredmedia":[{"embeddable":true,"href":"https:\/\/www.europesays.com\/fr\/wp-json\/wp\/v2\/media\/219475"}],"wp:attachment":[{"href":"https:\/\/www.europesays.com\/fr\/wp-json\/wp\/v2\/media?parent=219474"}],"wp:term":[{"taxonomy":"category","embeddable":true,"href":"https:\/\/www.europesays.com\/fr\/wp-json\/wp\/v2\/categories?post=219474"},{"taxonomy":"post_tag","embeddable":true,"href":"https:\/\/www.europesays.com\/fr\/wp-json\/wp\/v2\/tags?post=219474"}],"curies":[{"name":"wp","href":"https:\/\/api.w.org\/{rel}","templated":true}]}}