{"id":219492,"date":"2025-07-02T01:13:28","date_gmt":"2025-07-02T01:13:28","guid":{"rendered":"https:\/\/www.europesays.com\/fr\/219492\/"},"modified":"2025-07-02T01:13:28","modified_gmt":"2025-07-02T01:13:28","slug":"jusquen-novembre-les-11-parkings-relais-sont-gratuits-les-samedis","status":"publish","type":"post","link":"https:\/\/www.europesays.com\/fr\/219492\/","title":{"rendered":"jusqu&rsquo;en novembre, les 11 parkings-relais sont gratuits les samedis"},"content":{"rendered":"<p>    <img loading=\"lazy\" width=\"1800\" height=\"900\" src=\"https:\/\/www.europesays.com\/fr\/wp-content\/uploads\/2025\/04\/jeanne-callthepolice.jpg\" class=\"attachment-full size-full\" alt=\"\" id=\"imageLove\" decoding=\"async\"  \/><\/p>\n<p id=\"breadcrumbs\"><a href=\"https:\/\/pokaa.fr\/\" target=\"_blank\" rel=\"noopener\">Accueil<\/a> \/ <a href=\"https:\/\/pokaa.fr\/categories\/actu\/\" target=\"_blank\" rel=\"noopener\">Info locale<\/a> \/ Bon plan \u00e0 Strasbourg : jusqu\u2019en novembre, les 11 parkings-relais sont gratuits les samedis<\/p>\n<p>                    Info locale<\/p>\n<p><strong>Depuis le 28 juin et jusqu\u2019au 15 novembre 2025, les parkings-relais de Strasbourg sont gratuits tous les samedis, \u00e0 condition de faire au moins 20\u20ac d\u2019achat dans les commerces du centre-ville. Trois points d\u2019accueils sont mis en place pour faire valider les tickets de caisse. On vous explique tout !<\/strong><\/p>\n<p>On le sait, <strong>la question du stationnement en centre-ville \u00e0 Strasbourg est parfois \u00e9pineuse,<\/strong> et entra\u00eene souvent la pol\u00e9mique. Co\u00fbt \u00e9lev\u00e9 pour les automobilistes, dur\u00e9e trop courte pour une apr\u00e8s-midi shopping, manque de places\u2026 Elle fait couler beaucoup d\u2019encre virtuelle entre partisan(e)s de la voiture et adeptes des modes de transports doux.<\/p>\n<p>                <img width=\"667\" height=\"500\" src=\"https:\/\/www.europesays.com\/fr\/wp-content\/uploads\/2025\/07\/img-8824-667x500.jpeg\" class=\"attachment-gallery size-gallery\" alt=\"rue strasbourg commerce boutique\" data-full-url=\"https:\/\/pokaa.fr\/wp-content\/uploads\/2024\/05\/11\/img-8824-1500x1125.jpeg\" decoding=\"async\" loading=\"lazy\"  \/>            <\/p>\n<p>                <img width=\"750\" height=\"500\" src=\"https:\/\/www.europesays.com\/fr\/wp-content\/uploads\/2025\/07\/dsc00072-750x500.jpg\" class=\"attachment-gallery size-gallery\" alt=\"commerce shopping touriste\" data-full-url=\"https:\/\/pokaa.fr\/wp-content\/uploads\/2025\/04\/28\/dsc00072.jpg\" decoding=\"async\" loading=\"lazy\"  \/>            <\/p>\n<p>                    \u00a9 Anthony Jilli \/ Pokaa<\/p>\n<p><b>Pourtant, une solution existe : les parkings-relais.<\/b> S\u2019ils restent encore assez m\u00e9connus des Strasbourgeois(es), les Alsacien(ne)s qui viennent travailler dans le centre les connaissent bien. Ils sont 11 tout autour de Strasbourg et sont toujours proches d\u2019une ligne de tram, ce qui permet de rejoindre le centre en une vingtaine de minutes maximum.<\/p>\n<p><b>Pour 4,20\u20ac on peut y garer sa voiture \u00e0 la journ\u00e9e et voyager en illimit\u00e9 sur le r\u00e9seau de la CTS.<\/b> Le ticket de transport est m\u00eame valable pour l\u2019ensemble des occupant(e)s du v\u00e9hicule dans une limite de sept personnes. Une solution id\u00e9ale quand on doit venir \u00e0 Strasbourg en voiture et qu\u2019on pr\u00e9f\u00e8re s\u2019\u00e9viter les gal\u00e8res du centre-ville.<\/p>\n<p>                <a href=\"https:\/\/pokaa.fr\/2023\/06\/08\/strasbourg-face-aux-galeres-dacces-au-centre-ville-on-a-teste-les-parkings-relais-stationnement\/\" target=\"_blank\" rel=\"noopener\"><br \/>\n                    <img width=\"450\" height=\"270\" src=\"https:\/\/www.europesays.com\/fr\/wp-content\/uploads\/2025\/07\/img-0135-copie-2-450x270.jpg\" class=\"attachment-card-horizontal--same-subject size-card-horizontal--same-subject wp-post-image\" alt=\"parking relais voiture\" decoding=\"async\" loading=\"lazy\"\/>                <\/a><\/p>\n<p>    <img width=\"529\" height=\"600\" src=\"https:\/\/www.europesays.com\/fr\/wp-content\/uploads\/2025\/07\/armature-reseau-p-r-temps-de-parcous-vfpng-2015006005-529x600.png\" class=\"attachment-image-size-M size-image-size-M\" alt=\"Parkings-relais strasbourg stationnement\" decoding=\"async\" loading=\"lazy\"  \/>         \u00a9 CTS \/ Capture d&rsquo;\u00e9cran <\/p>\n<p>Jusqu&rsquo;au 15 novembre, le samedi c\u2019est gratuit !<\/p>\n<p><b>Depuis le 28 juin et jusqu\u2019au 15 novembre, les parkings-relais sont gratuits les samedis<\/b> pour toutes les personnes qui r\u00e9alisent leurs emplettes sur la Grand-\u00cele et dans le quartier des Halles.<\/p>\n<p>Comment \u00e7a marche ? C\u2019est simple : apr\u00e8s avoir gar\u00e9 votre voiture, il faut voyager en tram jusqu\u2019au centre et faire des achats dans les commerces ou les lieux culturels. <strong>L\u2019occasion de re(d\u00e9couvrir) la grande diversit\u00e9 de nos <a href=\"https:\/\/pokaa.fr\/categories\/les-bonnes-adresses\/ses-bars-et-cafe\/\" target=\"_blank\" rel=\"noopener\">bars<\/a>, <a href=\"https:\/\/pokaa.fr\/categories\/les-bonnes-adresses\/ses-restos\/\" target=\"_blank\" rel=\"noopener\">restaurants<\/a> ou <a href=\"https:\/\/pokaa.fr\/categories\/les-bonnes-adresses\/ses-boutiques\/\" target=\"_blank\" rel=\"noopener\">boutiques<\/a> strasbourgeois(es) ! <\/strong><\/p>\n<p><b>Conservez ensuite pr\u00e9cieusement vos tickets de caisse et avant de partir, rendez-vous dans un des trois points d\u2019accueils mis en place pour faire valider vos achats.<\/b><\/p>\n<p>Si vous en avez pour plus de 20\u20ac cumul\u00e9s, un(e) agent(e) vous remettra une contremarque. Au moment de payer le stationnement sur l\u2019automate du parking, cette derni\u00e8re vous assurera la gratuit\u00e9.<\/p>\n<p>    <img width=\"800\" height=\"515\" src=\"https:\/\/www.europesays.com\/fr\/wp-content\/uploads\/2025\/07\/a5-commerces-pr-web-2-copie-800x515.jpg\" class=\"attachment-image-size-L size-image-size-L\" alt=\"Parkings-relais strasbourg stationnement\" decoding=\"async\" loading=\"lazy\"  \/>         \u00a9\u00a0Document remis <\/p>\n<p>                <img width=\"667\" height=\"500\" src=\"https:\/\/www.europesays.com\/fr\/wp-content\/uploads\/2025\/07\/parking-relais-rotonde.jpg\" class=\"attachment-gallery size-gallery\" alt=\"parking relais rotonde\" data-full-url=\"https:\/\/www.europesays.com\/fr\/wp-content\/uploads\/2025\/07\/parking-relais-rotonde.jpg\" decoding=\"async\" loading=\"lazy\"  \/>            <\/p>\n<p>                <img width=\"375\" height=\"500\" src=\"https:\/\/www.europesays.com\/fr\/wp-content\/uploads\/2025\/07\/img-0128-copie-2-375x500.jpg\" class=\"attachment-gallery size-gallery\" alt=\"IMG_0128 \u2013 copie 2\" data-full-url=\"https:\/\/pokaa.fr\/wp-content\/uploads\/2023\/06\/img-0128-copie-2.jpg\" decoding=\"async\" loading=\"lazy\"  \/>            <\/p>\n<p>                    1. \u00a9 Nicolas Kaspar \/ Pokaa ; 2. \u00a9 Coraline Lafon \/ Pokaa<\/p>\n<p><b>Les points d\u2019accueils se trouvent dans le centre commercial des Halles, aux Galeries Lafayette et \u00e0 l\u2019Office de tourisme.<\/b><\/p>\n<p>Si jamais vous pr\u00e9voyez de manger en ville avant de repartir dans la soir\u00e9e, <strong>il ne faut pas oublier de valider vos achats avant la fermeture des accueils (entre 19h et 20h30).\u00a0<\/strong><\/p>\n<p><strong>Bonne visite et bon shopping !<\/strong><\/p>\n<p>    <img width=\"800\" height=\"600\" src=\"https:\/\/www.europesays.com\/fr\/wp-content\/uploads\/2025\/07\/img-0130-copie-2-800x600.jpg\" class=\"attachment-image-size-L size-image-size-L\" alt=\"parking relais baggersee\" decoding=\"async\" loading=\"lazy\"  \/>         \u00a9 Coraline Lafon \/ Pokaa <\/p>\n<p>                <img width=\"667\" height=\"500\" src=\"https:\/\/www.europesays.com\/fr\/wp-content\/uploads\/2025\/07\/img-8824-667x500.jpeg\" class=\"attachment-gallery size-gallery\" alt=\"rue strasbourg commerce boutique\" data-full-url=\"https:\/\/pokaa.fr\/wp-content\/uploads\/2024\/05\/11\/img-8824-1500x1125.jpeg\" decoding=\"async\" loading=\"lazy\"  \/>            <\/p>\n<p>                    \u00a9 Anthony Jilli \/ Pokaa <\/p>\n","protected":false},"excerpt":{"rendered":"Accueil \/ Info locale \/ Bon plan \u00e0 Strasbourg : jusqu\u2019en novembre, les 11 parkings-relais sont gratuits les&hellip;\n","protected":false},"author":2,"featured_media":219493,"comment_status":"","ping_status":"","sticky":false,"template":"","format":"standard","meta":{"footnotes":""},"categories":[2820],"tags":[1111,11,14296,1777,674,1011,27,775,27499,12,16025,35862,25,6173,640],"class_list":{"0":"post-219492","1":"post","2":"type-post","3":"status-publish","4":"format-standard","5":"has-post-thumbnail","7":"category-strasbourg","8":"tag-actu","9":"tag-actualites","10":"tag-commerces-strasbourg","11":"tag-eu","12":"tag-europe","13":"tag-fr","14":"tag-france","15":"tag-grand-est","16":"tag-gratuite","17":"tag-news","18":"tag-parking","19":"tag-parkings-relais","20":"tag-republique-francaise","21":"tag-stationnement","22":"tag-strasbourg"},"share_on_mastodon":{"url":"https:\/\/pubeurope.com\/@fr\/114780990171864202","error":""},"_links":{"self":[{"href":"https:\/\/www.europesays.com\/fr\/wp-json\/wp\/v2\/posts\/219492","targetHints":{"allow":["GET"]}}],"collection":[{"href":"https:\/\/www.europesays.com\/fr\/wp-json\/wp\/v2\/posts"}],"about":[{"href":"https:\/\/www.europesays.com\/fr\/wp-json\/wp\/v2\/types\/post"}],"author":[{"embeddable":true,"href":"https:\/\/www.europesays.com\/fr\/wp-json\/wp\/v2\/users\/2"}],"replies":[{"embeddable":true,"href":"https:\/\/www.europesays.com\/fr\/wp-json\/wp\/v2\/comments?post=219492"}],"version-history":[{"count":0,"href":"https:\/\/www.europesays.com\/fr\/wp-json\/wp\/v2\/posts\/219492\/revisions"}],"wp:featuredmedia":[{"embeddable":true,"href":"https:\/\/www.europesays.com\/fr\/wp-json\/wp\/v2\/media\/219493"}],"wp:attachment":[{"href":"https:\/\/www.europesays.com\/fr\/wp-json\/wp\/v2\/media?parent=219492"}],"wp:term":[{"taxonomy":"category","embeddable":true,"href":"https:\/\/www.europesays.com\/fr\/wp-json\/wp\/v2\/categories?post=219492"},{"taxonomy":"post_tag","embeddable":true,"href":"https:\/\/www.europesays.com\/fr\/wp-json\/wp\/v2\/tags?post=219492"}],"curies":[{"name":"wp","href":"https:\/\/api.w.org\/{rel}","templated":true}]}}