{"id":219496,"date":"2025-07-02T01:15:19","date_gmt":"2025-07-02T01:15:19","guid":{"rendered":"https:\/\/www.europesays.com\/fr\/219496\/"},"modified":"2025-07-02T01:15:19","modified_gmt":"2025-07-02T01:15:19","slug":"pourquoi-les-pharmaciens-dentistes-et-kines-ont-manifeste-ce-mardi-a-nice","status":"publish","type":"post","link":"https:\/\/www.europesays.com\/fr\/219496\/","title":{"rendered":"Pourquoi les pharmaciens, dentistes et kin\u00e9s ont manifest\u00e9 ce mardi \u00e0 Nice?"},"content":{"rendered":"<p>\u00c0 travers toute la France, des soignants lib\u00e9raux ont brav\u00e9 la canicule pour protester contre \u00ab\u00a0le blocage\u00a0\u00bb de la revalorisation de leurs honoraires et autres mesures d\u2019\u00e9conomies, face au d\u00e9rapage budg\u00e9taire de l\u2019Assurance maladie.<\/p>\n<p>\u00c0 Nice comme ailleurs, le mouvement a \u00e9t\u00e9 lanc\u00e9 par les pharmaciens, les plus impact\u00e9s. Un cort\u00e8ge escargot de voitures est parti de l\u2019ARS, au Cadam, pour rallier la rue Pertinax. Devant la Caisse primaire d\u2019assurance maladie (CPAM), les manifestants ont symboliquement d\u00e9pos\u00e9 des tiroirs de pharmacie pour d\u00e9noncer fermetures et p\u00e9nuries.<\/p>\n<p>Les pharmaciens d\u00e9noncent le projet gouvernemental de baisser \u00e0 un taux compris entre 20 et 25% le plafond de remises commerciales consenties par les fabricants aux pharmacies sur les m\u00e9dicaments g\u00e9n\u00e9riques, actuellement plafonn\u00e9es \u00e0 40%. Celles-ci \u00e9tant d\u00e9clar\u00e9es aupr\u00e8s de l\u2019Assurance maladie, l\u2019\u00c9tat peut voir quel industriel a accord\u00e9 des rabais et lui demander ensuite des baisses de prix. La baisse des prix r\u00e9sultant de celle des remises aura une r\u00e9percussion sur les emplois en officines et risque d\u2019aggraver les p\u00e9nuries de m\u00e9dicaments, alertent les syndicats de pharmaciens, qui d\u00e9noncent \u00ab\u00a0une trahison inacceptable\u00a0\u00bb.<\/p>\n<p>Alexandre Nairi, pr\u00e9sident du syndicat des chirurgiens-dentistes 06, participait \u00e0 la manifestation. \u00ab\u00a0Malgr\u00e9 les conventions sign\u00e9es, la CPAM a d\u00e9cid\u00e9 unilat\u00e9ralement de geler les revalorisations, sous pr\u00e9texte que les d\u00e9penses de sant\u00e9 ont augment\u00e9. Logique: lors de la signature de la convention, on s\u2019\u00e9tait engag\u00e9 \u00e0 soigner l\u2019ensemble de la population. On engage toute une profession dans un sens, et maintenant, on dit que \u00e7a co\u00fbte trop cher et on arr\u00eate. Alors que c\u2019\u00e9tait le but de la man\u0153uvre\u00a0\u00bb, regrette-t-il.<\/p>\n<p>Si les pharmaciens sont les en premi\u00e8re ligne, ajoute-t-il, c\u2019est parce que le gouvernement \u00ab\u00a0veut baisser leurs revenus sur les m\u00e9dicaments g\u00e9n\u00e9riques et moins rembourser certaines prestations, comme les tests salivaires. En gros, leur prendre 600 millions d\u2019euros. Pour une officine, \u00e7a peut pratiquement repr\u00e9senter le salaire d\u2019un employ\u00e9. Les petites pharmacies de l\u2019arri\u00e8re-pays et des quartiers d\u00e9favoris\u00e9s seront les plus impact\u00e9es et risquent, \u00e0 terme, de dispara\u00eetre.\u00a0\u00bb<\/p>\n<p>Et les dentistes? \u00ab\u00a0\u00c7a concerne essentiellement la chirurgie orale, une faible part des activit\u00e9s pour les omnipraticiens mais qui peut mettre en difficult\u00e9 les chirurgiens sp\u00e9cialis\u00e9s. Mais s\u2019ils commencent par \u00e7a, on sait qu\u2019ils iront plus loin, c\u2019est pour \u00e7a qu\u2019on se joint \u00e0 la manifestation.\u00a0\u00bb<\/p>\n","protected":false},"excerpt":{"rendered":"\u00c0 travers toute la France, des soignants lib\u00e9raux ont brav\u00e9 la canicule pour protester contre \u00ab\u00a0le blocage\u00a0\u00bb de&hellip;\n","protected":false},"author":2,"featured_media":219497,"comment_status":"","ping_status":"","sticky":false,"template":"","format":"standard","meta":{"footnotes":""},"categories":[2819],"tags":[1111,11,1777,674,1011,27,12,2401,882,25,801],"class_list":{"0":"post-219496","1":"post","2":"type-post","3":"status-publish","4":"format-standard","5":"has-post-thumbnail","7":"category-nice","8":"tag-actu","9":"tag-actualites","10":"tag-eu","11":"tag-europe","12":"tag-fr","13":"tag-france","14":"tag-news","15":"tag-nice","16":"tag-provence-alpes-cote-dazur","17":"tag-republique-francaise","18":"tag-social"},"share_on_mastodon":{"url":"https:\/\/pubeurope.com\/@fr\/114780997238695692","error":""},"_links":{"self":[{"href":"https:\/\/www.europesays.com\/fr\/wp-json\/wp\/v2\/posts\/219496","targetHints":{"allow":["GET"]}}],"collection":[{"href":"https:\/\/www.europesays.com\/fr\/wp-json\/wp\/v2\/posts"}],"about":[{"href":"https:\/\/www.europesays.com\/fr\/wp-json\/wp\/v2\/types\/post"}],"author":[{"embeddable":true,"href":"https:\/\/www.europesays.com\/fr\/wp-json\/wp\/v2\/users\/2"}],"replies":[{"embeddable":true,"href":"https:\/\/www.europesays.com\/fr\/wp-json\/wp\/v2\/comments?post=219496"}],"version-history":[{"count":0,"href":"https:\/\/www.europesays.com\/fr\/wp-json\/wp\/v2\/posts\/219496\/revisions"}],"wp:featuredmedia":[{"embeddable":true,"href":"https:\/\/www.europesays.com\/fr\/wp-json\/wp\/v2\/media\/219497"}],"wp:attachment":[{"href":"https:\/\/www.europesays.com\/fr\/wp-json\/wp\/v2\/media?parent=219496"}],"wp:term":[{"taxonomy":"category","embeddable":true,"href":"https:\/\/www.europesays.com\/fr\/wp-json\/wp\/v2\/categories?post=219496"},{"taxonomy":"post_tag","embeddable":true,"href":"https:\/\/www.europesays.com\/fr\/wp-json\/wp\/v2\/tags?post=219496"}],"curies":[{"name":"wp","href":"https:\/\/api.w.org\/{rel}","templated":true}]}}