{"id":219502,"date":"2025-07-02T01:19:10","date_gmt":"2025-07-02T01:19:10","guid":{"rendered":"https:\/\/www.europesays.com\/fr\/219502\/"},"modified":"2025-07-02T01:19:10","modified_gmt":"2025-07-02T01:19:10","slug":"previsions-du-mercredi-2-juillet-2025-8","status":"publish","type":"post","link":"https:\/\/www.europesays.com\/fr\/219502\/","title":{"rendered":"pr\u00e9visions du mercredi 2 juillet 2025"},"content":{"rendered":"<p>La chaleur estivale sera bien l\u00e0 puisqu&rsquo;\u00e0 Bordeaux, les valeurs seront quand m\u00eame de 20\u00b0C au plus bas et de 30\u00b0C au plus haut la journ\u00e9e. La ville profitera de quelques \u00e9claircies le matin. On anticipe des temp\u00e9ratures d&rsquo;environ 25\u00b0C. Un vent de sud-ouest rafra\u00eechira l\u00e9g\u00e8rement l&rsquo;atmosph\u00e8re. C&rsquo;est un soleil \u00e9clatant qui va se montrer l&rsquo;apr\u00e8s-midi. L&rsquo;air ambiant va se r\u00e9chauffer avec une hausse de quelques degr\u00e9s pour un \u00e9t\u00e9 chaud. De tr\u00e8s importantes chaleurs (entre 27\u00b0C et 30\u00b0C) sont pr\u00e9vues. Ce sera un bel \u00e9t\u00e9 : les valeurs seront comprises entre 27 et 30\u00b0C. Entre mercredi et jeudi, la nuit sera claire.<\/p>\n<p>Demain, les Bordelais comme les vacanciers vont pouvoir profiter d&rsquo;un soleil radieux. C&rsquo;est une hausse de quelques degr\u00e9s que vont enregistrer les temp\u00e9ratures pour un temps de plus en plus estival. Les fortes chaleurs sont install\u00e9es. Avec des temp\u00e9ratures \u00e9chelonn\u00e9es entre 17 et 34\u00b0C. Les valeurs s&rsquo;\u00e9chelonneront entre 17 et 34\u00b0C, un temps r\u00e9solument de saison. Un petit vent de nord-est soufflera au cours de la matin\u00e9e. Les temp\u00e9ratures, plus estivales, vont conna\u00eetre une augmentation de plusieurs degr\u00e9s durant l&rsquo;apr\u00e8s-midi. Prenez garde \u00e0 la vague de chaleur. Des temp\u00e9ratures de 31 \u00e0 34\u00b0C sont attendues. La ville va conna\u00eetre, demain soir, une vague de grosses chaleurs avec des valeurs qui atteindront parfois les 30\u00b0C. Il fera 26\u00b0C en moyenne. La ville sera touch\u00e9e par un vent de nord-ouest de 21 km\/h.<\/p>\n<p>Les jours passent et se ressemblent. Comptez sur 37\u00b0C en moyenne qui accompagneront des journ\u00e9es ensoleill\u00e9es.<\/p>\n<p><\/p>\n","protected":false},"excerpt":{"rendered":"La chaleur estivale sera bien l\u00e0 puisqu&rsquo;\u00e0 Bordeaux, les valeurs seront quand m\u00eame de 20\u00b0C au plus bas&hellip;\n","protected":false},"author":2,"featured_media":219503,"comment_status":"","ping_status":"","sticky":false,"template":"","format":"standard","meta":{"footnotes":""},"categories":[2817],"tags":[1111,11,1997,1777,674,1011,27,12,2219,2119,25],"class_list":{"0":"post-219502","1":"post","2":"type-post","3":"status-publish","4":"format-standard","5":"has-post-thumbnail","7":"category-bordeaux","8":"tag-actu","9":"tag-actualites","10":"tag-bordeaux","11":"tag-eu","12":"tag-europe","13":"tag-fr","14":"tag-france","15":"tag-news","16":"tag-nouvelle-aquitaine","17":"tag-previsions-meteo","18":"tag-republique-francaise"},"share_on_mastodon":{"url":"","error":""},"_links":{"self":[{"href":"https:\/\/www.europesays.com\/fr\/wp-json\/wp\/v2\/posts\/219502","targetHints":{"allow":["GET"]}}],"collection":[{"href":"https:\/\/www.europesays.com\/fr\/wp-json\/wp\/v2\/posts"}],"about":[{"href":"https:\/\/www.europesays.com\/fr\/wp-json\/wp\/v2\/types\/post"}],"author":[{"embeddable":true,"href":"https:\/\/www.europesays.com\/fr\/wp-json\/wp\/v2\/users\/2"}],"replies":[{"embeddable":true,"href":"https:\/\/www.europesays.com\/fr\/wp-json\/wp\/v2\/comments?post=219502"}],"version-history":[{"count":0,"href":"https:\/\/www.europesays.com\/fr\/wp-json\/wp\/v2\/posts\/219502\/revisions"}],"wp:featuredmedia":[{"embeddable":true,"href":"https:\/\/www.europesays.com\/fr\/wp-json\/wp\/v2\/media\/219503"}],"wp:attachment":[{"href":"https:\/\/www.europesays.com\/fr\/wp-json\/wp\/v2\/media?parent=219502"}],"wp:term":[{"taxonomy":"category","embeddable":true,"href":"https:\/\/www.europesays.com\/fr\/wp-json\/wp\/v2\/categories?post=219502"},{"taxonomy":"post_tag","embeddable":true,"href":"https:\/\/www.europesays.com\/fr\/wp-json\/wp\/v2\/tags?post=219502"}],"curies":[{"name":"wp","href":"https:\/\/api.w.org\/{rel}","templated":true}]}}