{"id":219508,"date":"2025-07-02T01:23:05","date_gmt":"2025-07-02T01:23:05","guid":{"rendered":"https:\/\/www.europesays.com\/fr\/219508\/"},"modified":"2025-07-02T01:23:05","modified_gmt":"2025-07-02T01:23:05","slug":"treize-ans-apres-giroud-retrouve-la-ligue-1-avec-lille-2","status":"publish","type":"post","link":"https:\/\/www.europesays.com\/fr\/219508\/","title":{"rendered":"treize ans apr\u00e8s, Giroud retrouve la Ligue 1 avec Lille"},"content":{"rendered":"<p class=\"mb-4 text-lg md:leading-8 break-words\">Apr\u00e8s Paul Pogba \u00e0 Monaco, la Ligue 1 comptera un nouveau champion du monde 2018 la saison prochaine avec l&rsquo;officialisation mardi soir de l&rsquo;arriv\u00e9e d&rsquo;Olivier Giroud pour une saison \u00e0 Lille, apr\u00e8s un exil d\u00e9cevant d&rsquo;un an \u00e0 Los Angeles.<\/p>\n<p class=\"mb-4 text-lg md:leading-8 break-words\">\u00ab\u00a0C\u2019est au LOSC que cet attaquant embl\u00e9matique du football fran\u00e7ais \u00e9crira la suite de sa carri\u00e8re. Nul doute que son inestimable exp\u00e9rience viendra enrichir l\u2019effectif des Dogues \u00e0 l\u2019aube de cette nouvelle saison europ\u00e9enne\u00a0\u00bb, se r\u00e9jouit le club, qualifi\u00e9 pour la Ligue Europa.<\/p>\n<p class=\"mb-4 text-lg md:leading-8 break-words\">\u00c0 38 ans, Olivier Giroud, meilleur buteur de l&rsquo;histoire des Bleus avec 57 buts (137 s\u00e9lections), fait son retour en Ligue 1 treize ans apr\u00e8s avoir quitt\u00e9 Montpellier o\u00f9 il avait \u00e9t\u00e9 sacr\u00e9 champion de France en 2012 \u00e0 la surprise g\u00e9n\u00e9rale et termin\u00e9 meilleur buteur du championnat avec 21 r\u00e9alisations.<\/p>\n<p class=\"mb-4 text-lg md:leading-8 break-words\">Entre-temps, l\u2019attaquant est pass\u00e9 par Arsenal (2012-2018), Chelsea (2018-2021) et l\u2019AC Milan (2021-2024).<\/p>\n<p class=\"mb-4 text-lg md:leading-8 break-words\">Celui qui a effectu\u00e9 ses adieux en s\u00e9lection \u00e0 l&rsquo;issue de l&rsquo;Euro-2024 organis\u00e9 en Allemagne semblait devoir terminer sa carri\u00e8re aux \u00c9tats-Unis, au Los Angeles FC, au c\u00f4t\u00e9 de l&rsquo;ex-gardien et capitaine de l&rsquo;\u00e9quipe de France Hugo Lloris.<\/p>\n<p class=\"mb-4 text-lg md:leading-8 break-words\">Mais le bilan du champion du monde 2018 n&rsquo;a pas \u00e9t\u00e9 tr\u00e8s fameux sous les couleurs du club californien, avec lequel il n&rsquo;a inscrit que trois buts en saison r\u00e9guli\u00e8re de MLS (Major League Soccer), la ligue nord-am\u00e9ricaine.<\/p>\n<p class=\"mb-4 text-lg md:leading-8 break-words\">Le Losc \u00ab\u00a0coche beaucoup de cases pour moi et ma famille\u00a0\u00bb, avait affirm\u00e9 Olivier Giroud lundi au terme de son dernier match avec le Los Angeles FC, \u00ab\u00a0tr\u00e8s motiv\u00e9 par ce nouveau d\u00e9fi\u00a0\u00bb.<\/p>\n<p class=\"mb-4 text-lg md:leading-8 break-words\">\u00ab\u00a0J&rsquo;esp\u00e8re que je pourrai \u00eatre utile \u00e0 l&rsquo;\u00e9quipe, un leader et quelqu&rsquo;un qui met du liant sur le terrain et en-dehors avec les jeunes, avait-il d\u00e9taill\u00e9. Je suis excit\u00e9 \u00e0 l&rsquo;id\u00e9e de jouer la Ligue Europa. Lille est un grand club en France, un des cinq meilleurs\u00a0\u00bb, avait-il ajout\u00e9.<\/p>\n<p class=\"mb-4 text-lg md:leading-8 break-words\">&#8211; Titulaire ou doublure ? &#8211;<\/p>\n<p class=\"mb-4 text-lg md:leading-8 break-words\">Avec le Chamb\u00e9rien, qui aura 39 ans le 30 septembre, Lille esp\u00e8re avoir trouv\u00e9 un rempla\u00e7ant \u00e0 son attaquant vedette des cinq derni\u00e8res saisons, le Canadien Jonathan David, parti libre au terme de son contrat.<\/p>\n<p class=\"mb-4 text-lg md:leading-8 break-words\">Il apporterait \u00e9galement son exp\u00e9rience \u00e0 un club qui en a souvent manqu\u00e9 dans les grands rendez-vous, passant \u00e0 c\u00f4t\u00e9 d&rsquo;une premi\u00e8re qualification pour les quarts de finale de la Ligue des champions\u00a0qui lui tendait les bras au printemps, par exemple.<\/p>\n<p class=\"mb-4 text-lg md:leading-8 break-words\">Rien ne dit toutefois que Giroud, au cr\u00e9puscule de sa carri\u00e8re, sera le buteur attitr\u00e9 des Dogues, qui doivent encore recruter \u00e0 ce poste.<\/p>\n<p class=\"mb-4 text-lg md:leading-8 break-words\">Mais m\u00eame dans un r\u00f4le de rempla\u00e7ant, sa pr\u00e9sence pourrait \u00eatre b\u00e9n\u00e9fique \u00e0 un groupe qui a manqu\u00e9 de leaders, \u00e0 l&rsquo;exception de son capitaine Benjamin Andr\u00e9, et qui a pour objectif de retourner en Ligue des champions au terme de la saison prochaine.<\/p>\n<p class=\"mb-4 text-lg md:leading-8 break-words\">Giroud, \u00e9galement vainqueur de la Ligue des nations avec l&rsquo;\u00e9quipe de France en 2021, est le deuxi\u00e8me glorieux rescap\u00e9 de l&rsquo;\u00e9pop\u00e9e des Bleus \u00e0 la Coupe du monde 2018 \u00e0 revenir en France cet \u00e9t\u00e9 apr\u00e8s la signature de Paul Pogba \u00e0 l&rsquo;AS Monaco.<\/p>\n<p class=\"mb-4 text-lg md:leading-8 break-words\">\u00ab\u00a0Le public fran\u00e7ais est content que Paul Pogba (qui s&rsquo;est engag\u00e9 \u00e0 Monaco, NDLR) et moi retournions dans le championnat fran\u00e7ais. Si vous m&rsquo;aviez demand\u00e9 il y a quelques ann\u00e9es, je vous aurais r\u00e9pondu que ce n&rsquo;\u00e9tait pas le plan de revenir. Mais on ne sait jamais\u00a0\u00bb, a-t-il justifi\u00e9.<\/p>\n<p class=\"mb-4 text-lg md:leading-8 break-words\">Mais il ne retrouvera pas son ancien co\u00e9quipier Samuel Umtiti, autre taulier des Bleus lors de leur campagne de Russie, qui a quitt\u00e9 Lille \u00e0 l&rsquo;issue de la saison \u00e9coul\u00e9e, sans jamais s&rsquo;y \u00eatre impos\u00e9 \u00e0 cause de blessures \u00e0 r\u00e9p\u00e9tition.<\/p>\n<p class=\"mb-4 text-lg md:leading-8 break-words\">Son recrutement dans la capitale des Flandres est le troisi\u00e8me de ce mercato estival, apr\u00e8s ceux de l&rsquo;ailier international Espoirs norv\u00e9gien Marius Broholm, venu compenser le d\u00e9part attendu d&rsquo;Edon Zhegrova, et du gardien belge Arnaud Bodart.<\/p>\n<p class=\"mb-4 text-lg md:leading-8 break-words\">rbo-alh\/dar\/roc<\/p>\n","protected":false},"excerpt":{"rendered":"Apr\u00e8s Paul Pogba \u00e0 Monaco, la Ligue 1 comptera un nouveau champion du monde 2018 la saison prochaine&hellip;\n","protected":false},"author":2,"featured_media":219509,"comment_status":"","ping_status":"","sticky":false,"template":"","format":"standard","meta":{"footnotes":""},"categories":[2815],"tags":[1111,11,35864,7151,1777,674,19651,1011,27,811,8094,5843,1307,34418,2267,8628,3127,12,5959,32134,25,34852,34853],"class_list":{"0":"post-219508","1":"post","2":"type-post","3":"status-publish","4":"format-standard","5":"has-post-thumbnail","7":"category-lille","8":"tag-actu","9":"tag-actualites","10":"tag-arnaud-bodart","11":"tag-coupe-du-monde-des-clubs","12":"tag-eu","13":"tag-europe","14":"tag-finale-de-la-ligue-des-champions","15":"tag-fr","16":"tag-france","17":"tag-hauts-de-france","18":"tag-jonathan-david","19":"tag-ligue-europa","20":"tag-lille","21":"tag-los-angeles-fc","22":"tag-losc","23":"tag-milan","24":"tag-monaco","25":"tag-news","26":"tag-olivier-giroud","27":"tag-paul-pogba","28":"tag-republique-francaise","29":"tag-samuel-umtiti","30":"tag-zhegrova"},"share_on_mastodon":{"url":"","error":""},"_links":{"self":[{"href":"https:\/\/www.europesays.com\/fr\/wp-json\/wp\/v2\/posts\/219508","targetHints":{"allow":["GET"]}}],"collection":[{"href":"https:\/\/www.europesays.com\/fr\/wp-json\/wp\/v2\/posts"}],"about":[{"href":"https:\/\/www.europesays.com\/fr\/wp-json\/wp\/v2\/types\/post"}],"author":[{"embeddable":true,"href":"https:\/\/www.europesays.com\/fr\/wp-json\/wp\/v2\/users\/2"}],"replies":[{"embeddable":true,"href":"https:\/\/www.europesays.com\/fr\/wp-json\/wp\/v2\/comments?post=219508"}],"version-history":[{"count":0,"href":"https:\/\/www.europesays.com\/fr\/wp-json\/wp\/v2\/posts\/219508\/revisions"}],"wp:featuredmedia":[{"embeddable":true,"href":"https:\/\/www.europesays.com\/fr\/wp-json\/wp\/v2\/media\/219509"}],"wp:attachment":[{"href":"https:\/\/www.europesays.com\/fr\/wp-json\/wp\/v2\/media?parent=219508"}],"wp:term":[{"taxonomy":"category","embeddable":true,"href":"https:\/\/www.europesays.com\/fr\/wp-json\/wp\/v2\/categories?post=219508"},{"taxonomy":"post_tag","embeddable":true,"href":"https:\/\/www.europesays.com\/fr\/wp-json\/wp\/v2\/tags?post=219508"}],"curies":[{"name":"wp","href":"https:\/\/api.w.org\/{rel}","templated":true}]}}