{"id":21951,"date":"2025-04-13T10:42:07","date_gmt":"2025-04-13T10:42:07","guid":{"rendered":"https:\/\/www.europesays.com\/fr\/21951\/"},"modified":"2025-04-13T10:42:07","modified_gmt":"2025-04-13T10:42:07","slug":"candidat-a-la-mairie-de-paris-emmanuel-gregoire-propose-dorganiser-le-marathon-sur-le-peripherique-en-2026","status":"publish","type":"post","link":"https:\/\/www.europesays.com\/fr\/21951\/","title":{"rendered":"Candidat \u00e0 la mairie de Paris, Emmanuel Gr\u00e9goire propose d&rsquo;organiser le marathon sur le p\u00e9riph\u00e9rique en 2026"},"content":{"rendered":"<p>            Par<br \/>\n        <strong><br \/>\n            <a href=\"https:\/\/actu.fr\/auteur\/antoine-grotteria02\" title=\"Consulter tous les articles de Antoine Grotteria\" rel=\"nofollow noopener\" target=\"_blank\">Antoine Grotteria<\/a><br \/>\n        <\/strong><\/p>\n<p>        Publi\u00e9 le<\/p>\n<p>            13 avr. 2025 \u00e0 11h28        <\/p>\n<p>Il y voit un \u00ab\u2009geste politique et urbain\u2009\u00bb. <a href=\"https:\/\/actu.fr\/ile-de-france\/paris_75056\/paris-est-la-passion-de-ma-vie-le-depute-emmanuel-gregoire-pret-a-remplacer-anne-hidalgo-en-2026_61882394.html\" rel=\"nofollow noopener\" target=\"_blank\">Candidat \u00e0 la mairie de Paris<\/a> en 2026, <a href=\"https:\/\/actu.fr\/tag\/emmanuel-gregoire\" rel=\"nofollow noopener\" target=\"_blank\">Emmanuel Gr\u00e9goire<\/a> veut red\u00e9finir le <strong>r\u00f4le et l\u2019usage du boulevard p\u00e9riph\u00e9rique<\/strong>. Parmi ses propositions, la derni\u00e8re en date ne devrait pas manquer de susciter des r\u00e9actions. Dans une tribune publi\u00e9e sur le site du <a href=\"https:\/\/www.huffingtonpost.fr\/sport\/article\/marathon-de-paris-courir-le-peripherique-en-2026-pour-inventer-de-nouveaux-imaginaires-tribune_248701.html\" rel=\"nofollow noopener\" target=\"_blank\">HuffPost<\/a>, ce dimanche 13\u00a0avril 2025, le d\u00e9put\u00e9 socialiste et ex-premier adjoint \u00e0 la maire de Paris sugg\u00e8re d\u2019organiser le <a href=\"https:\/\/actu.fr\/ile-de-france\/paris_75056\/marathon-de-paris-2025-les-restrictions-de-circulation-et-de-stationnement-a-prevoir-ce-week-end_62488544.html\" rel=\"nofollow noopener\" target=\"_blank\">marathon de Paris<\/a> <strong>autour de la capitale<\/strong>, sur les axes la s\u00e9parant des d\u00e9partements limitrophes, en 2026.<\/p>\n<p>Transformer le p\u00e9riph\u00e9rique en boulevard m\u00e9tropolitain d\u2019ici \u00e0 2035<\/p>\n<p class=\" wall-content\">La prochaine \u00e9dition repr\u00e9sente un marqueur symbolique dans l\u2019histoire de cette course de 42,195 kilom\u00e8tres. Elle f\u00eatera ses <strong>50\u00a0ans<\/strong>. Un \u00e2ge quasiment \u00e9quivalent au p\u00e9riph\u00e9rique. Et pourtant, jamais les deux ne se sont unis. Favorable \u00e0 une transformation de la ceinture en \u00ab\u2009un espace <strong>partag\u00e9<\/strong>, <strong>apais\u00e9<\/strong> (et) <strong>v\u00e9g\u00e9talis\u00e9<\/strong>\u2009\u00bb, Emmanuel Gr\u00e9goire souhaite c\u00e9l\u00e9brer leurs noces pour \u00ab\u2009renverser les imaginaires\u2009\u00bb.<\/p>\n<p class=\" wall-content\">Dans ses projections, le d\u00e9put\u00e9 de la 7e circonscription plaide pour une travers\u00e9e du p\u00e9riph\u00e9rique \u00ab<strong>\u2009\u00e0 pied, \u00e0 v\u00e9lo, en courant<\/strong>\u2009\u00bb. Une mani\u00e8re de se \u00ab\u2009r\u00e9approprier\u2009\u00bb l\u2019espace dans un contexte peu reluisant. Car, nonobstant l\u2019introduction de la <a href=\"https:\/\/actu.fr\/ile-de-france\/paris_75056\/amendes-regles-date-5-choses-a-savoir-sur-les-voies-dediees-au-covoiturage-sur-le-peripherique-a-paris_62206492.html\" rel=\"nofollow noopener\" target=\"_blank\">voie r\u00e9serv\u00e9e au covoiturage<\/a> et <a href=\"https:\/\/actu.fr\/ile-de-france\/paris_75056\/peripherique-de-paris-a-50-km-h-pourquoi-les-radars-ne-vont-pas-commencer-a-flasher-immediatement_61672159.html\" rel=\"nofollow noopener\" target=\"_blank\">l\u2019abaissement de la vitesse \u00e0 50\u00a0km\/h<\/a>, le p\u00e9riph\u00e9rique continue d\u2019engendrer de la <a href=\"https:\/\/actu.fr\/paris\/pollution\" rel=\"nofollow noopener\" target=\"_blank\">pollution<\/a>. Et ce, m\u00eame si la qualit\u00e9 de l\u2019air s\u2019est <a href=\"https:\/\/actu.fr\/ile-de-france\/paris_75056\/on-respire-de-mieux-en-mieux-en-ile-de-france-en-vingt-ans-la-pollution-de-l-air-a-ete-divisee-par-deux_62485266.html\" rel=\"nofollow noopener\" target=\"_blank\">am\u00e9lior\u00e9e<\/a> en \u00cele-de-France au cours des deux derni\u00e8res d\u00e9cennies.<\/p>\n<p class=\" wall-content\">De son c\u00f4t\u00e9, Emmanuel Gr\u00e9goire veut aller plus loin en am\u00e9nageant le p\u00e9riph\u00e9rique comme un boulevard m\u00e9tropolitain d\u2019ici \u00e0 2035. Une proposition qui s\u2019ajoute \u00e0 celles concernant les mobilit\u00e9s douces. Interrog\u00e9 sur BFM Paris \u00cele-de-France dans l\u2019\u00e9mission \u00ab\u2009\u00cele-de-France Politiques\u2009\u00bb, avec <a href=\"https:\/\/actu.fr\/ile-de-france\/paris_75056\/dans-la-continuite-mais-comment-emmanuel-gregoire-souhaite-s-emparer-de-la-mairie-de-paris_61993900.html\" rel=\"nofollow noopener\" target=\"_blank\">actu<\/a>, il indiquait vouloir pi\u00e9tonniser <strong>1\u2009000 rues<\/strong> parisiennes.<\/p>\n<p class=\" wall-content\">Suivez toute l\u2019actualit\u00e9 de vos villes et m\u00e9dias favoris en vous inscrivant \u00e0 <a href=\"https:\/\/moncompte.actu.fr\" title=\"D\u00e9couvez Mon Actu\" rel=\"nofollow noopener\" data-trk=\"{&quot;cta&quot;:{&quot;action&quot;:&quot;https:\\\/\\\/moncompte.actu.fr&quot;,&quot;category&quot;:&quot;mon compte&quot;,&quot;from&quot;:&quot;article footer&quot;,&quot;name&quot;:&quot;Mon actu&quot;,&quot;type&quot;:&quot;cta&quot;}}\" target=\"_blank\">Mon Actu<\/a>.<\/p>\n","protected":false},"excerpt":{"rendered":"Par Antoine Grotteria Publi\u00e9 le 13 avr. 2025 \u00e0 11h28 Il y voit un \u00ab\u2009geste politique et urbain\u2009\u00bb.&hellip;\n","protected":false},"author":2,"featured_media":21952,"comment_status":"","ping_status":"","sticky":false,"template":"","format":"standard","meta":{"footnotes":""},"categories":[1888],"tags":[1111,1928,11,1927,8186,1777,674,1011,27,12,1926,626,1925,4013,1800,25,60],"class_list":{"0":"post-21951","1":"post","2":"type-post","3":"status-publish","4":"format-standard","5":"has-post-thumbnail","7":"category-paris","8":"tag-actu","9":"tag-actu-paris","10":"tag-actualites","11":"tag-actualites-paris","12":"tag-emmanuel-gregoire","13":"tag-eu","14":"tag-europe","15":"tag-fr","16":"tag-france","17":"tag-news","18":"tag-news-paris","19":"tag-paris","20":"tag-paris-news","21":"tag-peripherique","22":"tag-pollution","23":"tag-republique-francaise","24":"tag-sports"},"share_on_mastodon":{"url":"","error":""},"_links":{"self":[{"href":"https:\/\/www.europesays.com\/fr\/wp-json\/wp\/v2\/posts\/21951","targetHints":{"allow":["GET"]}}],"collection":[{"href":"https:\/\/www.europesays.com\/fr\/wp-json\/wp\/v2\/posts"}],"about":[{"href":"https:\/\/www.europesays.com\/fr\/wp-json\/wp\/v2\/types\/post"}],"author":[{"embeddable":true,"href":"https:\/\/www.europesays.com\/fr\/wp-json\/wp\/v2\/users\/2"}],"replies":[{"embeddable":true,"href":"https:\/\/www.europesays.com\/fr\/wp-json\/wp\/v2\/comments?post=21951"}],"version-history":[{"count":0,"href":"https:\/\/www.europesays.com\/fr\/wp-json\/wp\/v2\/posts\/21951\/revisions"}],"wp:featuredmedia":[{"embeddable":true,"href":"https:\/\/www.europesays.com\/fr\/wp-json\/wp\/v2\/media\/21952"}],"wp:attachment":[{"href":"https:\/\/www.europesays.com\/fr\/wp-json\/wp\/v2\/media?parent=21951"}],"wp:term":[{"taxonomy":"category","embeddable":true,"href":"https:\/\/www.europesays.com\/fr\/wp-json\/wp\/v2\/categories?post=21951"},{"taxonomy":"post_tag","embeddable":true,"href":"https:\/\/www.europesays.com\/fr\/wp-json\/wp\/v2\/tags?post=21951"}],"curies":[{"name":"wp","href":"https:\/\/api.w.org\/{rel}","templated":true}]}}