{"id":219514,"date":"2025-07-02T01:26:12","date_gmt":"2025-07-02T01:26:12","guid":{"rendered":"https:\/\/www.europesays.com\/fr\/219514\/"},"modified":"2025-07-02T01:26:12","modified_gmt":"2025-07-02T01:26:12","slug":"canicule-un-incendie-se-declare-pres-de-lyon-une-epaisse-fumee-visible-dans-le-ciel","status":"publish","type":"post","link":"https:\/\/www.europesays.com\/fr\/219514\/","title":{"rendered":"Canicule. Un incendie se d\u00e9clare pr\u00e8s de Lyon, une \u00e9paisse fum\u00e9e visible dans le ciel"},"content":{"rendered":"<p>            Par<br \/>\n        <strong><br \/>\n            <a href=\"https:\/\/actu.fr\/auteur\/julien-sournies\" title=\"Consulter tous les articles de Julien Sournies\" rel=\"nofollow noopener\" target=\"_blank\">Julien Sournies<\/a><br \/>\n        <\/strong><\/p>\n<p>        Publi\u00e9 le<\/p>\n<p>            1 juil. 2025 \u00e0 17h11<br \/>\n        ; mis \u00e0 jour le 1 juil. 2025 \u00e0 18h23    <\/p>\n<p>La fum\u00e9e commence \u00e0 \u00eatre visible dans le ciel de cette commune situ\u00e9e au sud de <a href=\"https:\/\/actu.fr\/lyon\/\" rel=\"nofollow noopener\" target=\"_blank\">Lyon<\/a>. Ce mardi 1er juillet 2025, un <strong>incendie<\/strong> s\u2019est en effet d\u00e9clar\u00e9 \u00e0 Ternay (Rh\u00f4ne) en milieu d\u2019apr\u00e8s-midi, vers 16h30, alors que le d\u00e9partement est plac\u00e9 en vigilance orange <a href=\"https:\/\/actu.fr\/auvergne-rhone-alpes\/lyon_69123\/canicule-a-lyon-une-chaleur-insoutenable-la-prefete-du-rhone-annonce-des-restrictions_62850787.html\" rel=\"nofollow noopener\" target=\"_blank\">canicule<\/a> par M\u00e9t\u00e9o-France.<\/p>\n<p>Un feu de v\u00e9g\u00e9tation<\/p>\n<p class=\" wall-content\">Selon les premiers \u00e9l\u00e9ments communiqu\u00e9s par les sapeurs-pompiers du Rh\u00f4ne, il s\u2019agirait d\u2019un <strong>feu de v\u00e9g\u00e9tation<\/strong>. Selon nos informations, le d\u00e9part du feu a eu lieu dans un champ longeant la route d\u00e9partementale 150.<\/p>\n<blockquote class=\"tiktok-embed\" cite=\"https:\/\/www.tiktok.com\/@actulyon\/video\/7522136697925078294\" data-video-id=\"7522136697925078294\" data-embed-from=\"oembed\" style=\"max-width:605px; min-width:325px;\"><p>\n<a target=\"_blank\" title=\"@actulyon\" href=\"https:\/\/www.tiktok.com\/@actulyon?refer=embed\" rel=\"nofollow noopener\">@actulyon<\/a> <\/p>\n<p>\ud83d\udd25 Une \u00e9paisse fum\u00e9e se forme dans le ciel de Ternay, au sud de Lyon. Un feu de v\u00e9g\u00e9tation s\u2019est d\u00e9clench\u00e9 en milieu d\u2019apr\u00e8s-midi ce mardi 1er juillet. Les pompiers sont actuellement sur les lieux. L\u2019\u00e9tendu des d\u00e9g\u00e2ts est toujours inconnu \u00e0 ce stade ! <a title=\"fyp\" target=\"_blank\" href=\"https:\/\/www.tiktok.com\/tag\/fyp?refer=embed\" rel=\"nofollow noopener\">#fyp<\/a> <a title=\"feu\" target=\"_blank\" href=\"https:\/\/www.tiktok.com\/tag\/feu?refer=embed\" rel=\"nofollow noopener\">#feu<\/a> <a title=\"actu\" target=\"_blank\" href=\"https:\/\/www.tiktok.com\/tag\/actu?refer=embed\" rel=\"nofollow noopener\">#actu<\/a> <a title=\"lyon\" target=\"_blank\" href=\"https:\/\/www.tiktok.com\/tag\/lyon?refer=embed\" rel=\"nofollow noopener\">#lyon<\/a> <\/p>\n<p> <a target=\"_blank\" title=\"\u266c son original - Dresscode.ai\" href=\"https:\/\/www.tiktok.com\/music\/son-original-7353894901488782113?refer=embed\" rel=\"nofollow noopener\">\u266c son original \u2013 Dresscode.ai<\/a> <\/p>\n<\/blockquote>\n<p>    <a href=\"https:\/\/www.google.com\/maps\/embed?pb=!1m18!1m12!1m3!1d32039.69388539018!2d4.729174961018619!3d45.60829857631748!2m3!1f0!2f0!3f0!3m2!1i1024!2i768!4f13.1!3m3!1m2!1s0x47f4e6fdfacf5d29%3A0x408ab2ae4bb1750!2s69360%20Ternay!5e1!3m2!1sfr!2sfr!4v1751384144883!5m2!1sfr!2sfr\" title=\"Ouvrie le lien\" rel=\"nofollow noopener\" target=\"_blank\">Cliquez ici pour visualiser le contenu<\/a><\/p>\n<p class=\" wall-content\">Les soldats du feu ont r\u00e9ussi \u00e0 fixer l\u2019incendie. Le feu de jach\u00e8re et de chaume a rapidement \u00e9t\u00e9 ma\u00eetris\u00e9. Un hectare de v\u00e9g\u00e9tation a br\u00fbl\u00e9, d\u2019apr\u00e8s nos informations.\u00a0<\/p>\n<p>Vid\u00e9os : en ce moment sur Actu<\/p>\n<p class=\" wall-content\">Six engins et 20 sapeurs-pompiers sont intervenus.<\/p>\n<p class=\" wall-content\">Suivez toute l\u2019actualit\u00e9 de vos villes et m\u00e9dias favoris en vous inscrivant \u00e0 <a href=\"https:\/\/moncompte.actu.fr\" title=\"D\u00e9couvez Mon Actu\" rel=\"nofollow noopener\" data-trk=\"{&quot;cta&quot;:{&quot;action&quot;:&quot;https:\\\/\\\/moncompte.actu.fr&quot;,&quot;category&quot;:&quot;mon compte&quot;,&quot;from&quot;:&quot;article footer&quot;,&quot;name&quot;:&quot;Mon actu&quot;,&quot;type&quot;:&quot;cta&quot;}}\" target=\"_blank\">Mon Actu<\/a>.<\/p>\n<p>                    <script async src=\"\/\/www.tiktok.com\/embed.js\"><\/script><\/p>\n","protected":false},"excerpt":{"rendered":"Par Julien Sournies Publi\u00e9 le 1 juil. 2025 \u00e0 17h11 ; mis \u00e0 jour le 1 juil. 2025&hellip;\n","protected":false},"author":2,"featured_media":219515,"comment_status":"","ping_status":"","sticky":false,"template":"","format":"standard","meta":{"footnotes":""},"categories":[1889],"tags":[1111,11,2430,6698,1777,674,118,1011,27,1310,2428,12,1311,25],"class_list":{"0":"post-219514","1":"post","2":"type-post","3":"status-publish","4":"format-standard","5":"has-post-thumbnail","7":"category-lyon","8":"tag-actu","9":"tag-actualites","10":"tag-auvergne-rhone-alpes","11":"tag-canicule","12":"tag-eu","13":"tag-europe","14":"tag-faits-divers","15":"tag-fr","16":"tag-france","17":"tag-incendie","18":"tag-lyon","19":"tag-news","20":"tag-pompiers","21":"tag-republique-francaise"},"share_on_mastodon":{"url":"","error":""},"_links":{"self":[{"href":"https:\/\/www.europesays.com\/fr\/wp-json\/wp\/v2\/posts\/219514","targetHints":{"allow":["GET"]}}],"collection":[{"href":"https:\/\/www.europesays.com\/fr\/wp-json\/wp\/v2\/posts"}],"about":[{"href":"https:\/\/www.europesays.com\/fr\/wp-json\/wp\/v2\/types\/post"}],"author":[{"embeddable":true,"href":"https:\/\/www.europesays.com\/fr\/wp-json\/wp\/v2\/users\/2"}],"replies":[{"embeddable":true,"href":"https:\/\/www.europesays.com\/fr\/wp-json\/wp\/v2\/comments?post=219514"}],"version-history":[{"count":0,"href":"https:\/\/www.europesays.com\/fr\/wp-json\/wp\/v2\/posts\/219514\/revisions"}],"wp:featuredmedia":[{"embeddable":true,"href":"https:\/\/www.europesays.com\/fr\/wp-json\/wp\/v2\/media\/219515"}],"wp:attachment":[{"href":"https:\/\/www.europesays.com\/fr\/wp-json\/wp\/v2\/media?parent=219514"}],"wp:term":[{"taxonomy":"category","embeddable":true,"href":"https:\/\/www.europesays.com\/fr\/wp-json\/wp\/v2\/categories?post=219514"},{"taxonomy":"post_tag","embeddable":true,"href":"https:\/\/www.europesays.com\/fr\/wp-json\/wp\/v2\/tags?post=219514"}],"curies":[{"name":"wp","href":"https:\/\/api.w.org\/{rel}","templated":true}]}}