{"id":219516,"date":"2025-07-02T01:27:13","date_gmt":"2025-07-02T01:27:13","guid":{"rendered":"https:\/\/www.europesays.com\/fr\/219516\/"},"modified":"2025-07-02T01:27:13","modified_gmt":"2025-07-02T01:27:13","slug":"previsions-du-mercredi-2-juillet-2025-9","status":"publish","type":"post","link":"https:\/\/www.europesays.com\/fr\/219516\/","title":{"rendered":"pr\u00e9visions du mercredi 2 juillet 2025"},"content":{"rendered":"<p>Le soleil sera dominant, la garantie d&rsquo;une magnifique journ\u00e9e \u00e0 Lyon ! Les maximales pourront atteindre 38\u00b0C et les minimales seront de 20\u00b0C : c&rsquo;est donc un superbe \u00e9t\u00e9. Les temp\u00e9ratures maximums pr\u00e9vues le matin sont \u00e9lev\u00e9es, avec 35\u00b0C. Un petit vent de sud-est soufflera. L&rsquo;\u00e9t\u00e9 s&rsquo;installe ! Les temp\u00e9ratures vont grimper pendant l&rsquo;apr\u00e8s-midi de plusieurs degr\u00e9s. Les importantes chaleurs sont pr\u00e9sentes. Avec des valeurs comprises entre 33 et 38\u00b0C. La ville profitera de quelques \u00e9claircies le soir. L&rsquo;\u00e9pisode de fortes chaleurs est bien l\u00e0, avec des temp\u00e9ratures qui pourront monter jusqu&rsquo;\u00e0 31\u00b0C. Un ciel clair est pr\u00e9vu dans la nuit entre mercredi et jeudi.<\/p>\n<p>Demain, le mercure va baisser de plusieurs degr\u00e9s \u00e0 Lyon. On anticipe des valeurs d&rsquo;environ 24\u00b0C. Un vent de nord-ouest rafra\u00eechira sensiblement l&rsquo;atmosph\u00e8re. Le soleil se montrerait plus t\u00f4t dans la matin\u00e9e si des nuages n&rsquo;\u00e9taient pas pr\u00e9sents dans le ciel. Du mauvais temps est \u00e0 pr\u00e9voir. Des pluies \u00e9parses vont tomber. Le soleil sera au rendez-vous : un bel apr\u00e8s-midi se pr\u00e9sente ! Il va faire chaud avec des temp\u00e9ratures qui afficheront entre 25 et 27\u00b0C. Les valeurs tourneront autour des 23\u00b0C dans la soir\u00e9e.<\/p>\n<p>Pour les jours \u00e0 venir, le temps ne bougera pas. Le temps sera ensoleill\u00e9 avec des temp\u00e9ratures autour de 32\u00b0C.<\/p>\n<p>N&rsquo;oubliez pas de boire r\u00e9guli\u00e8rement, m\u00eame si vous n&rsquo;avez pas soif, pendant ces p\u00e9riodes de fortes chaleurs. Evitez de vous exposer entre 12h et 16h et faites particuli\u00e8rement attention aux personnes les plus fragiles comme les a\u00een\u00e9s ou les nouveau-n\u00e9s.<\/p>\n","protected":false},"excerpt":{"rendered":"Le soleil sera dominant, la garantie d&rsquo;une magnifique journ\u00e9e \u00e0 Lyon ! Les maximales pourront atteindre 38\u00b0C et&hellip;\n","protected":false},"author":2,"featured_media":219517,"comment_status":"","ping_status":"","sticky":false,"template":"","format":"standard","meta":{"footnotes":""},"categories":[1889],"tags":[1111,11,2430,1777,674,1011,27,2428,12,2119,25],"class_list":{"0":"post-219516","1":"post","2":"type-post","3":"status-publish","4":"format-standard","5":"has-post-thumbnail","7":"category-lyon","8":"tag-actu","9":"tag-actualites","10":"tag-auvergne-rhone-alpes","11":"tag-eu","12":"tag-europe","13":"tag-fr","14":"tag-france","15":"tag-lyon","16":"tag-news","17":"tag-previsions-meteo","18":"tag-republique-francaise"},"share_on_mastodon":{"url":"","error":""},"_links":{"self":[{"href":"https:\/\/www.europesays.com\/fr\/wp-json\/wp\/v2\/posts\/219516","targetHints":{"allow":["GET"]}}],"collection":[{"href":"https:\/\/www.europesays.com\/fr\/wp-json\/wp\/v2\/posts"}],"about":[{"href":"https:\/\/www.europesays.com\/fr\/wp-json\/wp\/v2\/types\/post"}],"author":[{"embeddable":true,"href":"https:\/\/www.europesays.com\/fr\/wp-json\/wp\/v2\/users\/2"}],"replies":[{"embeddable":true,"href":"https:\/\/www.europesays.com\/fr\/wp-json\/wp\/v2\/comments?post=219516"}],"version-history":[{"count":0,"href":"https:\/\/www.europesays.com\/fr\/wp-json\/wp\/v2\/posts\/219516\/revisions"}],"wp:featuredmedia":[{"embeddable":true,"href":"https:\/\/www.europesays.com\/fr\/wp-json\/wp\/v2\/media\/219517"}],"wp:attachment":[{"href":"https:\/\/www.europesays.com\/fr\/wp-json\/wp\/v2\/media?parent=219516"}],"wp:term":[{"taxonomy":"category","embeddable":true,"href":"https:\/\/www.europesays.com\/fr\/wp-json\/wp\/v2\/categories?post=219516"},{"taxonomy":"post_tag","embeddable":true,"href":"https:\/\/www.europesays.com\/fr\/wp-json\/wp\/v2\/tags?post=219516"}],"curies":[{"name":"wp","href":"https:\/\/api.w.org\/{rel}","templated":true}]}}