{"id":219518,"date":"2025-07-02T01:28:16","date_gmt":"2025-07-02T01:28:16","guid":{"rendered":"https:\/\/www.europesays.com\/fr\/219518\/"},"modified":"2025-07-02T01:28:16","modified_gmt":"2025-07-02T01:28:16","slug":"ile-de-france-la-note-financiere-a-perspective-negative-la-region-pointe-celle-de-letat","status":"publish","type":"post","link":"https:\/\/www.europesays.com\/fr\/219518\/","title":{"rendered":"\u00cele-de-France\u00a0: la note financi\u00e8re \u00ab\u00a0\u00e0 perspective n\u00e9gative\u00a0\u00bb, la R\u00e9gion pointe celle de l&rsquo;\u00c9tat"},"content":{"rendered":"\n<p lang=\"fr-FR\" style=\"margin-bottom: 0cm;\">R\u00e9cemment, l\u2019agence de notation financi\u00e8re Fitch ratings a confirm\u00e9 les notes de la R\u00e9gion \u00cele-de-France\u00a0: note long terme AA-, perspective n\u00e9gative. Une note \u00ab\u00a0plafonn\u00e9e par celle de l&rsquo;Etat mais ses fondamentaux restent meilleurs, ce qui vaut [\u00e0 la R\u00e9gion, NDLR] le maintien de la note intrins\u00e8que de aa+\u00a0\u00bb. Cette derni\u00e8re permet de juger les finances du conseil r\u00e9gional en mettant de c\u00f4t\u00e9 la note de l&rsquo;\u00c9tat. Elle refl\u00e8te la capacit\u00e9 \u00e0 g\u00e9n\u00e9rer des revenus ou encore le niveau d&rsquo;endettement.<\/p>\n<p lang=\"fr-FR\" style=\"margin-bottom: 0cm; font-style: normal;\">\u00a0<\/p>\n<p lang=\"fr-FR\" style=\"margin-bottom: 0cm;\">Nicolas Chacun<\/p>\n<p>!function(f,b,e,v,n,t,s){if(f.fbq)return;n=f.fbq=function(){n.callMethod?<br \/>\nn.callMethod.apply(n,arguments):n.queue.push(arguments)};if(!f._fbq)f._fbq=n;<br \/>\nn.push=n;n.loaded=!0;n.version=&rsquo;2.0&prime;;n.queue=[];t=b.createElement(e);t.async=!0;<br \/>\nt.src=v;s=b.getElementsByTagName(e)[0];s.parentNode.insertBefore(t,s)}(window,<br \/>\ndocument,&rsquo;script&rsquo;,&rsquo;https:\/\/connect.facebook.net\/en_US\/fbevents.js&rsquo;);<br \/>\nfbq(&lsquo;init&rsquo;, &lsquo;278974969201861&rsquo;); \/\/ Insert your pixel ID here.<br \/>\nfbq(&lsquo;track&rsquo;, &lsquo;PageView&rsquo;);<\/p>\n","protected":false},"excerpt":{"rendered":"R\u00e9cemment, l\u2019agence de notation financi\u00e8re Fitch ratings a confirm\u00e9 les notes de la R\u00e9gion \u00cele-de-France\u00a0: note long terme&hellip;\n","protected":false},"author":2,"featured_media":47290,"comment_status":"","ping_status":"","sticky":false,"template":"","format":"standard","meta":{"footnotes":""},"categories":[1592],"tags":[1111,11,1933,1936,1777,1939,674,1011,27,662,1934,12,1940,626,1935,25,1937,1941,1938],"class_list":{"0":"post-219518","1":"post","2":"type-post","3":"status-publish","4":"format-standard","5":"has-post-thumbnail","7":"category-ile-de-france","8":"tag-actu","9":"tag-actualites","10":"tag-actualites-locales","11":"tag-essonne","12":"tag-eu","13":"tag-eure-et-loir","14":"tag-europe","15":"tag-fr","16":"tag-france","17":"tag-ile-de-france","18":"tag-infos-locales","19":"tag-news","20":"tag-oise","21":"tag-paris","22":"tag-pres-de-chez-vous","23":"tag-republique-francaise","24":"tag-seine-et-marne","25":"tag-somme","26":"tag-yvelines"},"share_on_mastodon":{"url":"","error":""},"_links":{"self":[{"href":"https:\/\/www.europesays.com\/fr\/wp-json\/wp\/v2\/posts\/219518","targetHints":{"allow":["GET"]}}],"collection":[{"href":"https:\/\/www.europesays.com\/fr\/wp-json\/wp\/v2\/posts"}],"about":[{"href":"https:\/\/www.europesays.com\/fr\/wp-json\/wp\/v2\/types\/post"}],"author":[{"embeddable":true,"href":"https:\/\/www.europesays.com\/fr\/wp-json\/wp\/v2\/users\/2"}],"replies":[{"embeddable":true,"href":"https:\/\/www.europesays.com\/fr\/wp-json\/wp\/v2\/comments?post=219518"}],"version-history":[{"count":0,"href":"https:\/\/www.europesays.com\/fr\/wp-json\/wp\/v2\/posts\/219518\/revisions"}],"wp:featuredmedia":[{"embeddable":true,"href":"https:\/\/www.europesays.com\/fr\/wp-json\/wp\/v2\/media\/47290"}],"wp:attachment":[{"href":"https:\/\/www.europesays.com\/fr\/wp-json\/wp\/v2\/media?parent=219518"}],"wp:term":[{"taxonomy":"category","embeddable":true,"href":"https:\/\/www.europesays.com\/fr\/wp-json\/wp\/v2\/categories?post=219518"},{"taxonomy":"post_tag","embeddable":true,"href":"https:\/\/www.europesays.com\/fr\/wp-json\/wp\/v2\/tags?post=219518"}],"curies":[{"name":"wp","href":"https:\/\/api.w.org\/{rel}","templated":true}]}}