{"id":219519,"date":"2025-07-02T01:29:10","date_gmt":"2025-07-02T01:29:10","guid":{"rendered":"https:\/\/www.europesays.com\/fr\/219519\/"},"modified":"2025-07-02T01:29:10","modified_gmt":"2025-07-02T01:29:10","slug":"ile-de-france-mymood-la-plateforme-qui-fait-du-bien-a-la-sante-mentale-des-jeunes","status":"publish","type":"post","link":"https:\/\/www.europesays.com\/fr\/219519\/","title":{"rendered":"\u00cele-de-France\u00a0: MyMood, la plateforme qui fait du bien \u00e0 la sant\u00e9 mentale des jeunes"},"content":{"rendered":"<p><img decoding=\"async\" class=\"\" style=\"width:100%\" src=\"https:\/\/www.europesays.com\/fr\/wp-content\/uploads\/2025\/07\/sant__mentale1700764491577.png\" alt=\"Sant\u00e9 mentale\"\/><\/p>\n<p>Sant\u00e9 mentale<\/p>\n<p>Cr\u00e9dit : Pixabay \/ RosZie<\/p>\n<p lang=\"fr-FR\" style=\"margin-bottom: 0cm;\">La Fondation FondaMental, avec la R\u00e9gion, vient de lancer <a href=\"https:\/\/my-mood.fr\/\" target=\"_blank\" rel=\"noopener\"><strong>MyMood<\/strong><\/a>, une plateforme num\u00e9rique pens\u00e9e pour les 15-25 ans. Elle vise \u00e0 pr\u00e9venir, \u00e9valuer et orienter en mati\u00e8re de sant\u00e9 mentale, \u00e0 travers des outils d\u2019auto-\u00e9valuation (valid\u00e9s scientifiquement), des contenus p\u00e9dagogiques (vid\u00e9os, podcasts, applis), et une carte des dispositifs d\u2019aide en \u00cele-de-France. Ce lancement intervient alors que les chiffres sont alarmants : 50\u202f% des jeunes pr\u00e9sentent des sympt\u00f4mes d\u00e9pressifs, 40\u202f% des troubles anxieux, et pr\u00e8s d\u2019un tiers ont eu des pens\u00e9es suicidaires en un an, selon le Barom\u00e8tre FondaMental 2024.<\/p>\n<p lang=\"fr-FR\" style=\"margin-bottom: 0cm;\">\u00a0<\/p>\n<p lang=\"fr-FR\" style=\"margin-bottom: 0cm;\">Nicolas Chacun<\/p>\n<p>!function(f,b,e,v,n,t,s){if(f.fbq)return;n=f.fbq=function(){n.callMethod?<br \/>\nn.callMethod.apply(n,arguments):n.queue.push(arguments)};if(!f._fbq)f._fbq=n;<br \/>\nn.push=n;n.loaded=!0;n.version=&rsquo;2.0&prime;;n.queue=[];t=b.createElement(e);t.async=!0;<br \/>\nt.src=v;s=b.getElementsByTagName(e)[0];s.parentNode.insertBefore(t,s)}(window,<br \/>\ndocument,&rsquo;script&rsquo;,&rsquo;https:\/\/connect.facebook.net\/en_US\/fbevents.js&rsquo;);<br \/>\nfbq(&lsquo;init&rsquo;, &lsquo;278974969201861&rsquo;); \/\/ Insert your pixel ID here.<br \/>\nfbq(&lsquo;track&rsquo;, &lsquo;PageView&rsquo;);<\/p>\n","protected":false},"excerpt":{"rendered":"Sant\u00e9 mentale Cr\u00e9dit : Pixabay \/ RosZie La Fondation FondaMental, avec la R\u00e9gion, vient de lancer MyMood, une&hellip;\n","protected":false},"author":2,"featured_media":219520,"comment_status":"","ping_status":"","sticky":false,"template":"","format":"standard","meta":{"footnotes":""},"categories":[1592],"tags":[1111,11,1933,1936,1777,1939,674,1011,27,662,1934,12,1940,626,1935,25,1937,1941,1938],"class_list":{"0":"post-219519","1":"post","2":"type-post","3":"status-publish","4":"format-standard","5":"has-post-thumbnail","7":"category-ile-de-france","8":"tag-actu","9":"tag-actualites","10":"tag-actualites-locales","11":"tag-essonne","12":"tag-eu","13":"tag-eure-et-loir","14":"tag-europe","15":"tag-fr","16":"tag-france","17":"tag-ile-de-france","18":"tag-infos-locales","19":"tag-news","20":"tag-oise","21":"tag-paris","22":"tag-pres-de-chez-vous","23":"tag-republique-francaise","24":"tag-seine-et-marne","25":"tag-somme","26":"tag-yvelines"},"share_on_mastodon":{"url":"","error":""},"_links":{"self":[{"href":"https:\/\/www.europesays.com\/fr\/wp-json\/wp\/v2\/posts\/219519","targetHints":{"allow":["GET"]}}],"collection":[{"href":"https:\/\/www.europesays.com\/fr\/wp-json\/wp\/v2\/posts"}],"about":[{"href":"https:\/\/www.europesays.com\/fr\/wp-json\/wp\/v2\/types\/post"}],"author":[{"embeddable":true,"href":"https:\/\/www.europesays.com\/fr\/wp-json\/wp\/v2\/users\/2"}],"replies":[{"embeddable":true,"href":"https:\/\/www.europesays.com\/fr\/wp-json\/wp\/v2\/comments?post=219519"}],"version-history":[{"count":0,"href":"https:\/\/www.europesays.com\/fr\/wp-json\/wp\/v2\/posts\/219519\/revisions"}],"wp:featuredmedia":[{"embeddable":true,"href":"https:\/\/www.europesays.com\/fr\/wp-json\/wp\/v2\/media\/219520"}],"wp:attachment":[{"href":"https:\/\/www.europesays.com\/fr\/wp-json\/wp\/v2\/media?parent=219519"}],"wp:term":[{"taxonomy":"category","embeddable":true,"href":"https:\/\/www.europesays.com\/fr\/wp-json\/wp\/v2\/categories?post=219519"},{"taxonomy":"post_tag","embeddable":true,"href":"https:\/\/www.europesays.com\/fr\/wp-json\/wp\/v2\/tags?post=219519"}],"curies":[{"name":"wp","href":"https:\/\/api.w.org\/{rel}","templated":true}]}}