{"id":219521,"date":"2025-07-02T01:30:15","date_gmt":"2025-07-02T01:30:15","guid":{"rendered":"https:\/\/www.europesays.com\/fr\/219521\/"},"modified":"2025-07-02T01:30:15","modified_gmt":"2025-07-02T01:30:15","slug":"canicule-pourquoi-il-devrait-faire-un-peu-moins-chaud-que-prevu-mercredi","status":"publish","type":"post","link":"https:\/\/www.europesays.com\/fr\/219521\/","title":{"rendered":"Canicule\u00a0: pourquoi il devrait faire (un peu) moins chaud que pr\u00e9vu mercredi"},"content":{"rendered":"<p class=\"paragraph text_align_left lp-f-body-02\">Il devrait faire (un peu) moins chaud que pr\u00e9vu. Alors qu\u2019<a href=\"https:\/\/www.leparisien.fr\/meteo\/direct-canicule-16-departements-en-vigilance-rouge-nuit-tropicale-une-journee-tres-chaude-sannonce-01-07-2025-3ARGCQ76V5AOBMOCNHU3DW6Y5A.php\" target=\"_blank\" rel=\"noreferrer nofollow noopener\">une partie de la France suffoque<\/a> ce mardi, avec 16 d\u00e9partements plac\u00e9s <a href=\"https:\/\/www.leparisien.fr\/meteo\/canicule-records-de-temperature-lundi-la-france-a-connu-sa-journee-la-plus-chaude-jamais-enregistree-pour-un-mois-de-juin-01-07-2025-3XMIFVIVBNDPTE5IBW5JPFRZBM.php\" target=\"_blank\" rel=\"noreferrer nofollow noopener\">en vigilance rouge<\/a>, l\u2019\u00e9pisode caniculaire <a href=\"https:\/\/www.leparisien.fr\/meteo\/canicule-baisse-progressive-des-temperatures-a-partir-de-mercredi-ce-week-end-dans-le-sud-est-01-07-2025-NMFV762P3ZBBTPJIEGEBCHSX6Q.php\" target=\"_blank\" rel=\"noreferrer nofollow noopener\">ne devrait pas \u00eatre aussi intense mercredi<\/a>, contrairement aux premi\u00e8res estimations de M\u00e9t\u00e9o France.<\/p>\n<p class=\"paragraph text_align_left lp-f-body-02\">Dimanche, l\u2019institut m\u00e9t\u00e9orologique expliquait que \u00ab <a href=\"https:\/\/www.leparisien.fr\/meteo\/meteo-de-la-semaine-la-canicule-se-poursuit-des-orages-attendus-en-milieu-de-semaine-29-06-2025-J2JFDT2M4BGMDAK2B3JRXX7DPU.php\" target=\"_blank\" rel=\"noreferrer nofollow noopener\">mardi et mercredi constitueront le paroxysme de cet \u00e9pisode caniculaire<\/a> avec des minimales tr\u00e8s \u00e9lev\u00e9es, comprises entre 20 et 24 \u00b0C voire un peu plus tr\u00e8s localement et des maximales atteignant 36 \u00e0 40 \u00b0C avec quelques pointes \u00e0 41 \u00b0C \u00bb. Le pr\u00e9visionniste pr\u00e9voyait une temp\u00e9rature maximale de 40 \u00b0C \u00e0 Paris. Mais ce mardi, il a revu \u00e0 la baisse ses pr\u00e9visions : le mercure ne devrait pas d\u00e9passer les 33\/34 degr\u00e9s dans la capitale, nous indique M\u00e9t\u00e9o France.<\/p>\n<p class=\"paragraph text_align_left lp-f-body-02\">Comment expliquer une telle diff\u00e9rence ? \u00ab Il y a d\u2019abord une question de fiabilit\u00e9, plus on est loin de l\u2019\u00e9ch\u00e9ance, plus les pr\u00e9visions peuvent avoir un biais et donc \u00eatre moins fiables \u00bb, souligne Steven Tual, m\u00e9t\u00e9orologue.<\/p>\n<p class=\"paragraph text_align_left lp-f-body-02\">Mais ce qui explique la baisse du thermom\u00e8tre entre mardi et mercredi, c\u2019est surtout qu\u2019il y a \u00ab un air plus froid qui arrive d\u00e8s ce mardi soir par l\u2019Atlantique, il va rentrer en conflit avec <a href=\"https:\/\/www.leparisien.fr\/societe\/sante\/le-pic-sera-extremement-chaud-partout-combien-de-temps-la-france-va-t-elle-encore-suffoquer-29-06-2025-G5EGJSRJFNH2ZGA7RL6GJRP23U.php\" target=\"_blank\" rel=\"noreferrer nofollow noopener\">le d\u00f4me de chaleur<\/a> et \u00e7a va g\u00e9n\u00e9rer des orages, plus ou moins actifs, mais suffisants pour entra\u00eener une baisse des temp\u00e9ratures \u00bb, poursuit Steven Tual.<\/p>\n<p class=\"paragraph text_align_left lp-f-body-02\">Une tendance confirm\u00e9e par M\u00e9t\u00e9o France aupr\u00e8s du Parisien : \u00ab Les fortes chaleurs vont se concentrer ce mercredi sur l\u2019est du pays, o\u00f9 les 40 \u00b0C pourront encore \u00eatre approch\u00e9s, ainsi que sur une partie de l\u2019\u00cele-de-France et des Pays-de-la-Loire, d\u00e9taille ainsi Corentin Perrot, pr\u00e9visionniste. Mais on aura un net rafra\u00eechissement par l\u2019ouest, avec moins de 30 \u00b0C attendus au plus chaud de la journ\u00e9e sur la fa\u00e7ade Atlantique. \u00bb<\/p>\n<p class=\"title-embed-dailymotion lp-color-text lp-f-subtitle-04\">Vid\u00e9o\u00ab C&rsquo;est impossible de dormir \u00bb : une nuit de canicule avec les Parisiens<\/p>\n<p>Importante baisse \u00e0 l\u2019ouest de Paris<\/p>\n<p class=\"paragraph text_align_left lp-f-body-02\">Les orages attendus, qui seront plut\u00f4t \u00ab des averses orageuses \u00bb, pr\u00e9cise Steven Tual, devraient se mat\u00e9rialiser \u00ab en seconde partie de nuit \u00bb en Bretagne, puis se structurer en Normandie mercredi matin. \u00ab Ils pourraient potentiellement concerner la r\u00e9gion parisienne dans le milieu d\u2019apr\u00e8s-midi \u00bb, avance le m\u00e9t\u00e9orologue, insistant sur le fait que les pr\u00e9visions peuvent encore changer.<\/p>\n<p class=\"paragraph text_align_left lp-f-body-02\">C\u2019est \u00e0 l\u2019ouest de Paris que la baisse des temp\u00e9ratures devrait \u00eatre le plus marqu\u00e9e, d\u2019apr\u00e8s Steven Tual. \u00ab Sur l\u2019ouest de la r\u00e9gion parisienne, de Gisors \u00e0 Chartres, le mercure sera en dessous des 30 \u00b0C, contre une moyenne de 34 \u00b0C sur l\u2019ensemble de la r\u00e9gion \u00bb, explique le m\u00e9t\u00e9orologue.<\/p>\n<p class=\"paragraph text_align_left lp-f-body-02\">En revanche, \u00e0 l\u2019Est, le thermom\u00e8tre sera encore \u00e9lev\u00e9, \u00ab avec des temp\u00e9ratures \u00e0 38\/39 degr\u00e9s et il y a encore des possibilit\u00e9s de 40 degr\u00e9s dans l\u2019Yonne et en Champagne \u00bb, souligne-t-il.<\/p>\n<p>Rafra\u00eechissement d\u2019Ouest en Est<\/p>\n<p class=\"paragraph text_align_left lp-f-body-02\">Ces pr\u00e9visions se confirment avec <a href=\"https:\/\/meteofrance.com\/actualites-et-dossiers\/actualites\/canicule-chaleur-intense-sur-la-quasi-totalite-de-lhexagone\" target=\"_blank\" rel=\"noreferrer nofollow noopener\">le dernier bulletin de M\u00e9t\u00e9o France<\/a>. Selon ce dernier, les temp\u00e9ratures vont baisser progressivement dans la journ\u00e9e, le rafra\u00eechissement s\u2019op\u00e9rera par l\u2019Ouest au petit matin et concernera rapidement le nord-ouest du pays.<\/p>\n<p class=\"paragraph text_align_left lp-f-body-02\">\u00c0 l\u2019ouest, les temp\u00e9ratures minimales resteront \u00e9lev\u00e9es, \u00ab avec g\u00e9n\u00e9ralement entre 20 et 23 \u00b0C au plus frais de la nuit, except\u00e9 de la Bretagne aux Hauts-de-France \u00bb. Dans l\u2019apr\u00e8s-midi, le thermom\u00e8tre grimpera de nouveau \u00ab entre 37 et 39 \u00b0C sur l\u2019est du pays, ainsi que sur l\u2019est de l\u2019\u00cele-de-France et du Centre-Val de Loire \u00bb, peut-on lire.<\/p>\n<p class=\"paragraph text_align_left lp-f-body-02\">Malgr\u00e9 un mercure moins \u00e9lev\u00e9 que pr\u00e9vu, <a href=\"https:\/\/www.leparisien.fr\/meteo\/canicule-la-vigilance-rouge-reconduite-mercredi-dans-16-departements-dont-lile-de-france-01-07-2025-5R5YM3QOCFGRBAWYYWOQYFO2MQ.php\" target=\"_blank\" rel=\"noreferrer nofollow noopener\">la vigilance rouge reste, pour le moment, \u00e9tendue mercredi<\/a> dans les 16 d\u00e9partements d\u00e9j\u00e0 concern\u00e9s ce mardi, dont le Bassin parisien.<\/p>\n","protected":false},"excerpt":{"rendered":"Il devrait faire (un peu) moins chaud que pr\u00e9vu. Alors qu\u2019une partie de la France suffoque ce mardi,&hellip;\n","protected":false},"author":2,"featured_media":219522,"comment_status":"","ping_status":"","sticky":false,"template":"","format":"standard","meta":{"footnotes":""},"categories":[1888],"tags":[1111,1928,11,1927,1777,674,1011,27,2487,12,1926,626,1925,25],"class_list":{"0":"post-219521","1":"post","2":"type-post","3":"status-publish","4":"format-standard","5":"has-post-thumbnail","7":"category-paris","8":"tag-actu","9":"tag-actu-paris","10":"tag-actualites","11":"tag-actualites-paris","12":"tag-eu","13":"tag-europe","14":"tag-fr","15":"tag-france","16":"tag-meteo","17":"tag-news","18":"tag-news-paris","19":"tag-paris","20":"tag-paris-news","21":"tag-republique-francaise"},"share_on_mastodon":{"url":"","error":""},"_links":{"self":[{"href":"https:\/\/www.europesays.com\/fr\/wp-json\/wp\/v2\/posts\/219521","targetHints":{"allow":["GET"]}}],"collection":[{"href":"https:\/\/www.europesays.com\/fr\/wp-json\/wp\/v2\/posts"}],"about":[{"href":"https:\/\/www.europesays.com\/fr\/wp-json\/wp\/v2\/types\/post"}],"author":[{"embeddable":true,"href":"https:\/\/www.europesays.com\/fr\/wp-json\/wp\/v2\/users\/2"}],"replies":[{"embeddable":true,"href":"https:\/\/www.europesays.com\/fr\/wp-json\/wp\/v2\/comments?post=219521"}],"version-history":[{"count":0,"href":"https:\/\/www.europesays.com\/fr\/wp-json\/wp\/v2\/posts\/219521\/revisions"}],"wp:featuredmedia":[{"embeddable":true,"href":"https:\/\/www.europesays.com\/fr\/wp-json\/wp\/v2\/media\/219522"}],"wp:attachment":[{"href":"https:\/\/www.europesays.com\/fr\/wp-json\/wp\/v2\/media?parent=219521"}],"wp:term":[{"taxonomy":"category","embeddable":true,"href":"https:\/\/www.europesays.com\/fr\/wp-json\/wp\/v2\/categories?post=219521"},{"taxonomy":"post_tag","embeddable":true,"href":"https:\/\/www.europesays.com\/fr\/wp-json\/wp\/v2\/tags?post=219521"}],"curies":[{"name":"wp","href":"https:\/\/api.w.org\/{rel}","templated":true}]}}