{"id":219529,"date":"2025-07-02T01:37:10","date_gmt":"2025-07-02T01:37:10","guid":{"rendered":"https:\/\/www.europesays.com\/fr\/219529\/"},"modified":"2025-07-02T01:37:10","modified_gmt":"2025-07-02T01:37:10","slug":"ukraine-iran-nucleaire-tout-savoir-sur-le-premier-appel-depuis-2022-entre-macron-et-poutine","status":"publish","type":"post","link":"https:\/\/www.europesays.com\/fr\/219529\/","title":{"rendered":"Ukraine, Iran, nucl\u00e9aire\u2026 Tout savoir sur le premier appel depuis\u00a02022 entre Macron et Poutine"},"content":{"rendered":"<p>C\u2019est un coup de fil in\u00e9dit depuis pr\u00e8s de trois ans. <a href=\"https:\/\/www.20minutes.fr\/politique\/emmanuel-macron\/\" target=\"_blank\" class=\"color-ultramarine c-link\" rel=\"nofollow noopener\">Emmanuel Macron<\/a> et <a href=\"https:\/\/www.20minutes.fr\/monde\/vladimir_poutine\/\" target=\"_blank\" class=\"color-ultramarine c-link\" rel=\"nofollow noopener\">Vladimir Poutine<\/a> se sont parl\u00e9 mardi. Et malgr\u00e9 leurs positions tr\u00e8s \u00e9loign\u00e9es, les deux dirigeants, qui se sont entretenus durant \u00ab\u00a0plus de deux heures au t\u00e9l\u00e9phone\u00a0\u00bb, sont convenus de continuer \u00ab\u00a0d\u2019\u00e9changer\u00a0\u00bb sur le conflit en Ukraine, a pr\u00e9cis\u00e9 l\u2019Elys\u00e9e.<\/p>\n<p>Moscou et Paris \u00e9taient conjointement \u00e0 \u00ab\u00a0l\u2019origine\u00a0\u00bb de cet appel, a indiqu\u00e9 la pr\u00e9sidence fran\u00e7aise. Emmanuel Macron avait pour sa part averti son homologue <a href=\"https:\/\/www.20minutes.fr\/monde\/volodymyr-zelensky\/\" target=\"_blank\" class=\"color-ultramarine c-link\" rel=\"nofollow noopener\">Volodymyr Zelensky<\/a> de son intention de joindre le ma\u00eetre du Kremlin. Il a aussi \u00e9chang\u00e9 avec lui apr\u00e8s l\u2019appel.<\/p>\n<p>De quand datait le dernier appel\u00a0?<\/p>\n<p>Le dernier \u00e9change entre les dirigeants fran\u00e7ais et russe remontait au 11\u00a0septembre 2022 et avait port\u00e9 sur la centrale nucl\u00e9aire ukrainienne de Zaporijjia, occup\u00e9e par les Russes et dont la s\u00e9curit\u00e9 \u00e9tait alors menac\u00e9e.<\/p>\n<\/p>\n<p>Le pr\u00e9sident fran\u00e7ais, qui s\u2019\u00e9tait vu reprocher de continuer \u00e0 parler au ma\u00eetre du Kremlin pendant des mois apr\u00e8s le d\u00e9but de l\u2019offensive russe en <a href=\"https:\/\/www.20minutes.fr\/monde\/ukraine\/\" target=\"_blank\" class=\"color-ultramarine c-link\" rel=\"nofollow noopener\">Ukraine<\/a>, en f\u00e9vrier\u00a02022, a ensuite cess\u00e9 tout contact, accusant Vladimir Poutine de \u00ab\u00a0mentir\u00a0\u00bb sur ses intentions et sa volont\u00e9 de paix.<\/p>\n<p>Pourquoi cet appel\u00a0?<\/p>\n<p>L\u2019\u00e9change de mardi \u00e9tait destin\u00e9 en premier lieu \u00e0 faire le point sur l\u2019<a href=\"https:\/\/www.20minutes.fr\/monde\/iran\/\" target=\"_blank\" class=\"color-ultramarine c-link\" rel=\"nofollow noopener\">Iran<\/a> \u2013 Paris et Moscou \u00e9tant cosignataires de l\u2019accord de Vienne de\u00a02015 sur le nucl\u00e9aire iranien \u2013 mais a aussi en partie port\u00e9 sur l\u2019Ukraine. Emmanuel Macron a pris le risque de renouer avec Vladimir Poutine, dans la foul\u00e9e de <a href=\"https:\/\/www.20minutes.fr\/dossier\/donald_trump\" target=\"_blank\" class=\"color-ultramarine c-link\" rel=\"nofollow noopener\">Donald Trump<\/a> depuis son retour \u00e0 la Maison-Blanche en janvier, pour parler d\u2019Iran mais sans omettre de rappeler ses exigences sur l\u2019Ukraine, souligne-t-on \u00e0 Paris.<\/p>\n<p>Pour la politologue russe Tatiana Stanovaya, fondatrice du cabinet de conseil R.Politik, cet appel \u00ab\u00a0ne veut pas dire que l\u2019Ukraine va perdre tout soutien\u00a0\u00bb. \u00ab\u00a0Il montre plut\u00f4t la volont\u00e9 des Europ\u00e9ens d\u2019avoir une place \u00e0 la table\u00a0\u00bb des n\u00e9gociations, m\u00eame s\u2019il \u00ab\u00a0n\u2019y a rien \u00e0 discuter\u00a0\u00bb pour l\u2019instant du fait de l\u2019intransigeance russe.<\/p>\n<p>Qu\u2019est ce qui a \u00e9t\u00e9 dit sur l\u2019Ukraine\u00a0?&#8230;<\/p>\n<p>Lors de ce dialogue, Emmanuel Macron a soulign\u00e9 \u00ab\u00a0le soutien ind\u00e9fectible de la France \u00e0 la souverainet\u00e9 et \u00e0 l\u2019int\u00e9grit\u00e9 territoriale de l\u2019Ukraine\u00a0\u00bb, a insist\u00e9 l\u2019Elys\u00e9e, alors que la <a href=\"https:\/\/www.20minutes.fr\/monde\/russie\/\" target=\"_blank\" class=\"color-ultramarine c-link\" rel=\"nofollow noopener\">Russie<\/a> occupe pr\u00e8s de 20\u00a0% de ce pays. Le chef de l\u2019Etat fran\u00e7ais a appel\u00e9 \u00e0 \u00ab\u00a0l\u2019\u00e9tablissement, dans les meilleurs d\u00e9lais, d\u2019un cessez-le-feu et au lancement de n\u00e9gociations entre l\u2019Ukraine et la Russie pour un r\u00e8glement solide et durable du conflit\u00a0\u00bb.<\/p>\n<p>Le pr\u00e9sident russe a pour sa part pr\u00e9venu que tout accord de paix en Ukraine devait \u00eatre \u00ab\u00a0global et sur le long terme, pr\u00e9voir l\u2019\u00e9limination des causes profondes de la crise ukrainienne et s\u2019appuyer sur de nouvelles r\u00e9alit\u00e9s territoriales\u00a0\u00bb, a soulign\u00e9 le Kremlin. Moscou a d\u00e9j\u00e0 revendiqu\u00e9 l\u2019annexion de quatre r\u00e9gions ukrainiennes, en plus de la p\u00e9ninsule de Crim\u00e9e, qu\u2019elle a envahie en\u00a02014.<\/p>\n<p>Vladimir Poutine a aussi martel\u00e9 que le conflit ukrainien \u00e9tait \u00ab\u00a0une cons\u00e9quence directe de la politique des Etats occidentaux\u00a0\u00bb, qui ont \u00ab\u00a0ignor\u00e9 les int\u00e9r\u00eats s\u00e9curitaires de la Russie depuis des ann\u00e9es\u00a0\u00bb et cr\u00e9\u00e9 une \u00ab\u00a0t\u00eate de pont anti-russe en Ukraine\u00a0\u00bb.<\/p>\n<p>\u2026Et sur l\u2019Iran\u00a0?<\/p>\n<p>S\u2019ils ont affich\u00e9 leurs divergences sur le conflit en Ukraine, les deux dirigeants ont par contre affich\u00e9 leur volont\u00e9 de coop\u00e9rer sur l\u2019Iran apr\u00e8s les frappes isra\u00e9liennes et am\u00e9ricaines.<\/p>\n<p><a href=\"https:\/\/www.20minutes.fr\/monde\/russie\/\" target=\"_blank\" class=\"c-link c-btn c-btn--primary\" rel=\"nofollow noopener\">Notre dossier sur la Russie<\/a><\/p>\n<p>Sur le nucl\u00e9aire iranien, ils ont \u00ab\u00a0d\u00e9cid\u00e9 de coordonner leurs d\u00e9marches et de se parler prochainement afin de faire le suivi ensemble\u00a0\u00bb du dossier, selon l\u2019Elys\u00e9e. A cet \u00e9gard, Vladimir Poutine et Emmanuel Macron ont martel\u00e9 que les crises au Moyen-Orient devaient \u00eatre r\u00e9solues \u00ab\u00a0par la diplomatie\u00a0\u00bb, a rench\u00e9ri la pr\u00e9sidence russe.<\/p>\n<p>Emmanuel Macron a, lui, insist\u00e9 sur la n\u00e9cessit\u00e9 d\u2019un \u00ab\u00a0r\u00e8glement durable et exigeant du dossier nucl\u00e9aire, de la question des missiles de l\u2019Iran et de son r\u00f4le dans la r\u00e9gion\u00a0\u00bb. Il a pour cela demand\u00e9 que les inspecteurs puissent \u00ab\u00a0reprendre leur travail sans d\u00e9lai\u00a0\u00bb en Iran, alors que T\u00e9h\u00e9ran menace de rompre avec l\u2019Agence internationale de l\u2019\u00e9nergie atomique (AIEA). Vladimir Poutine a de son c\u00f4t\u00e9 fait savoir que, selon lui, l\u2019Iran avait \u00ab\u00a0le droit\u00a0\u00bb de d\u00e9velopper un programme \u00ab\u00a0nucl\u00e9aire civil\u00a0\u00bb.<\/p>\n","protected":false},"excerpt":{"rendered":"C\u2019est un coup de fil in\u00e9dit depuis pr\u00e8s de trois ans. Emmanuel Macron et Vladimir Poutine se sont&hellip;\n","protected":false},"author":2,"featured_media":219530,"comment_status":"","ping_status":"","sticky":false,"template":"","format":"standard","meta":{"footnotes":""},"categories":[1590],"tags":[47,11,1073,1777,674,131,32810,3019,74,12,3020,10458,132,220,133,135],"class_list":{"0":"post-219529","1":"post","2":"type-post","3":"status-publish","4":"format-standard","5":"has-post-thumbnail","7":"category-ukraine","8":"tag-actualite","9":"tag-actualites","10":"tag-emmanuel-macron","11":"tag-eu","12":"tag-europe","13":"tag-guerre-en-ukraine","14":"tag-guerre-israeliran","15":"tag-iran","16":"tag-monde","17":"tag-news","18":"tag-nucleaire-iranien","19":"tag-programme-nucleaire-iranien","20":"tag-russie","21":"tag-ukraine","22":"tag-video","23":"tag-vladimir-poutine"},"share_on_mastodon":{"url":"","error":""},"_links":{"self":[{"href":"https:\/\/www.europesays.com\/fr\/wp-json\/wp\/v2\/posts\/219529","targetHints":{"allow":["GET"]}}],"collection":[{"href":"https:\/\/www.europesays.com\/fr\/wp-json\/wp\/v2\/posts"}],"about":[{"href":"https:\/\/www.europesays.com\/fr\/wp-json\/wp\/v2\/types\/post"}],"author":[{"embeddable":true,"href":"https:\/\/www.europesays.com\/fr\/wp-json\/wp\/v2\/users\/2"}],"replies":[{"embeddable":true,"href":"https:\/\/www.europesays.com\/fr\/wp-json\/wp\/v2\/comments?post=219529"}],"version-history":[{"count":0,"href":"https:\/\/www.europesays.com\/fr\/wp-json\/wp\/v2\/posts\/219529\/revisions"}],"wp:featuredmedia":[{"embeddable":true,"href":"https:\/\/www.europesays.com\/fr\/wp-json\/wp\/v2\/media\/219530"}],"wp:attachment":[{"href":"https:\/\/www.europesays.com\/fr\/wp-json\/wp\/v2\/media?parent=219529"}],"wp:term":[{"taxonomy":"category","embeddable":true,"href":"https:\/\/www.europesays.com\/fr\/wp-json\/wp\/v2\/categories?post=219529"},{"taxonomy":"post_tag","embeddable":true,"href":"https:\/\/www.europesays.com\/fr\/wp-json\/wp\/v2\/tags?post=219529"}],"curies":[{"name":"wp","href":"https:\/\/api.w.org\/{rel}","templated":true}]}}