{"id":219535,"date":"2025-07-02T01:40:16","date_gmt":"2025-07-02T01:40:16","guid":{"rendered":"https:\/\/www.europesays.com\/fr\/219535\/"},"modified":"2025-07-02T01:40:16","modified_gmt":"2025-07-02T01:40:16","slug":"allemagne-hausse-significative-du-salaire-minimum","status":"publish","type":"post","link":"https:\/\/www.europesays.com\/fr\/219535\/","title":{"rendered":"Allemagne: Hausse significative du salaire minimum"},"content":{"rendered":"<p> Par <a href=\"https:\/\/www.leconomiste.com\/content\/l-economiste\" rel=\"nofollow noopener\" target=\"_blank\">L&rsquo;Economiste<\/a> <a href=\"https:\/\/www.leconomiste.com\/node\/\" rel=\"nofollow noopener\" target=\"_blank\"> <\/a> | Edition N\u00b0:7044 Le 02\/07\/2025 | Partager <\/p>\n<p class=\"rtejustify\">Le salaire minimum en Allemagne va conna\u00eetre une augmentation progressive. \u00c0 compter de d\u00e9but 2026, il passera de 12,82 euros \u00e0 13,90 euros de l\u2019heure, puis atteindra 14,60 euros en 2027, soit une hausse brute totale de 13,9 % sur deux ans.<\/p>\n<p> Retrouvez dans la m\u00eame rubrique<\/p>\n<p><a href=\"https:\/\/www.leconomiste.com\/article\/1137822-faire-la-guerre-pour-proteger-la-paix\" rel=\"nofollow noopener\" target=\"_blank\"><img loading=\"lazy\" decoding=\"async\" class=\"img-responsive\" typeof=\"foaf:Image\" src=\"https:\/\/www.europesays.com\/fr\/wp-content\/uploads\/2025\/07\/guerre-preventive-044.jpg\" width=\"800\" height=\"400\" alt=\"Faire la guerre pour prot\u00e9ger la paix? \"\/><\/a> <a href=\"https:\/\/www.leconomiste.com\/article\/1137822-faire-la-guerre-pour-proteger-la-paix\" rel=\"nofollow noopener\" target=\"_blank\">Faire la guerre pour prot\u00e9ger la paix? <a href=\"https:\/\/www.leconomiste.com\/article\/1137813-temperature-de-nouveaux-records-dans-les-5-prochaines-annees\" rel=\"nofollow noopener\" target=\"_blank\"><img loading=\"lazy\" decoding=\"async\" class=\"img-responsive\" typeof=\"foaf:Image\" src=\"https:\/\/www.europesays.com\/fr\/wp-content\/uploads\/2025\/07\/secheresse-044.jpg\" width=\"800\" height=\"400\" alt=\"Temp\u00e9rature: De nouveaux records dans les 5 prochaines ann\u00e9es\"\/><\/a> <a href=\"https:\/\/www.leconomiste.com\/article\/1137813-temperature-de-nouveaux-records-dans-les-5-prochaines-annees\" rel=\"nofollow noopener\" target=\"_blank\">Temp\u00e9rature: De nouveaux records dans les 5 prochaines ann\u00e9es<\/p>\n<p> Nos Suppl\u00e9ments  <a href=\"https:\/\/www.leconomiste.com\/sites\/default\/files\/eco7\/public\/flipping_book\/weekly_highlights_166\/index.html\" target=\"_blank\" rel=\"nofollow noopener\"><img loading=\"lazy\" decoding=\"async\" typeof=\"foaf:Image\" class=\"img-responsive\" src=\"https:\/\/www.europesays.com\/fr\/wp-content\/uploads\/2025\/07\/une-une-weekly-7041_0.jpg\" width=\"290\" height=\"400\" alt=\"\"\/><\/a><\/p>\n<p> \ue066 Vos R\u00e9actions <\/p>\n","protected":false},"excerpt":{"rendered":"Par L&rsquo;Economiste | Edition N\u00b0:7044 Le 02\/07\/2025 | Partager Le salaire minimum en Allemagne va conna\u00eetre une augmentation&hellip;\n","protected":false},"author":2,"featured_media":219536,"comment_status":"","ping_status":"","sticky":false,"template":"","format":"standard","meta":{"footnotes":""},"categories":[1587],"tags":[11,672,35865,1804,1805,1803,1777,674,1801,12,1802],"class_list":{"0":"post-219535","1":"post","2":"type-post","3":"status-publish","4":"format-standard","5":"has-post-thumbnail","7":"category-allemagne","8":"tag-actualites","9":"tag-allemagne","10":"tag-allemagne-hausse-significative-du-salaire-minimum","11":"tag-bundesrepublik-deutschland","12":"tag-de","13":"tag-deutschland","14":"tag-eu","15":"tag-europe","16":"tag-germany","17":"tag-news","18":"tag-republique-federale-dallemagne"},"share_on_mastodon":{"url":"","error":""},"_links":{"self":[{"href":"https:\/\/www.europesays.com\/fr\/wp-json\/wp\/v2\/posts\/219535","targetHints":{"allow":["GET"]}}],"collection":[{"href":"https:\/\/www.europesays.com\/fr\/wp-json\/wp\/v2\/posts"}],"about":[{"href":"https:\/\/www.europesays.com\/fr\/wp-json\/wp\/v2\/types\/post"}],"author":[{"embeddable":true,"href":"https:\/\/www.europesays.com\/fr\/wp-json\/wp\/v2\/users\/2"}],"replies":[{"embeddable":true,"href":"https:\/\/www.europesays.com\/fr\/wp-json\/wp\/v2\/comments?post=219535"}],"version-history":[{"count":0,"href":"https:\/\/www.europesays.com\/fr\/wp-json\/wp\/v2\/posts\/219535\/revisions"}],"wp:featuredmedia":[{"embeddable":true,"href":"https:\/\/www.europesays.com\/fr\/wp-json\/wp\/v2\/media\/219536"}],"wp:attachment":[{"href":"https:\/\/www.europesays.com\/fr\/wp-json\/wp\/v2\/media?parent=219535"}],"wp:term":[{"taxonomy":"category","embeddable":true,"href":"https:\/\/www.europesays.com\/fr\/wp-json\/wp\/v2\/categories?post=219535"},{"taxonomy":"post_tag","embeddable":true,"href":"https:\/\/www.europesays.com\/fr\/wp-json\/wp\/v2\/tags?post=219535"}],"curies":[{"name":"wp","href":"https:\/\/api.w.org\/{rel}","templated":true}]}}