{"id":219537,"date":"2025-07-02T01:41:11","date_gmt":"2025-07-02T01:41:11","guid":{"rendered":"https:\/\/www.europesays.com\/fr\/219537\/"},"modified":"2025-07-02T01:41:11","modified_gmt":"2025-07-02T01:41:11","slug":"dans-lespoir-dun-deal-avec-trump-les-europeens-se-preparent-a-accepter-des-concessions","status":"publish","type":"post","link":"https:\/\/www.europesays.com\/fr\/219537\/","title":{"rendered":"dans l\u2019espoir d\u2019un deal avec Trump, les Europ\u00e9ens se pr\u00e9parent \u00e0 accepter des concessions"},"content":{"rendered":"<p><strong>D\u00c9CRYPTAGE <\/strong>&#8211; Loin des postures de fermet\u00e9 initiales, Bruxelles se r\u00e9signe \u00e0 la p\u00e9rennisation des droits de douane de base de 10% pour sauver l\u2019automobile, les vins ou l\u2019a\u00e9ronautique.<\/p>\n<p class=\"fig-paragraph\">Quand le premier ministre britannique,\u00a0<a href=\"https:\/\/www.lefigaro.fr\/tag\/keir-starmer\" target=\"_blank\" rel=\"noopener\" data-gtm-custom-categorie=\"navigation\" data-gtm-custom-action=\"crossclick\" data-gtm-custom-label=\"Contextuel\" data-gtm-event=\"customEventSPE\">Keir Starmer<\/a>, a salu\u00e9 un\u00a0<a href=\"http:\/\/www.lefigaro.fr\/conjoncture\/un-mini-accord-entre-les-etats-unis-et-le-royaume-uni-amorce-une-desescalade-dans-la-guerre-commerciale-20250508\" data-fig-type=\"Article\" data-gtm-custom-categorie=\"navigation\" data-gtm-custom-action=\"crossclick\" data-gtm-custom-label=\"Contextuel\" data-gtm-event=\"customEventSPE\" data-fig-domain=\"LEFIGARO\" target=\"_blank\" rel=\"noopener\">accord commercial \u00ab\u00a0historique\u00a0\u00bb<\/a>\u00a0avec\u00a0<a href=\"https:\/\/www.lefigaro.fr\/tag\/donald-trump\" target=\"_blank\" rel=\"noopener\" data-gtm-custom-categorie=\"navigation\" data-gtm-custom-action=\"crossclick\" data-gtm-custom-label=\"Contextuel\" data-gtm-event=\"customEventSPE\">Donald Trump<\/a>, depuis le Bureau ovale de la Maison-Blanche, d\u00e9but mai, les Europ\u00e9ens se sont empress\u00e9s de le brandir comme contre-exemple de ce qu\u2019il ne fallait pas accepter. \u00c0 savoir le maintien de\u00a0<a href=\"http:\/\/www.lefigaro.fr\/flash-eco\/droits-de-douane-je-pense-que-nous-allons-trouver-un-deal-avec-les-americains-croit-eric-lombard-20250628\" data-fig-type=\"NewsFlash\" data-gtm-custom-categorie=\"navigation\" data-gtm-custom-action=\"crossclick\" data-gtm-custom-label=\"Contextuel\" data-gtm-event=\"customEventSPE\" data-fig-domain=\"LEFIGARO\" target=\"_blank\" rel=\"noopener\">droits de douane<\/a>\u00a0de base de 10% sur tous les produits export\u00e9s aux \u00c9tats-Unis, en \u00e9change de conditions plus favorables pour l\u2019automobile et l\u2019acier britanniques et la porte ouverte \u00e0 des importations de b\u0153uf am\u00e9ricain. Deux mois plus tard, \u00e0 quelques jours de l\u2019\u00e9ch\u00e9ance du 9\u00a0juillet fix\u00e9e par le pr\u00e9sident am\u00e9ricain<a href=\"http:\/\/www.lefigaro.fr\/international\/on-ne-se-laisse-pas-provoquer-les-europeens-peinent-a-assumer-un-bras-de-fer-commercial-avec-donald-trump-20250626\" data-fig-type=\"Article\" data-gtm-custom-categorie=\"navigation\" data-gtm-custom-action=\"crossclick\" data-gtm-custom-label=\"Contextuel\" data-gtm-event=\"customEventSPE\" data-fig-domain=\"LEFIGARO\" target=\"_blank\" rel=\"noopener\">, l\u2019heure n\u2019est plus aux postures de fermet\u00e9<\/a>\u00a0mais aux concessions. Le deal britannique est devenu le mod\u00e8le de ce qui peut \u00eatre esp\u00e9r\u00e9 par d\u00e9faut. Le r\u00e9alisme a pris le pas sur les grands principes chez une majorit\u00e9 d\u2019\u00c9tats membres et \u00e0 la Commission, qui se charge en leur nom des n\u00e9gociations.<\/p>\n<p class=\"fig-paragraph\">Le commissaire europ\u00e9en au Commerce, Maros Sefcovic, doit se rendre \u00e0 Washington une\u2026<\/p>\n<p class=\"fig-premium-paywall__infos\">\n        Cet article est r\u00e9serv\u00e9 aux abonn\u00e9s.        Il vous reste 84% \u00e0 d\u00e9couvrir.\n    <\/p>\n<p>                <img  data- alt=\"Le Figaro\" class=\"fig-img--complete fig-img\"\/><\/p>\n<p class=\"fig-premium-paywall__title\">Vous avez envie de lire la suite ?<\/p>\n<p class=\"fig-premium-paywall__subtitle\">D\u00e9bloquez tous les articles imm\u00e9diatement.<\/p>\n<p class=\"fig-premium-paywall__connect\">\n                D\u00e9j\u00e0 abonn\u00e9\u00a0?                <a class=\"fig-premium-paywall__connect-link\" href=\"https:\/\/connect.lefigaro.fr\/login?client=horizon_web&amp;type=main&amp;redirect_uri=https%3A%2F%2Fwww.lefigaro.fr%2Fconjoncture%2Fguerre-commerciale-dans-l-espoir-d-un-deal-avec-trump-les-europeens-se-preparent-a-accepter-des-concessions-20250701\" data-js-gtm=\"{&quot;customCategorie&quot;: &quot;conversion&quot;, &quot;customAction&quot;: &quot;before_Landing_Connexion_paywall_auto&quot;, &quot;customLabel&quot;: &quot;bGVmaWdhcm8uZnJfXzFmMDU2NzZjLTk0ZmEtNjNhMi05YTdjLWMxZGVjYmUzZmRhOV9fQXJ0aWNsZQ==_Guerre commerciale\u00a0: dans l\u2019espoir d\u2019un deal avec Trump, les Europ\u00e9ens se pr\u00e9parent \u00e0 accepter des concessions_83&quot;, &quot;customIDSPE&quot;: &quot;bGVmaWdhcm8uZnJfXzFmMDU2NzZjLTk0ZmEtNjNhMi05YTdjLWMxZGVjYmUzZmRhOV9fQXJ0aWNsZQ==&quot;, &quot;event&quot;: &quot;customEventSPE&quot;}\" target=\"_blank\" rel=\"noopener\"><br \/>\n                    Connectez-vous<br \/>\n                <\/a>\n            <\/p>\n","protected":false},"excerpt":{"rendered":"D\u00c9CRYPTAGE &#8211; Loin des postures de fermet\u00e9 initiales, Bruxelles se r\u00e9signe \u00e0 la p\u00e9rennisation des droits de douane&hellip;\n","protected":false},"author":2,"featured_media":219538,"comment_status":"","ping_status":"","sticky":false,"template":"","format":"standard","meta":{"footnotes":""},"categories":[1586],"tags":[339,11,340,343,345,350,130,344,352,349,33,341,313,73,1777,674,1011,27,346,1074,342,353,351,347,12,348,25,354,364],"class_list":{"0":"post-219537","1":"post","2":"type-post","3":"status-publish","4":"format-standard","5":"has-post-thumbnail","7":"category-europe","8":"tag-actualite-economique","9":"tag-actualites","10":"tag-bourse","11":"tag-cac-40","12":"tag-chef-dentreprise","13":"tag-concurrence","14":"tag-consommation","15":"tag-creation-dentreprise","16":"tag-crise","17":"tag-delocalisations","18":"tag-economie","19":"tag-emploi","20":"tag-entreprises","21":"tag-etats-unis","22":"tag-eu","23":"tag-europe","24":"tag-fr","25":"tag-france","26":"tag-grands-patrons","27":"tag-guerre-commerciale","28":"tag-impots","29":"tag-licenciements","30":"tag-monopole","31":"tag-multinationales","32":"tag-news","33":"tag-privatisation","34":"tag-republique-francaise","35":"tag-unio","36":"tag-union-europeenne"},"share_on_mastodon":{"url":"","error":""},"_links":{"self":[{"href":"https:\/\/www.europesays.com\/fr\/wp-json\/wp\/v2\/posts\/219537","targetHints":{"allow":["GET"]}}],"collection":[{"href":"https:\/\/www.europesays.com\/fr\/wp-json\/wp\/v2\/posts"}],"about":[{"href":"https:\/\/www.europesays.com\/fr\/wp-json\/wp\/v2\/types\/post"}],"author":[{"embeddable":true,"href":"https:\/\/www.europesays.com\/fr\/wp-json\/wp\/v2\/users\/2"}],"replies":[{"embeddable":true,"href":"https:\/\/www.europesays.com\/fr\/wp-json\/wp\/v2\/comments?post=219537"}],"version-history":[{"count":0,"href":"https:\/\/www.europesays.com\/fr\/wp-json\/wp\/v2\/posts\/219537\/revisions"}],"wp:featuredmedia":[{"embeddable":true,"href":"https:\/\/www.europesays.com\/fr\/wp-json\/wp\/v2\/media\/219538"}],"wp:attachment":[{"href":"https:\/\/www.europesays.com\/fr\/wp-json\/wp\/v2\/media?parent=219537"}],"wp:term":[{"taxonomy":"category","embeddable":true,"href":"https:\/\/www.europesays.com\/fr\/wp-json\/wp\/v2\/categories?post=219537"},{"taxonomy":"post_tag","embeddable":true,"href":"https:\/\/www.europesays.com\/fr\/wp-json\/wp\/v2\/tags?post=219537"}],"curies":[{"name":"wp","href":"https:\/\/api.w.org\/{rel}","templated":true}]}}