{"id":219544,"date":"2025-07-02T01:45:13","date_gmt":"2025-07-02T01:45:13","guid":{"rendered":"https:\/\/www.europesays.com\/fr\/219544\/"},"modified":"2025-07-02T01:45:13","modified_gmt":"2025-07-02T01:45:13","slug":"tour-de-france-2025-le-parcours-et-le-profil-de-la-letape-12-entre-auch-et-hautacam","status":"publish","type":"post","link":"https:\/\/www.europesays.com\/fr\/219544\/","title":{"rendered":"Tour de France 2025 : le parcours et le profil de la l\u2019\u00e9tape 12 entre Auch et Hautacam"},"content":{"rendered":"<p class=\"paragraph text_align_left lp-f-body-02\">Voil\u00e0 les Pyr\u00e9n\u00e9es qui se profilent et avec elles, forc\u00e9ment, la haute montagne sur ce <a href=\"https:\/\/www.leparisien.fr\/sports\/cyclisme\/tour-de-france\/\" target=\"_blank\" rel=\"noreferrer nofollow noopener\">Tour de France<\/a>. Cette fois, si ce n\u2019est pas d\u00e9j\u00e0 le cas, les derniers masques tomberont parmi les favoris. Pour cette premi\u00e8re \u00e9tape en tr\u00e8s haute altitude, le parcours se durcit surtout en fin d\u2019\u00e9tape, apr\u00e8s un tranquille depuis Auch. <\/p>\n<p class=\"paragraph text_align_left lp-f-body-02\">Ce n\u2019est qu\u2019au bout de 120 kilom\u00e8tres qu\u2019on attaquera la premi\u00e8re v\u00e9ritable difficult\u00e9 du jour, le col du Soulor (1ere cat\u00e9gorie), avant d\u2019enchainer sur les Bord\u00e8res (2e cat\u00e9gorie) puis de redescendre jusqu\u2019au pied de la terrible mont\u00e9e finale d\u2019Hautacam, premier col hors-cat\u00e9gorie de ce Tour de France. Emprunt\u00e9e la derni\u00e8re fois en 2022, cette ascension avait alors vu Vingegaard remporter d\u00e9finitivement son duel avec Pogacar.<\/p>\n<p>Auch &gt; Hautacam, 180km, montagne<\/p>\n<p class=\"paragraph text_align_left lp-f-body-02\">D\u00e9part fictif : 13h10, arriv\u00e9e pr\u00e9visionnelle : 17h32<\/p>\n<p>Le profil<img decoding=\"async\" class=\"image \" loading=\"lazy\" src=\"https:\/\/www.europesays.com\/fr\/wp-content\/uploads\/2025\/07\/URVAMG3EAZANBBZ27QZ3M2OP64.jpg\" alt=\"\" align=\"\" data-rubrique-principale=\"\" data-article-type=\"\" fetchpriority=\"auto\"\/>L\u2019\u0153il de Thierry Gouvenou, directeur de course<\/p>\n<p class=\"paragraph text_align_left lp-f-body-02\">\u00ab On est rest\u00e9 trois jours \u00e0 Toulouse, on ne repart pas de tr\u00e8s loin, \u00e0 Auch, mais cette fois pour une \u00e9tape bien plus compliqu\u00e9e. L\u00e0, c\u2019est nos \u00e9tapes traditionnelles des Pyr\u00e9n\u00e9es, o\u00f9 on part de la plaine, on va chercher le massif et puis on encha\u00eene des mont\u00e9es. Alors cette fois-ci, il y aura trois cols, il y a le Soulor du c\u00f4t\u00e9 Ferri\u00e8re qui est certainement le c\u00f4t\u00e9 le plus dur, ensuite on a une petite nouveaut\u00e9, c\u2019est le col de Bord\u00e8res qu\u2019on n\u2019a jamais abord\u00e9 ces derni\u00e8res ann\u00e9es par ce c\u00f4t\u00e9-l\u00e0. Il ne fait que 3 km, mais \u00e7a va casser la descente vers Argel\u00e8s, et puis derri\u00e8re, on a la mont\u00e9e finale de Hautacam, qu\u2019on conna\u00eet tr\u00e8s bien, qui fait toujours des bons d\u00e9g\u00e2ts. Donc \u00e7a va \u00eatre la vraie grosse premi\u00e8re arriv\u00e9e au sommet. Il devrait commencer \u00e0 y avoir quelques escarmouches entre les leaders. \u00bb<\/p>\n","protected":false},"excerpt":{"rendered":"Voil\u00e0 les Pyr\u00e9n\u00e9es qui se profilent et avec elles, forc\u00e9ment, la haute montagne sur ce Tour de France.&hellip;\n","protected":false},"author":2,"featured_media":219545,"comment_status":"","ping_status":"","sticky":false,"template":"","format":"standard","meta":{"footnotes":""},"categories":[4],"tags":[11,207,1011,27,12,25,60,210],"class_list":{"0":"post-219544","1":"post","2":"type-post","3":"status-publish","4":"format-standard","5":"has-post-thumbnail","7":"category-france","8":"tag-actualites","9":"tag-cyclisme","10":"tag-fr","11":"tag-france","12":"tag-news","13":"tag-republique-francaise","14":"tag-sports","15":"tag-tour-de-france"},"share_on_mastodon":{"url":"","error":""},"_links":{"self":[{"href":"https:\/\/www.europesays.com\/fr\/wp-json\/wp\/v2\/posts\/219544","targetHints":{"allow":["GET"]}}],"collection":[{"href":"https:\/\/www.europesays.com\/fr\/wp-json\/wp\/v2\/posts"}],"about":[{"href":"https:\/\/www.europesays.com\/fr\/wp-json\/wp\/v2\/types\/post"}],"author":[{"embeddable":true,"href":"https:\/\/www.europesays.com\/fr\/wp-json\/wp\/v2\/users\/2"}],"replies":[{"embeddable":true,"href":"https:\/\/www.europesays.com\/fr\/wp-json\/wp\/v2\/comments?post=219544"}],"version-history":[{"count":0,"href":"https:\/\/www.europesays.com\/fr\/wp-json\/wp\/v2\/posts\/219544\/revisions"}],"wp:featuredmedia":[{"embeddable":true,"href":"https:\/\/www.europesays.com\/fr\/wp-json\/wp\/v2\/media\/219545"}],"wp:attachment":[{"href":"https:\/\/www.europesays.com\/fr\/wp-json\/wp\/v2\/media?parent=219544"}],"wp:term":[{"taxonomy":"category","embeddable":true,"href":"https:\/\/www.europesays.com\/fr\/wp-json\/wp\/v2\/categories?post=219544"},{"taxonomy":"post_tag","embeddable":true,"href":"https:\/\/www.europesays.com\/fr\/wp-json\/wp\/v2\/tags?post=219544"}],"curies":[{"name":"wp","href":"https:\/\/api.w.org\/{rel}","templated":true}]}}