{"id":219546,"date":"2025-07-02T01:47:08","date_gmt":"2025-07-02T01:47:08","guid":{"rendered":"https:\/\/www.europesays.com\/fr\/219546\/"},"modified":"2025-07-02T01:47:08","modified_gmt":"2025-07-02T01:47:08","slug":"tournois-beach-volley-record-de-tous-les-temps-de-400-equipes-a-lomnium-dans-lvent-maxi-a-moisie","status":"publish","type":"post","link":"https:\/\/www.europesays.com\/fr\/219546\/","title":{"rendered":"Tournois beach-volley | Record de tous les temps de 400 \u00e9quipes \u00e0 l\u2019Omnium dans l\u2019vent Maxi \u00e0 Moisie"},"content":{"rendered":"<p> <img decoding=\"async\" class=\"lazyload\" src=\"https:\/\/www.europesays.com\/fr\/wp-content\/uploads\/2025\/07\/481020136_1031854648967176_4784277874587132797_n-678x381.jpg\" alt=\"\" title=\"481020136_1031854648967176_4784277874587132797_n\"\/>La plage de Moisie sera transform\u00e9e encore cet \u00e9t\u00e9 en vaste terrain de jeu pour le volleyball de plage pour les traditionnels tournois Omnium dans l\u2019vent et Volley-Soleil. (Photo Facebook Volley-Soleil)<\/p>\n<p><strong>La participation passe de 303 \u00e9quipes en 2024 \u00e0 400 cette ann\u00e9e pour le tournoi de beach-volley pr\u00e9vu sur la plage de la rivi\u00e8re Moisie \u00e0 Sept-\u00celes samedi et dimanche. C\u2019est un record de tous les temps pour l\u2019Omnium dans l\u2019vent. L\u2019organisation a refus\u00e9 quelques \u00e9quipes, consid\u00e9rant l\u2019espace disponible.<\/strong><\/p>\n<p>Quelques centaines de joueurs sont attendus sur le site de l\u2019APRM pr\u00e8s du pont de la route 138. Les comp\u00e9titions se d\u00e9rouleront dans des divisions homme et femme samedi, puis avec des \u00e9quipes mixtes dimanche.<\/p>\n<p><strong>Le maximum d\u2019\u00e9quipes possibles<\/strong><\/p>\n<p>La popularit\u00e9 du volleyball de plage lors de deux tournois \u00e0 Moisie perdure depuis plusieurs d\u00e9cennies. En g\u00e9n\u00e9ral, c\u2019est le deuxi\u00e8me tournoi de l\u2019\u00e9t\u00e9, le Volley-Soleil qui est le plus populaire.<\/p>\n<p>\u00ab\u00a0400 \u00e9quipes pour l\u2019Omnium dans l\u2019vent, c\u2019est le maximum que l\u2019on peut accueillir. L\u2019an dernier, nous avons am\u00e9nag\u00e9 42 terrains et certains \u00e9taient un peu de moindre qualit\u00e9\u00a0\u00bb, explique le coordonnateur du comit\u00e9 Michael Boudreau. Cette ann\u00e9e, nous souhaitons monter autant de terrains, mais tous au m\u00eame niveau.\u00a0\u00bb<\/p>\n<p>Michael Boudreau, son amoureuse Z\u00e9a Blackburn et quelques autres b\u00e9n\u00e9voles prennent en quelques sortes la rel\u00e8ve de Brian Traverse et Manon Rennetteau qui ont tr\u00e8s longtemps assum\u00e9 le lead de l\u2019organisation des deux tournois de beach-volley de Moisie.<\/p>\n<p>En accord avec l\u2019Association de protection de la rivi\u00e8re Moisie (APRM), l\u2019organisation de l\u2019\u00e9v\u00e9nement sportif \u00e9rige un chapiteau et propose des spectacles en soir\u00e9e. Les volleyeurs peuvent camper directement sur place. Les organisateurs invitent les participants \u00e0 prioriser le covoiturage, en raison du manque de stationnement. Il faut aussi pr\u00e9voir qu\u2019il y a de la construction sur la route 138 entre le secteur urbain \u00e0 Sept-\u00celes et le site \u00e0 Moisie, afin d\u2019\u00e9viter les retards du matin. Avec 400 \u00e9quipes, les parties doivent se d\u00e9rouler \u00e0 bons rythmes pour compl\u00e9ter chaque finale avant le coucher du soleil.<\/p>\n<p>Deux orchestres de l\u2019ext\u00e9rieur ont \u00e9t\u00e9 engag\u00e9s pour l\u2019Omnium dans l\u2019vent, Tom Folly et son groupe pour vendredi soir et P\u2019tit Gros Bison le samedi avec ses paroles qui frappent droit au c\u0153ur, son humour bien \u00e0 lui, et une \u00e9nergie contagieuse.<\/p>\n<p><strong>Et le Volley-Soleil?<\/strong><\/p>\n<p>Les deux \u00e9v\u00e9nements s\u2019organisent depuis plus de 40 ans au profit de la rel\u00e8ve en volleyball. Ils redistribuent les profits de la cantine, du bar et des inscriptions apr\u00e8s remise de bourses aux jeunes du Club de volleyball, les Macareux, qui regroupe les athl\u00e8tes de la C\u00f4te-Nord qui participent \u00e0 diverses comp\u00e9titions nationales comme les Jeux du Qu\u00e9bec et les championnats de Volleyball Qu\u00e9bec.<\/p>\n<p>Le m\u00eame comit\u00e9 organisateur vient de lancer les inscriptions pour son deuxi\u00e8me tournoi annuel, Le Volley-Soleil qui se d\u00e9roulera les 19 et 20 juillet. Il propose une formule diff\u00e9rente en regroupant des \u00e9quipes mixtes de quatre joueurs qui joueront plusieurs matchs sur deux jours.<\/p>\n<p>Les organisateurs enregistrent les inscriptions <a href=\"https:\/\/volleysoleil.com\/\" rel=\"nofollow noopener\" target=\"_blank\">sur le web<\/a> jusqu\u2019au 13 juillet \u00e0 23h. Ce populaire tournoi de beach-volley plonge dans l\u2019univers des Super-h\u00e9ros pour son \u00e9dition 2025. Les comp\u00e9titions se d\u00e9rouleront dans de nombreuses cat\u00e9gories\u00a0: Open, Comp\u00e9tition, Recr\u00e9ation A, B, C et Participation.<\/p>\n","protected":false},"excerpt":{"rendered":"La plage de Moisie sera transform\u00e9e encore cet \u00e9t\u00e9 en vaste terrain de jeu pour le volleyball de&hellip;\n","protected":false},"author":2,"featured_media":219547,"comment_status":"","ping_status":"","sticky":false,"template":"","format":"standard","meta":{"footnotes":""},"categories":[1417],"tags":[1011,27,60,1470,1469],"class_list":{"0":"post-219546","1":"post","2":"type-post","3":"status-publish","4":"format-standard","5":"has-post-thumbnail","7":"category-volley","8":"tag-fr","9":"tag-france","10":"tag-sports","11":"tag-volley","12":"tag-volleyball"},"share_on_mastodon":{"url":"","error":""},"_links":{"self":[{"href":"https:\/\/www.europesays.com\/fr\/wp-json\/wp\/v2\/posts\/219546","targetHints":{"allow":["GET"]}}],"collection":[{"href":"https:\/\/www.europesays.com\/fr\/wp-json\/wp\/v2\/posts"}],"about":[{"href":"https:\/\/www.europesays.com\/fr\/wp-json\/wp\/v2\/types\/post"}],"author":[{"embeddable":true,"href":"https:\/\/www.europesays.com\/fr\/wp-json\/wp\/v2\/users\/2"}],"replies":[{"embeddable":true,"href":"https:\/\/www.europesays.com\/fr\/wp-json\/wp\/v2\/comments?post=219546"}],"version-history":[{"count":0,"href":"https:\/\/www.europesays.com\/fr\/wp-json\/wp\/v2\/posts\/219546\/revisions"}],"wp:featuredmedia":[{"embeddable":true,"href":"https:\/\/www.europesays.com\/fr\/wp-json\/wp\/v2\/media\/219547"}],"wp:attachment":[{"href":"https:\/\/www.europesays.com\/fr\/wp-json\/wp\/v2\/media?parent=219546"}],"wp:term":[{"taxonomy":"category","embeddable":true,"href":"https:\/\/www.europesays.com\/fr\/wp-json\/wp\/v2\/categories?post=219546"},{"taxonomy":"post_tag","embeddable":true,"href":"https:\/\/www.europesays.com\/fr\/wp-json\/wp\/v2\/tags?post=219546"}],"curies":[{"name":"wp","href":"https:\/\/api.w.org\/{rel}","templated":true}]}}