{"id":219548,"date":"2025-07-02T01:48:15","date_gmt":"2025-07-02T01:48:15","guid":{"rendered":"https:\/\/www.europesays.com\/fr\/219548\/"},"modified":"2025-07-02T01:48:15","modified_gmt":"2025-07-02T01:48:15","slug":"que-deviennent-ils-vincent-clerc-de-serial-marqueurs-a-serial-entrepreneurs","status":"publish","type":"post","link":"https:\/\/www.europesays.com\/fr\/219548\/","title":{"rendered":"Que deviennent-ils ? Vincent Clerc ! De serial marqueurs \u00e0 serial entrepreneurs"},"content":{"rendered":"<p data-start=\"42\" data-end=\"118\">Vincent\u202fClerc, aujourd\u2019hui \u00e2g\u00e9 de 44\u202fans, a compl\u00e8tement tourn\u00e9 la page de sa carri\u00e8re de joueur, il a pris sa retraite en mai\u202f2018 apr\u00e8s avoir battu le record d\u2019essais marqu\u00e9s en Top\u202f14 avec 101 r\u00e9alisations. L\u2019ancien joueur de <a href=\"https:\/\/www.rugby-transferts.com\/category\/pro-d2\/grenoble\/\" rel=\"nofollow noopener\" target=\"_blank\">Grenoble<\/a>, du <a href=\"https:\/\/www.rugby-transferts.com\/category\/top-14\/toulouse-top-14\/\" rel=\"nofollow noopener\" target=\"_blank\">Stade Toulousain<\/a> et de <a href=\"https:\/\/www.rugby-transferts.com\/category\/top-14\/toulon\/\" rel=\"nofollow noopener\" target=\"_blank\">Toulon<\/a> est tout aussi performant en dehors du terrain avec plusieurs atouts dans son jeu.<\/p>\n<p>Que fait Vincent\u202fClerc aujourd\u2019hui ?<br \/>\n1. <strong data-start=\"177\" data-end=\"213\">Consultant rugby \u00e0 la t\u00e9l\u00e9vision<\/strong><\/p>\n<p data-start=\"214\" data-end=\"251\">Apr\u00e8s sa carri\u00e8re sportive, il a profit\u00e9 de son expertise pour devenir une voix notable du rugby :<\/p>\n<ul data-start=\"252\" data-end=\"409\">\n<li data-start=\"252\" data-end=\"330\">\n<p data-start=\"254\" data-end=\"330\">En 2018, il rejoint l\u2019\u00e9quipe de consultants du <strong data-start=\"47\" data-end=\"67\">Canal Rugby Club<\/strong> sur Canal+ aux c\u00f4t\u00e9s de S\u00e9bastien Chabal, Fr\u00e9d\u00e9ric Michalak\u2026<\/p>\n<\/li>\n<li data-start=\"331\" data-end=\"409\">\n<p data-start=\"333\" data-end=\"409\">Depuis ao\u00fbt 2019, il intervient comme consultant pour <strong data-start=\"54\" data-end=\"76\">France T\u00e9l\u00e9visions<\/strong> sur le XV de France et couvrant notamment les Coupes du monde, les JO 2020, Paris 2024, etc.<\/p>\n<\/li>\n<\/ul>\n<p>2. <strong data-start=\"418\" data-end=\"434\">Entrepreneur<\/strong><\/p>\n<p data-start=\"435\" data-end=\"472\">Vincent Clerc n\u2019a pas d\u00e9laiss\u00e9 ses activit\u00e9s en dehors du terrain :<\/p>\n<ul data-start=\"473\" data-end=\"636\">\n<li data-start=\"473\" data-end=\"553\">\n<p data-start=\"475\" data-end=\"553\">En 2008, il fonde <strong data-start=\"18\" data-end=\"37\">Team One Groupe<\/strong>, agence de marketing sportif g\u00e9n\u00e9rant plusieurs millions d\u2019euros de CA .<\/p>\n<\/li>\n<li data-start=\"554\" data-end=\"636\">\n<p data-start=\"556\" data-end=\"636\">En <strong data-start=\"3\" data-end=\"11\">2021<\/strong>, il ouvre un <strong data-start=\"25\" data-end=\"50\">restaurant McDonald\u2019s<\/strong> \u00e0 Toulouse (SARL CECOPANS), puis un second fin 2023.<\/p>\n<\/li>\n<\/ul>\n<p><a href=\"https:\/\/www.pappers.fr\/dirigeant\/vincent_clerc_1981-05\" target=\"_blank\" rel=\"noopener nofollow\">Voir toutes ses soci\u00e9t\u00e9s ici.<\/a><\/p>\n<p>Cartographie et finances des soci\u00e9t\u00e9s de Vincent CLERC<\/p>\n<p><img loading=\"lazy\" decoding=\"async\" class=\"alignnone size-full wp-image-207452\" data-class=\"LazyLoad\" src=\"https:\/\/www.europesays.com\/fr\/wp-content\/uploads\/2025\/07\/societe-vincent-clerc.png\" alt=\"societe vincent clerc\" width=\"798\" height=\"811\" title=\"Que deviennent-ils ? Vincent Clerc ! De serial marqueurs \u00e0 serial entrepreneurs\"  \/><\/p>\n<p><img loading=\"lazy\" decoding=\"async\" class=\"alignnone wp-image-207453 size-full\" data-class=\"LazyLoad\" src=\"https:\/\/www.europesays.com\/fr\/wp-content\/uploads\/2025\/07\/finances-entreprise-vincent-clerc.png\" alt=\"finances entreprise vincent clerc\" width=\"2318\" height=\"786\" title=\"Que deviennent-ils ? Vincent Clerc ! De serial marqueurs \u00e0 serial entrepreneurs\"  \/><\/p>\n<p>\u00a0<\/p>\n<p>\u00a0<\/p>\n<p>3. <strong data-start=\"645\" data-end=\"661\">Conf\u00e9rencier<\/strong><\/p>\n<p data-start=\"662\" data-end=\"742\">Acteur actif dans la formation, Vincent intervient r\u00e9guli\u00e8rement en entreprise sur des th\u00e8mes tels que le leadership, la r\u00e9silience, l\u2019esprit d\u2019\u00e9quipe, en s\u2019appuyant sur son v\u00e9cu sportif et entrepreneurial afin de faire passer un message positif et constructif.<\/p>\n<p>4. <strong data-start=\"751\" data-end=\"776\">Ambassadeur de marque<\/strong><\/p>\n<p data-start=\"777\" data-end=\"857\">En 2023, il s\u2019est engag\u00e9 comme ambassadeur de <strong data-start=\"46\" data-end=\"55\">Vulco<\/strong> (r\u00e9seau de centres-auto), participant \u00e0 des campagnes marketing et actions terrain .<\/p>\n<p>5. <strong data-start=\"866\" data-end=\"890\">Engagement caritatif<\/strong><\/p>\n<p data-start=\"891\" data-end=\"971\">Toujours impliqu\u00e9 aupr\u00e8s des enfants et des familles hospitalis\u00e9es, il parraine la <strong data-start=\"83\" data-end=\"117\">Maison des Parents de Toulouse <\/strong>qui accueille les parents d\u2019enfants en traitement au CHU de Toulouse alors que l\u2019h\u00f4pital est \u00e9loign\u00e9 du domicile familial et soutient diverses autres initiatives.<\/p>\n<p><strong>R\u00e9sum\u00e9<\/strong><\/p>\n<tr data-start=\"995\" data-end=\"1092\">\nDomaine<br \/>\nActivit\u00e9s en cours<br \/>\n<\/tr>\n<tr data-start=\"1191\" data-end=\"1287\">\n<td data-start=\"1191\" data-end=\"1216\" data-col-size=\"sm\"><strong data-start=\"1193\" data-end=\"1203\">M\u00e9dias<\/strong><\/td>\n<td data-start=\"1216\" data-end=\"1287\" data-col-size=\"md\">Consultant rugby pour Canal+ et France T\u00e9l\u00e9visions<\/td>\n<\/tr>\n<tr data-start=\"1288\" data-end=\"1385\">\n<td data-start=\"1288\" data-end=\"1313\" data-col-size=\"sm\"><strong data-start=\"1290\" data-end=\"1309\">Entrepreneuriat<\/strong><\/td>\n<td data-start=\"1313\" data-end=\"1385\" data-col-size=\"md\">Fondateur de Team One Groupe, g\u00e9rant de franchises McDonald\u2019s<\/td>\n<\/tr>\n<tr data-start=\"1386\" data-end=\"1482\">\n<td data-start=\"1386\" data-end=\"1411\" data-col-size=\"sm\"><strong data-start=\"1388\" data-end=\"1405\">Interventions<\/strong><\/td>\n<td data-start=\"1411\" data-end=\"1482\" data-col-size=\"md\">Conf\u00e9rencier en entreprise (leadership, coh\u00e9sion\u2026)<\/td>\n<\/tr>\n<tr data-start=\"1483\" data-end=\"1579\">\n<td data-start=\"1483\" data-end=\"1508\" data-col-size=\"sm\"><strong data-start=\"1485\" data-end=\"1504\">Image\/Marketing<\/strong><\/td>\n<td data-start=\"1508\" data-end=\"1579\" data-col-size=\"md\">Ambassadeur de Vulco depuis 2023<\/td>\n<\/tr>\n<tr data-start=\"1580\" data-end=\"1676\">\n<td data-start=\"1580\" data-end=\"1605\" data-col-size=\"sm\"><strong data-start=\"1582\" data-end=\"1596\">Solidarit\u00e9<\/strong><\/td>\n<td data-start=\"1605\" data-end=\"1676\" data-col-size=\"md\">Parrainage de la Maison des Parents et actions caritatives<\/td>\n<\/tr>\n<p data-start=\"1683\" data-end=\"1878\">Vincent Clerc incarne aujourd\u2019hui un mod\u00e8le d\u2019une <strong data-start=\"1729\" data-end=\"1752\">reconversion r\u00e9ussie<\/strong>, des engagements multiples, sans jamais renier son ADN sportif. Une figure inspirante dans le monde pro\u2011sport et entrepreneurial.<\/p>\n<p data-start=\"1683\" data-end=\"1878\">J\u2019esp\u00e8re que ce nouveau type d\u2019article vous aura plus et n\u2019h\u00e9sitez pas \u00e0 citer des noms en commentaire pour savoir ce qu\u2019ils sont devenus !<\/p>\n<p><img loading=\"lazy\" decoding=\"async\" data-class=\"LazyLoad\" src=\"https:\/\/www.europesays.com\/fr\/wp-content\/uploads\/2025\/04\/image-1.jpg\" width=\"100\" height=\"100\" alt=\"image 1\" itemprop=\"image\" title=\"Que deviennent-ils ? Vincent Clerc ! De serial marqueurs \u00e0 serial entrepreneurs\"\/><\/p>\n<p>Bruno Lancelle, n\u00e9 en 1986 \u00e0 La Seyne-sur-Mer (Var), aujourd\u2019hui Kin\u00e9sith\u00e9rapeute, est un ancien joueur\u00a0 de rugby \u00e0 XV qui \u00e9voluait au poste de demi d\u2019ouverture, pass\u00e9 par Toulon, Lyon, Provence Rugby, La Seyne-sur-Mer, US bressane, Lille et Hy\u00e8res.<\/p>\n","protected":false},"excerpt":{"rendered":"Vincent\u202fClerc, aujourd\u2019hui \u00e2g\u00e9 de 44\u202fans, a compl\u00e8tement tourn\u00e9 la page de sa carri\u00e8re de joueur, il a pris&hellip;\n","protected":false},"author":2,"featured_media":219549,"comment_status":"","ping_status":"","sticky":false,"template":"","format":"standard","meta":{"footnotes":""},"categories":[1416],"tags":[1011,27,479,1468,60],"class_list":{"0":"post-219548","1":"post","2":"type-post","3":"status-publish","4":"format-standard","5":"has-post-thumbnail","7":"category-rugby","8":"tag-fr","9":"tag-france","10":"tag-rugby","11":"tag-rugby-football","12":"tag-sports"},"share_on_mastodon":{"url":"","error":""},"_links":{"self":[{"href":"https:\/\/www.europesays.com\/fr\/wp-json\/wp\/v2\/posts\/219548","targetHints":{"allow":["GET"]}}],"collection":[{"href":"https:\/\/www.europesays.com\/fr\/wp-json\/wp\/v2\/posts"}],"about":[{"href":"https:\/\/www.europesays.com\/fr\/wp-json\/wp\/v2\/types\/post"}],"author":[{"embeddable":true,"href":"https:\/\/www.europesays.com\/fr\/wp-json\/wp\/v2\/users\/2"}],"replies":[{"embeddable":true,"href":"https:\/\/www.europesays.com\/fr\/wp-json\/wp\/v2\/comments?post=219548"}],"version-history":[{"count":0,"href":"https:\/\/www.europesays.com\/fr\/wp-json\/wp\/v2\/posts\/219548\/revisions"}],"wp:featuredmedia":[{"embeddable":true,"href":"https:\/\/www.europesays.com\/fr\/wp-json\/wp\/v2\/media\/219549"}],"wp:attachment":[{"href":"https:\/\/www.europesays.com\/fr\/wp-json\/wp\/v2\/media?parent=219548"}],"wp:term":[{"taxonomy":"category","embeddable":true,"href":"https:\/\/www.europesays.com\/fr\/wp-json\/wp\/v2\/categories?post=219548"},{"taxonomy":"post_tag","embeddable":true,"href":"https:\/\/www.europesays.com\/fr\/wp-json\/wp\/v2\/tags?post=219548"}],"curies":[{"name":"wp","href":"https:\/\/api.w.org\/{rel}","templated":true}]}}