{"id":219562,"date":"2025-07-02T01:56:10","date_gmt":"2025-07-02T01:56:10","guid":{"rendered":"https:\/\/www.europesays.com\/fr\/219562\/"},"modified":"2025-07-02T01:56:10","modified_gmt":"2025-07-02T01:56:10","slug":"cetait-devenu-un-peu-trop-pour-moi-la-galerie-de-polli-kaminski-a-lectoure-tire-le-rideau","status":"publish","type":"post","link":"https:\/\/www.europesays.com\/fr\/219562\/","title":{"rendered":"\u00ab\u00a0C\u2019\u00e9tait devenu un peu trop pour moi\u00a0\u00bb\u00a0: la galerie de Polli Kaminski, \u00e0 Lectoure, tire le rideau"},"content":{"rendered":"<p>\n                                                                    l&rsquo;essentiel<br \/>\n                                                                Polli Kaminski ferme sa galerie pk gallery, lieu d\u2019expression artistique locale pendant trois ans et demi. Une page se tourne pour l\u2019artiste.\n                            <\/p>\n<p>Fin d\u2019une aventure culturelle \u00e0 <a href=\"https:\/\/lectoure.fr\" target=\"_self\" rel=\"nofollow noopener\">Lectoure<\/a>\u00a0: Polli Kaminski, install\u00e9e dans la cit\u00e9 gersoise depuis vingt-cinq ans, a ferm\u00e9 d\u00e9finitivement sa galerie d\u2019art, pk gallery, qui aura marqu\u00e9 la vie artistique locale pendant trois ans et demi.<\/p>\n<p>Polli Kaminski d\u00e9couvre sa passion pour la photographie en arrivant \u00e0 Lectoure. Ses premi\u00e8res expositions \u00e0 l\u2019office de tourisme en 2001 (d\u00e9coupages et collages photographiques, puis ses clich\u00e9s d\u2019enfants dans les rues d\u2019Istanbul et ses \u00ab\u00a0brumes de Lectoure\u00a0\u00bb) rencontrent un succ\u00e8s imm\u00e9diat aupr\u00e8s du public.<\/p>\n<p>Le d\u00e9clic vient de l\u2019acquisition d\u2019une maison avec une pi\u00e8ce libre au rez-de-chauss\u00e9e. Polli Kaminski \u00e9voque l\u2019id\u00e9e d\u2019y exposer ses photos, deux amis artistes l\u2019encouragent imm\u00e9diatement. Elle se lance corps et \u00e2me dans ce projet.<\/p>\n<p>L\u2019inauguration, il y a trois ans et demi, avec les installations de Joachim van Den Hurk et les aquarelles \u00e0 l\u2019encre de Chine de Catherine Moro, d\u00e9passe toutes les esp\u00e9rances\u00a0: 150 personnes se pressent pour le premier vernissage. \u00ab\u00a0Mon but \u00e9tait d\u2019offrir aux Lectourois des sujets autour desquels ils pouvaient se rencontrer, parler d\u2019art, d\u00e9couvrir des artistes\u00a0\u00bb, explique celle qui se d\u00e9finit comme une \u00ab\u00a0galeriste autodidacte, guid\u00e9e uniquement par son go\u00fbt et son sens de l\u2019espace\u00a0\u00bb.<\/p>\n<p class=\"std-elt__inline\">\n        <strong>\u00c0 lire aussi :<\/strong><br \/>\n        <a href=\"https:\/\/www.ladepeche.fr\/2023\/04\/08\/lectoure-entretien-avec-polli-kaminski-a-lorigine-de-pk-art-gallery-11120518.php\" rel=\"nofollow noopener\" target=\"_blank\">Lectoure : entretien avec Polli Kaminski, \u00e0 l\u2019origine de PK Art Gallery<\/a>\n    <\/p>\n<p>Un laboratoire artistique<\/p>\n<p>Au fil de 26 expositions, Polli Kaminski a voulu \u00ab\u00a0couvrir autant de disciplines que possible\u00a0\u00bb, m\u00eame celles qui ne sont \u00ab\u00a0pas dans l\u2019air du temps\u00a0\u00bb. Photographie exp\u00e9rimentale, installations, textile, aquarelle\u2026<\/p>\n<p>Sa galerie est devenue un laboratoire artistique ouvert \u00e0 toutes les expressions.<br \/>Polli Kaminski ressent aujourd\u2019hui le besoin de se recentrer sur l\u2019essentiel. \u00ab\u00a0L\u2019ann\u00e9e pass\u00e9e, je me suis rendu compte que c\u2019\u00e9tait devenu un peu trop pour moi\u00a0\u00bb, confie-t-elle. Le moment est venu de se concentrer sur ses propres projets artistiques et d\u2019aller vers ses priorit\u00e9s.<\/p>\n<p>Reconnaissante envers \u00ab\u00a0les artistes qui sont venus exposer\u00a0\u00bb et \u00ab\u00a0les gens qui sont venus, m\u00eame sans acheter\u00a0\u00bb, elle tire un bilan tr\u00e8s positif de cette aventure humaine et artistique.<\/p>\n","protected":false},"excerpt":{"rendered":"l&rsquo;essentiel Polli Kaminski ferme sa galerie pk gallery, lieu d\u2019expression artistique locale pendant trois ans et demi. Une&hellip;\n","protected":false},"author":2,"featured_media":219563,"comment_status":"","ping_status":"","sticky":false,"template":"","format":"standard","meta":{"footnotes":""},"categories":[1358],"tags":[1348,1384,1385,1386,58,59,1011,27],"class_list":{"0":"post-219562","1":"post","2":"type-post","3":"status-publish","4":"format-standard","5":"has-post-thumbnail","7":"category-arts-et-design","8":"tag-arts","9":"tag-arts-and-design","10":"tag-arts-et-design","11":"tag-design","12":"tag-divertissement","13":"tag-entertainment","14":"tag-fr","15":"tag-france"},"share_on_mastodon":{"url":"","error":""},"_links":{"self":[{"href":"https:\/\/www.europesays.com\/fr\/wp-json\/wp\/v2\/posts\/219562","targetHints":{"allow":["GET"]}}],"collection":[{"href":"https:\/\/www.europesays.com\/fr\/wp-json\/wp\/v2\/posts"}],"about":[{"href":"https:\/\/www.europesays.com\/fr\/wp-json\/wp\/v2\/types\/post"}],"author":[{"embeddable":true,"href":"https:\/\/www.europesays.com\/fr\/wp-json\/wp\/v2\/users\/2"}],"replies":[{"embeddable":true,"href":"https:\/\/www.europesays.com\/fr\/wp-json\/wp\/v2\/comments?post=219562"}],"version-history":[{"count":0,"href":"https:\/\/www.europesays.com\/fr\/wp-json\/wp\/v2\/posts\/219562\/revisions"}],"wp:featuredmedia":[{"embeddable":true,"href":"https:\/\/www.europesays.com\/fr\/wp-json\/wp\/v2\/media\/219563"}],"wp:attachment":[{"href":"https:\/\/www.europesays.com\/fr\/wp-json\/wp\/v2\/media?parent=219562"}],"wp:term":[{"taxonomy":"category","embeddable":true,"href":"https:\/\/www.europesays.com\/fr\/wp-json\/wp\/v2\/categories?post=219562"},{"taxonomy":"post_tag","embeddable":true,"href":"https:\/\/www.europesays.com\/fr\/wp-json\/wp\/v2\/tags?post=219562"}],"curies":[{"name":"wp","href":"https:\/\/api.w.org\/{rel}","templated":true}]}}