{"id":219566,"date":"2025-07-02T01:58:14","date_gmt":"2025-07-02T01:58:14","guid":{"rendered":"https:\/\/www.europesays.com\/fr\/219566\/"},"modified":"2025-07-02T01:58:14","modified_gmt":"2025-07-02T01:58:14","slug":"pas-le-meme-mec-larrivee-de-cyril-hanouna-chez-m6-fait-craindre-le-pire-a-lun-de-ses-vieux-amis","status":"publish","type":"post","link":"https:\/\/www.europesays.com\/fr\/219566\/","title":{"rendered":"\u201cPas le m\u00eame mec\u2026\u201d : l\u2019arriv\u00e9e de Cyril Hanouna chez M6 fait craindre le pire \u00e0 l\u2019un de ses vieux amis"},"content":{"rendered":"<p class=\"p1\">Apr\u00e8s plusieurs mois d\u2019absence, <strong>Cyril<br \/>\nHanouna<\/strong> s\u2019appr\u00eate \u00e0 revenir \u00e0 la t\u00e9l\u00e9vision. En effet, \u00e0<br \/>\npartir du 1er septembre, l\u2019animateur sera \u00e0 la t\u00eate d\u2019une nouvelle<br \/>\n\u00e9mission. Baptis\u00e9e \u201c<strong>Tout beau, tout 9<\/strong>\u201d,<br \/>\nelle sera diffus\u00e9e sur W9.<\/p>\n<p class=\"p1\">Deux mois avant son arriv\u00e9e sur la cha\u00eene du groupe<br \/>\nM6, son vieil ami <a href=\"https:\/\/www.closermag.fr\/people\/c-est-hallucinant-le-coup-de-gueule-de-bruno-solo-face-aux-critiques-acerbes-contre-camera-cafe-1687065#item=1\" target=\"_blank\" rel=\"noopener\"><br \/>\nBruno Solo<\/a> s\u2019est confi\u00e9 \u00e0 son sujet. Mardi 1er juillet, celui<br \/>\nqui pr\u00e9pare le retour de Cam\u00e9ra Caf\u00e9 s\u2019est effectivement rendu sur<br \/>\nle plateau du Buzz TV du Figaro. Il n\u2019a alors pas \u00e9chapp\u00e9<br \/>\naux questions sur Cyril Hanouna.<\/p>\n<p>Les exc\u00e8s de Cyril Hanouna inqui\u00e8tent ses<br \/>\nproches<\/p>\n<p class=\"p1\">Lorsqu\u2019il \u00e9tait \u00e0 la t\u00eate de Touche pas \u00e0 mon poste,<br \/>\nCyril Hanouna \u00e9tait <strong>l\u2019homme de tous les exc\u00e8s<\/strong>.<br \/>\nPourtant, il va devoir changer drastiquement <strong>son<br \/>\ncomportement<\/strong> pour <a href=\"https:\/\/www.telestar.fr\/people\/cyril-hanouna-ce-chroniqueur-star-lui-leche-les-bottes-pour-etre-embarque-sur-w9-1728599\" target=\"_blank\" rel=\"noopener\">rester sur W9<\/a>. Alors que ses<br \/>\nproches s\u2019inqui\u00e8tent \u00e0 ce propos, Bruno Solo a assur\u00e9 : \u201cEn<br \/>\ntout cas, il a fait la promesse qu\u2019il ne serait pas dans les<br \/>\npol\u00e9miques qu\u2019il cultivait sur C8\u201d.<\/p>\n<p>Pour Bruno Solo, la question est d\u00e9sormais de savoir si \u201cle<br \/>\ntrublion, le z\u00e9bulon, est capable de se maintenir, de se<br \/>\ncontenir\u201d. L\u2019acteur se pose notamment des questions au sujet<br \/>\ndes <strong>fictions diffus\u00e9es sur le groupe M6<\/strong>.<br \/>\n\u201cEst-ce que, si la fiction marche, qu\u2019elle lui plaise ou non,<br \/>\nil le dira avec autant de franchise ou est-ce qu\u2019il sera un peu<br \/>\nplus corporate ?\u201d, s\u2019est-il demand\u00e9.<\/p>\n<blockquote class=\"twitter-tweet\"><p><a class=\"twitter-link\" rel=\"noindex, nofollow noopener\" href=\"https:\/\/twitter.com\/TVMAG\/status\/1940074311294845329\" target=\"_blank\"><\/p><\/blockquote>\n<p>Bruno Solo \u00e9voque la puissance de<br \/>\nl\u2019animateur<\/p>\n<p class=\"p1\">Alors que Cyril Hanouna \u00e9tait bien<br \/>\n\u201ccorporate\u201d dans le pass\u00e9, Bruno Solo a tenu \u00e0 rappeler<br \/>\nqu\u2019il a <strong>chang\u00e9 au fil des ans<\/strong>. \u201cCe n\u2019\u00e9tait pas<br \/>\nle m\u00eame mec quand il \u00e9tait sur France 4, o\u00f9 je l\u2019ai connu\u201d,<br \/>\na-t-il admis. Et de souligner : \u201cAujourd\u2019hui, c\u2019est un homme<br \/>\nd\u2019une telle puissance qu\u2019il se permet des choses qu\u2019il ne se<br \/>\npermettait peut-\u00eatre pas\u201d.<\/p>\n<p class=\"p1\">Finalement, l\u2019ami de l\u2019animateur attend de voir<br \/>\n\u201ccomment il va r\u00e9agir \u00e0 son arriv\u00e9e sur W9\u201d. <a href=\"https:\/\/www.closermag.fr\/people\/cyril-hanouna-vit-un-sale-moment-son-fils-lino-lui-cause-bien-du-souci-3556638\" target=\"_blank\" rel=\"noopener\"><br \/>\nLe p\u00e8re de Lino<\/a> est \u201ctr\u00e8s attendu\u201d par<br \/>\n<strong>certaines personnalit\u00e9s<\/strong> du groupe. Dans le pass\u00e9,<br \/>\nil a d&rsquo;ailleurs eu quelques diff\u00e9rends avec Bruno Guillon,<br \/>\nAnne-Sophie Lapix ou encore Yvan Le Bolloc\u2019h. Reste \u00e0 savoir s\u2019il<br \/>\narrivera \u00e0 s\u2019entendre avec eux afin que la cohabitation se passe au<br \/>\nmieux.<\/p>\n<p><script async src=\"https:\/\/platform.twitter.com\/widgets.js\" charset=\"utf-8\"><\/script><\/p>\n","protected":false},"excerpt":{"rendered":"Apr\u00e8s plusieurs mois d\u2019absence, Cyril Hanouna s\u2019appr\u00eate \u00e0 revenir \u00e0 la t\u00e9l\u00e9vision. En effet, \u00e0 partir du 1er&hellip;\n","protected":false},"author":2,"featured_media":219567,"comment_status":"","ping_status":"","sticky":false,"template":"","format":"standard","meta":{"footnotes":""},"categories":[1356],"tags":[548,1083,58,59,1011,27,252,1364],"class_list":{"0":"post-219566","1":"post","2":"type-post","3":"status-publish","4":"format-standard","5":"has-post-thumbnail","7":"category-television","8":"tag-article-simple","9":"tag-cyril-hanouna","10":"tag-divertissement","11":"tag-entertainment","12":"tag-fr","13":"tag-france","14":"tag-television","15":"tag-tv"},"share_on_mastodon":{"url":"https:\/\/pubeurope.com\/@fr\/114781170140350081","error":""},"_links":{"self":[{"href":"https:\/\/www.europesays.com\/fr\/wp-json\/wp\/v2\/posts\/219566","targetHints":{"allow":["GET"]}}],"collection":[{"href":"https:\/\/www.europesays.com\/fr\/wp-json\/wp\/v2\/posts"}],"about":[{"href":"https:\/\/www.europesays.com\/fr\/wp-json\/wp\/v2\/types\/post"}],"author":[{"embeddable":true,"href":"https:\/\/www.europesays.com\/fr\/wp-json\/wp\/v2\/users\/2"}],"replies":[{"embeddable":true,"href":"https:\/\/www.europesays.com\/fr\/wp-json\/wp\/v2\/comments?post=219566"}],"version-history":[{"count":0,"href":"https:\/\/www.europesays.com\/fr\/wp-json\/wp\/v2\/posts\/219566\/revisions"}],"wp:featuredmedia":[{"embeddable":true,"href":"https:\/\/www.europesays.com\/fr\/wp-json\/wp\/v2\/media\/219567"}],"wp:attachment":[{"href":"https:\/\/www.europesays.com\/fr\/wp-json\/wp\/v2\/media?parent=219566"}],"wp:term":[{"taxonomy":"category","embeddable":true,"href":"https:\/\/www.europesays.com\/fr\/wp-json\/wp\/v2\/categories?post=219566"},{"taxonomy":"post_tag","embeddable":true,"href":"https:\/\/www.europesays.com\/fr\/wp-json\/wp\/v2\/tags?post=219566"}],"curies":[{"name":"wp","href":"https:\/\/api.w.org\/{rel}","templated":true}]}}