{"id":219572,"date":"2025-07-02T02:01:11","date_gmt":"2025-07-02T02:01:11","guid":{"rendered":"https:\/\/www.europesays.com\/fr\/219572\/"},"modified":"2025-07-02T02:01:11","modified_gmt":"2025-07-02T02:01:11","slug":"a-16-ans-elle-ne-reconnait-plus-sa-famille-apres-avoir-ignore-le-premier-signe-de-sa-maladie-incurable","status":"publish","type":"post","link":"https:\/\/www.europesays.com\/fr\/219572\/","title":{"rendered":"\u00c0 16 ans, elle ne reconna\u00eet plus sa famille apr\u00e8s avoir ignor\u00e9 le premier signe de sa maladie incurable"},"content":{"rendered":"<p>Sa maladie est venue bouleverser la vie de sa famille. \u00ab\u00a0Elle \u00e9tait tr\u00e8s brillante, parmi les meilleures \u00e9l\u00e8ves <a data-i13n=\"cpos:1;pos:1\" href=\"https:\/\/www.manchestereveningnews.co.uk\/all-about\/education\" rel=\"nofollow noopener\" target=\"_blank\" data-ylk=\"slk:.;cpos:1;pos:1;elm:context_link;itc:0;sec:content-canvas\" class=\"link \">.<\/a> Elle \u00e9tait mature. Elle \u00e9tait ind\u00e9pendante. Elle avait d\u00e9j\u00e0 un emploi. Elle r\u00e9ussissait \u00e0 merveille, et puis les choses ont mal tourn\u00e9\u2026\u00a0\u00bb, raconte Toni Shepherd, la m\u00e8re de Beth, cit\u00e9e par <a data-i13n=\"cpos:2;pos:1\" href=\"https:\/\/www.manchestereveningnews.co.uk\/news\/uk-news\/daughter-13-called-saying-something-31948311\" rel=\"nofollow noopener\" target=\"_blank\" data-ylk=\"slk:Manchester Evening News;cpos:2;pos:1;elm:context_link;itc:0;sec:content-canvas\" class=\"link \">Manchester Evening News<\/a>.<\/p>\n<p>Un jour, sans que rien n&rsquo;est annonc\u00e9 cela, sa fille commence \u00e0 adopter un comportement erratique et se livre \u00e0 des acc\u00e8s de violence. L&rsquo;adolescente est incapable d&rsquo;identifier les membres de sa propre famille. Au quotidien, elle vit rong\u00e9e par la peur d&rsquo;\u00eatre enlev\u00e9e ou assassin\u00e9e.<\/p>\n<p><strong>LIRE AUSSI &gt;&gt;<\/strong> <a data-i13n=\"cpos:3;pos:1\" href=\"https:\/\/fr.news.yahoo.com\/selon-une-etude-cest-a-ce-moment-de-la-journee-que-les-gens-se-sentent-le-mieux-144335580.html\" data-ylk=\"slk:Selon une \u00e9tude, c\u2019est \u00e0 ce moment de la journ\u00e9e que les gens se sentent le mieux;cpos:3;pos:1;elm:context_link;itc:0;sec:content-canvas;outcm:mb_qualified_link;_E:mb_qualified_link;ct:story;\" class=\"link  yahoo-link\" target=\"_blank\" rel=\"noopener\">Selon une \u00e9tude, c\u2019est \u00e0 ce moment de la journ\u00e9e que les gens se sentent le mieux<\/a><\/p>\n<p>En 2022, Beth, aujourd&rsquo;hui \u00e2g\u00e9e de 16 ans, apprend qu&rsquo;elle souffre d&rsquo;une maladie myst\u00e9rieuse connue sous le nom de PANS. De quoi s&rsquo;agit-il ? <a data-i13n=\"cpos:4;pos:1\" href=\"https:\/\/www.anxietycanada.com\/fr\/troubles\/pandas-and-pans\/\" rel=\"nofollow noopener\" target=\"_blank\" data-ylk=\"slk:Le site internet Anxiety Canada;cpos:4;pos:1;elm:context_link;itc:0;sec:content-canvas\" class=\"link \">Le site internet Anxiety Canada<\/a> explique qu&rsquo;il s&rsquo;agit d&rsquo;une affection neuropsychiatrique rare qui touche les enfants et les jeunes adolescents. \u00ab\u00a0L&rsquo;hypoth\u00e8se la plus r\u00e9pandue est que la PANDAS est caus\u00e9e par une r\u00e9action auto-immune \u00e0 une infection streptococcique dans l&rsquo;organisme. Il est int\u00e9ressant de noter que ce n&rsquo;est pas la bact\u00e9rie streptocoque elle-m\u00eame qui est en cause, mais plut\u00f4t la r\u00e9action immunitaire de l&rsquo;organisme au streptocoque qui semble provoquer une inflammation dans certaines zones du cerveau de l&rsquo;enfant\u00a0\u00bb. La plupart des cas, les enfants rapportent \u00ab\u00a0une apparition aigu\u00eb et soudaine d&rsquo;obsessions et de compulsions et\/ou de tics\u00a0\u00bb, d\u00e9taille le site.<\/p>\n<p>Des crises et des tremblements<\/p>\n<p>Avec l&rsquo;apparition de cette maladie, le quotidien de la famille s&rsquo;\u00e9croule et la personnalit\u00e9 de Beth change subitement. Elle devient m\u00e9connaissable pour ses proches et encha\u00eene les crises de rage, raconte le <a data-i13n=\"cpos:5;pos:1\" href=\"https:\/\/www.mirror.co.uk\/news\/health\/terrified-teen-called-mum-saying-35460614\" rel=\"nofollow noopener\" target=\"_blank\" data-ylk=\"slk:Mirror;cpos:5;pos:1;elm:context_link;itc:0;sec:content-canvas\" class=\"link \">Mirror<\/a>.<\/p>\n<p>Apr\u00e8s l&rsquo;apparition des premiers sympt\u00f4mes, sa m\u00e8re, assistante maternelle, quitte son travail, consciente que la pr\u00e9sence d&rsquo;autres enfants au domicile familial pouvait devenir dangereuse : \u00ab\u00a0C&rsquo;est absolument terrifiant. Vous ne pouvez pas imaginer. Vous avez un b\u00e9b\u00e9, on vous le pose sur la poitrine et on vous dit : &lsquo;Voici votre petite fille en bonne sant\u00e9&rsquo;. Et \u00e7a, \u00e7a ne me quittera jamais, parce que si je compare avec aujourd\u2019hui\u2026 je ne la reconnais pas. Les bons jours, si. Mais quand on se d\u00e9bat pendant deux heures et que je dois me mettre entre elle et un mur pour qu\u2019elle ne se blesse pas\u2026 c\u2019est comme si quelqu\u2019un avait appuy\u00e9 sur un interrupteur et que je ne reconnaissais plus la personne en face de moi\u00a0\u00bb.<\/p>\n<p><strong>LIRE AUSSI &gt;&gt;<\/strong> <a data-i13n=\"cpos:6;pos:1\" href=\"https:\/\/fr.news.yahoo.com\/le-risque-de-demence-pourrait-quadrupler-si-vous-ne-consommez-pas-suffisamment-de-ces-trois-aliments-163458650.html\" data-ylk=\"slk:Le risque de d\u00e9mence pourrait quadrupler si vous ne consommez pas suffisamment de ces trois aliments;cpos:6;pos:1;elm:context_link;itc:0;sec:content-canvas;outcm:mb_qualified_link;_E:mb_qualified_link;ct:story;\" class=\"link  yahoo-link\" target=\"_blank\" rel=\"noopener\">Le risque de d\u00e9mence pourrait quadrupler si vous ne consommez pas suffisamment de ces trois aliments<\/a><\/p>\n<p>Parmi les premiers sympt\u00f4mes, la m\u00e8re de famille a remarqu\u00e9 que sa fille commen\u00e7ait \u00e0 faire des bruits \u00e9tranges. Un jour, l&rsquo;adolescente, terrifi\u00e9e, appelle sa m\u00e8re depuis l&rsquo;\u00e9cole pour lui dire que \u00ab\u00a0quelque chose n&rsquo;allait pas\u00a0\u00bb et qu&rsquo;elle souffrait de tremblements. \u00ab\u00a0Tr\u00e8s rapidement, elle est devenue tr\u00e8s anxieuse, parano\u00efaque, elle avait des hallucinations, elle ne reconnaissait pas sa famille, elle pensait qu&rsquo;on allait la kidnapper.\u00a0\u00bb Par la suite, elle a souffert de paralysie pouvant durer jusqu&rsquo;\u00e0 quatre jours d&rsquo;affil\u00e9e.<\/p>\n<p>Des habitudes alimentaires particuli\u00e8res<\/p>\n<p>L&rsquo;adolescente a \u00e9galement adopt\u00e9 des habitudes alimentaires restrictives, refusant certains aliments parce qu&rsquo;ils \u00ab\u00a0provenaient d&rsquo;une ferme et que les fermes \u00e9taient sales\u00a0\u00bb. Elle a aussi commenc\u00e9 \u00e0 se taper la t\u00eate contre les murs. En r\u00e9alisant des recherches sur Internet, la m\u00e8re de famille d\u00e9couvre l&rsquo;existence du syndrome neuropsychiatrique aigu de l&rsquo;enfant. La famille a lanc\u00e9 une cagnotte pour financer des soins d&rsquo;oxyg\u00e9noth\u00e9rapie hyperbare. Ce traitement apporte une quantit\u00e9 importante d\u2019oxyg\u00e8ne pour r\u00e9duire l&rsquo;inflammation. Il aiderait l&rsquo;adolescente \u00e0 retrouver plus d&rsquo;\u00e9nergie et \u00e0 mieux dormir.<\/p>\n<p>Aujourd&rsquo;hui, elle passe \u00ab\u00a0deux \u00e0 quatre jours par semaine en fauteuil roulant. Un autre jour avec ses b\u00e9quilles. Elle a g\u00e9n\u00e9ralement droit \u00e0 un jour de mobilit\u00e9 par semaine, mais elle doit s&rsquo;\u00eatre repos\u00e9e jusqu&rsquo;\u00e0 ce jour et les trois jours suivants\u00a0\u00bb.<\/p>\n","protected":false},"excerpt":{"rendered":"Sa maladie est venue bouleverser la vie de sa famille. \u00ab\u00a0Elle \u00e9tait tr\u00e8s brillante, parmi les meilleures \u00e9l\u00e8ves&hellip;\n","protected":false},"author":2,"featured_media":219573,"comment_status":"","ping_status":"","sticky":false,"template":"","format":"standard","meta":{"footnotes":""},"categories":[10],"tags":[1011,27,72,13355,13692,226,19871,35866,71],"class_list":{"0":"post-219572","1":"post","2":"type-post","3":"status-publish","4":"format-standard","5":"has-post-thumbnail","7":"category-sante","8":"tag-fr","9":"tag-france","10":"tag-health","11":"tag-la-famille","12":"tag-la-mere-de-famille","13":"tag-maladie","14":"tag-premiers-symptomes","15":"tag-sa-mere","16":"tag-sante"},"share_on_mastodon":{"url":"https:\/\/pubeurope.com\/@fr\/114781178118071393","error":""},"_links":{"self":[{"href":"https:\/\/www.europesays.com\/fr\/wp-json\/wp\/v2\/posts\/219572","targetHints":{"allow":["GET"]}}],"collection":[{"href":"https:\/\/www.europesays.com\/fr\/wp-json\/wp\/v2\/posts"}],"about":[{"href":"https:\/\/www.europesays.com\/fr\/wp-json\/wp\/v2\/types\/post"}],"author":[{"embeddable":true,"href":"https:\/\/www.europesays.com\/fr\/wp-json\/wp\/v2\/users\/2"}],"replies":[{"embeddable":true,"href":"https:\/\/www.europesays.com\/fr\/wp-json\/wp\/v2\/comments?post=219572"}],"version-history":[{"count":0,"href":"https:\/\/www.europesays.com\/fr\/wp-json\/wp\/v2\/posts\/219572\/revisions"}],"wp:featuredmedia":[{"embeddable":true,"href":"https:\/\/www.europesays.com\/fr\/wp-json\/wp\/v2\/media\/219573"}],"wp:attachment":[{"href":"https:\/\/www.europesays.com\/fr\/wp-json\/wp\/v2\/media?parent=219572"}],"wp:term":[{"taxonomy":"category","embeddable":true,"href":"https:\/\/www.europesays.com\/fr\/wp-json\/wp\/v2\/categories?post=219572"},{"taxonomy":"post_tag","embeddable":true,"href":"https:\/\/www.europesays.com\/fr\/wp-json\/wp\/v2\/tags?post=219572"}],"curies":[{"name":"wp","href":"https:\/\/api.w.org\/{rel}","templated":true}]}}