{"id":219576,"date":"2025-07-02T02:03:17","date_gmt":"2025-07-02T02:03:17","guid":{"rendered":"https:\/\/www.europesays.com\/fr\/219576\/"},"modified":"2025-07-02T02:03:17","modified_gmt":"2025-07-02T02:03:17","slug":"yves-calvi-evince-de-rtl-anne-sophie-lapix-le-remplace","status":"publish","type":"post","link":"https:\/\/www.europesays.com\/fr\/219576\/","title":{"rendered":"Yves Calvi \u00e9vinc\u00e9 de RTL, Anne-Sophie Lapix le remplace"},"content":{"rendered":"<p>                             Par Marine Cassan<\/p>\n<p>                Le 1 juillet 2025 \u00e0 18h30<\/p>\n<p>    Yves Calvi sur RTL<br \/>\n                Capture d&rsquo;\u00e9cran<\/p>\n<p>Apr\u00e8s 15 ans sur la radio du groupe M6, dont 10 \u00e0 animer la matinale, puis les soir\u00e9es sur le \u00ab18\/20h\u00bb sur la m\u00eame station, le journaliste pr\u00e9sentera sa derni\u00e8re ce vendredi 4 juillet prochain.<\/p>\n<p class=\"fig-paragraph\">Nouveau rebondissement dans ce mercato t\u00e9l\u00e9 et radio tr\u00e8s mouvement\u00e9.\u00a0<a href=\"https:\/\/www.lefigaro.fr\/tag\/yves-calvi\" target=\"_blank\" rel=\"noopener\" data-gtm-custom-categorie=\"navigation\" data-gtm-custom-action=\"crossclick\" data-gtm-custom-label=\"Contextuel\" data-gtm-event=\"customEventSPE\"><strong>Yves Calvi<\/strong><\/a> \u00a0laisse tomber \u00abRTL Soir\u00bb, comme l\u2019ont confirm\u00e9 nos confr\u00e8res de\u00a0<a href=\"https:\/\/www.ozap.com\/actu\/apres-15-ans-dantenne-sur-rtl-yves-calvi-va-faire-ses-adieux-a-la-station-vendredi\/650635\" target=\"_blank\" rel=\"nofollow noopener\" data-gtm-custom-categorie=\"navigation\" data-gtm-custom-action=\"crossclick\" data-gtm-custom-label=\"Contextuel\" data-gtm-event=\"customEventSPE\">Purem\u00e9dias<\/a> . Il pr\u00e9sentait cette \u00e9mission avec Agn\u00e8s Bonfillon, leur ultime collaboration sur la station du groupe M6 \u00e9tant pr\u00e9vue ce vendredi 4 juillet.<\/p>\n<p class=\"fig-paragraph\">Alors que la direction du groupe annonce l\u2019arriv\u00e9e d\u2019<a href=\"https:\/\/www.lefigaro.fr\/tag\/anne-sophie-lapix\" target=\"_blank\" rel=\"noopener\" data-gtm-custom-categorie=\"navigation\" data-gtm-custom-action=\"crossclick\" data-gtm-custom-label=\"Contextuel\" data-gtm-event=\"customEventSPE\">Anne-Sophie Lapix<\/a>\u00a0sur RTL d\u00e8s la rentr\u00e9e prochaine sur la tranche horaire de 18 \u00e0 20 heures, aucune information concernant Yves Calvi (qui occupait donc ces d\u00e9buts de soir\u00e9e sur la station), n\u2019avait encore \u00e9t\u00e9 donn\u00e9e.<\/p>\n<p class=\"fig-body-link\">\n            \u00c0 lire aussi<br \/>\n        <a class=\"fig-body-link__link\" href=\"http:\/\/tvmag.lefigaro.fr\/programme-tv\/actu-tele\/hanouna-et-lapix-sur-m6-duhamel-sur-france-inter-praud-change-de-case-retour-sur-le-mercato-tele-et-radio-2025-20250617\" target=\"_blank\" data-fig-type=\"Article\" rel=\"noopener\" data-gtm-custom-categorie=\"navigation\" data-gtm-custom-action=\"crossclick\" data-gtm-custom-label=\"Contextuel\" data-gtm-event=\"customEventSPE\" data-fig-domain=\"TVMAG\">Hanouna et Lapix sur M6, Duhamel sur France Inter, Praud change de case&#8230; Retour sur le mercato t\u00e9l\u00e9 et radio 2025<br \/>\n    <\/a>\n<\/p>\n<p class=\"fig-paragraph\">Le journaliste avait pourtant affirm\u00e9 sur RTL il y a quelques semaines \u00abprendre beaucoup de plaisir le soir\u00bb. Une d\u00e9ception, malgr\u00e9 la proposition de la direction de reprendre une \u00e9mission les week-ends pour pallier son remplacement forc\u00e9 par l\u2019arriv\u00e9e d\u2019Anne-Sophie Lapix. Une proposition que l\u2019animateur aurait refus\u00e9e, toujours selon nos confr\u00e8res.<\/p>\n<blockquote class=\"fig-quote&#10;    \">\n<p class=\"fig-quote__text\">\u00ab J\u2019ai \u00e9t\u00e9 bless\u00e9\u00a0\u00bb<\/p>\n<p>            Yves Calvi\n    <\/p><\/blockquote>\n<p class=\"fig-paragraph\">En juillet 2024, Yves Calvi avait d\u00e9j\u00e0 eu la d\u00e9sagr\u00e9able surprise d\u2019apprendre qu\u2019il ne serait plus ni aux commandes de la matinale de RTL, ni \u00e0 l\u2019antenne de BFMTV. Une nouvelle qui a fortement contrari\u00e9 le journaliste. \u00abJe vous avoue tr\u00e8s franchement\u00a0: j\u2019ai \u00e9t\u00e9 bless\u00e9. Mais je comprends cette d\u00e9cision, \u00e7a fait dix ans que je pr\u00e9sentais la matinale. Et finalement, avec mon d\u00e9part de BFMTV, j\u2019\u00e9tais libre le soir donc j\u2019ai propos\u00e9 \u00e0 RTL de prendre la t\u00eate du \u201c18-20\u201d. Mon patron m\u2019a dit oui tout de suite. Tout s\u2019est concr\u00e9tis\u00e9 harmonieusement m\u00eame si initialement, ce n\u2019est pas un transfert que j\u2019ai choisi\u00bb, nous avait-il confi\u00e9.<\/p>\n<p class=\"fig-body-link\">\n            \u00c0 lire aussi<br \/>\n        <a class=\"fig-body-link__link\" href=\"http:\/\/tvmag.lefigaro.fr\/programme-tv\/actu-tele\/je-n-ai-pas-eu-d-explications-serieuses-yves-calvi-revient-sur-son-eviction-de-bfmtv-et-de-la-matinale-de-rtl-20250203\" target=\"_blank\" data-fig-type=\"Article\" rel=\"noopener\" data-gtm-custom-categorie=\"navigation\" data-gtm-custom-action=\"crossclick\" data-gtm-custom-label=\"Contextuel\" data-gtm-event=\"customEventSPE\" data-fig-domain=\"TVMAG\">\u00abJe n\u2019ai pas eu d\u2019explications s\u00e9rieuses\u00bb\u00a0: Yves Calvi revient sur son \u00e9viction de BFMTV et de la matinale de RTL<br \/>\n    <\/a>\n<\/p>\n<p class=\"fig-paragraph\">Le groupe M6 poursuit son mercato impressionnant pour la rentr\u00e9e de septembre, au grand dam de ses collaborateurs les plus fid\u00e8les, dont Yves Calvi en l\u2019occurrence. Le groupe a rafl\u00e9 la mise en annon\u00e7ant l\u2019arriv\u00e9e sur les cha\u00eenes t\u00e9l\u00e9 et la radio de Cyril Hanouna, Anne-Sophie Lapix et Olivier Minne, les trois plus grosses t\u00eates d\u2019affiche de ces changements de rentr\u00e9e.<\/p>\n<p class=\"fig-paragraph\">Yves Calvi se retrouve pour le moment sur la touche. Il se pourrait n\u00e9anmoins que le journaliste rejoigne \u00e0 nouveau BFMTV, \u00abdes discussions avanc\u00e9es\u00bb seraient en cours.<\/p>\n","protected":false},"excerpt":{"rendered":"Par Marine Cassan Le 1 juillet 2025 \u00e0 18h30 Yves Calvi sur RTL Capture d&rsquo;\u00e9cran Apr\u00e8s 15 ans&hellip;\n","protected":false},"author":2,"featured_media":219577,"comment_status":"","ping_status":"","sticky":false,"template":"","format":"standard","meta":{"footnotes":""},"categories":[8],"tags":[497,496,499,58,59,1011,27,500,504,505,495,503,502,501,1825,2700,498,35867],"class_list":{"0":"post-219576","1":"post","2":"type-post","3":"status-publish","4":"format-standard","5":"has-post-thumbnail","7":"category-divertissement","8":"tag-actu-tv","9":"tag-actualite-tv","10":"tag-buzz-tv","11":"tag-divertissement","12":"tag-entertainment","13":"tag-fr","14":"tag-france","15":"tag-medias","16":"tag-news-tele","17":"tag-news-television","18":"tag-news-tv","19":"tag-programme-tele","20":"tag-programme-tv","21":"tag-quiz-tv","22":"tag-radio","23":"tag-rtl","24":"tag-tv-actu","25":"tag-yves-calvi"},"share_on_mastodon":{"url":"https:\/\/pubeurope.com\/@fr\/114781185988234805","error":""},"_links":{"self":[{"href":"https:\/\/www.europesays.com\/fr\/wp-json\/wp\/v2\/posts\/219576","targetHints":{"allow":["GET"]}}],"collection":[{"href":"https:\/\/www.europesays.com\/fr\/wp-json\/wp\/v2\/posts"}],"about":[{"href":"https:\/\/www.europesays.com\/fr\/wp-json\/wp\/v2\/types\/post"}],"author":[{"embeddable":true,"href":"https:\/\/www.europesays.com\/fr\/wp-json\/wp\/v2\/users\/2"}],"replies":[{"embeddable":true,"href":"https:\/\/www.europesays.com\/fr\/wp-json\/wp\/v2\/comments?post=219576"}],"version-history":[{"count":0,"href":"https:\/\/www.europesays.com\/fr\/wp-json\/wp\/v2\/posts\/219576\/revisions"}],"wp:featuredmedia":[{"embeddable":true,"href":"https:\/\/www.europesays.com\/fr\/wp-json\/wp\/v2\/media\/219577"}],"wp:attachment":[{"href":"https:\/\/www.europesays.com\/fr\/wp-json\/wp\/v2\/media?parent=219576"}],"wp:term":[{"taxonomy":"category","embeddable":true,"href":"https:\/\/www.europesays.com\/fr\/wp-json\/wp\/v2\/categories?post=219576"},{"taxonomy":"post_tag","embeddable":true,"href":"https:\/\/www.europesays.com\/fr\/wp-json\/wp\/v2\/tags?post=219576"}],"curies":[{"name":"wp","href":"https:\/\/api.w.org\/{rel}","templated":true}]}}