{"id":219582,"date":"2025-07-02T02:06:21","date_gmt":"2025-07-02T02:06:21","guid":{"rendered":"https:\/\/www.europesays.com\/fr\/219582\/"},"modified":"2025-07-02T02:06:21","modified_gmt":"2025-07-02T02:06:21","slug":"moyen-orient-donald-trump-assure-quisrael-est-pret-a-finaliser-un-cessez-le-feu-a-gaza","status":"publish","type":"post","link":"https:\/\/www.europesays.com\/fr\/219582\/","title":{"rendered":"Moyen-Orient \u2013 Donald Trump assure qu\u2019Isra\u00ebl est pr\u00eat \u00e0 finaliser un cessez-le-feu \u00e0 Gaza"},"content":{"rendered":"<p>        01:38<\/p>\n<p>      Donald Trump assure qu\u2019Isra\u00ebl est pr\u00eat \u00e0 finaliser un cessez-le-feu \u00e0 Gaza<\/p>\n<p>              <a tabindex=\"-1\" title=\"Le Temps avec l\u2019AFP\" href=\"https:\/\/www.letemps.ch\/profil\/le-temps-avec-l-afp\" target=\"_blank\" rel=\"noopener\"><\/p>\n<p>                    <img decoding=\"async\" src=\"https:\/\/www.europesays.com\/fr\/wp-content\/uploads\/2025\/04\/1744691829_537_small.jpeg\" class=\"lazy\" alt=\"\"\/><\/p>\n<p><\/a>        <\/p>\n<p>Donald Trump a assur\u00e9 mardi qu\u2019Isra\u00ebl, alli\u00e9 des Etats-Unis, avait accept\u00e9 de finaliser les termes d\u2019un cessez-le-feu de deux mois dans la bande de Gaza et a exhort\u00e9 le Hamas \u00e0 l\u2019accepter, au moment o\u00f9 l\u2019arm\u00e9e isra\u00e9lienne \u00e9tend son offensive dans le territoire palestinien.<\/p>\n<p>\u00abIsra\u00ebl a accept\u00e9 les conditions n\u00e9cessaires pour finaliser le cessez-le-feu de 60 jours, au cours duquel nous travaillerons avec toutes les parties pour mettre fin \u00e0 la guerre\u00bb, a \u00e9crit le pr\u00e9sident am\u00e9ricain sur sa plateforme Truth Social.<\/p>\n<p>\u00abLes Qataris et les Egyptiens, qui ont travaill\u00e9 d\u2019arrache-pied pour contribuer \u00e0 la paix, pr\u00e9senteront cette proposition ultime\u00bb, a ajout\u00e9 le r\u00e9publicain. \u00abJ\u2019esp\u00e8re, pour le bien du Moyen-Orient, que le Hamas acceptera cet accord, car la situation ne s\u2019am\u00e9liorera pas &#8211; ELLE NE FERA QU\u2019EMPIRER\u00bb.<\/p>\n<p>        01:38<\/p>\n<p>      La D\u00e9fense civile fait \u00e9tat de 26 morts mardi \u00e0 Gaza<\/p>\n<p>              <a tabindex=\"-1\" title=\"Le Temps avec l\u2019AFP\" href=\"https:\/\/www.letemps.ch\/profil\/le-temps-avec-l-afp\" target=\"_blank\" rel=\"noopener\"><\/p>\n<p>                    <img decoding=\"async\" src=\"https:\/\/www.europesays.com\/fr\/wp-content\/uploads\/2025\/04\/1744691829_537_small.jpeg\" class=\"lazy\" alt=\"\"\/><\/p>\n<p><\/a>        <\/p>\n<p>La D\u00e9fense civile de Gaza a fait \u00e9tat d&rsquo;au moins 26 morts mardi dans des tirs et des frappes de l&rsquo;arm\u00e9e isra\u00e9lienne, dont 16 personnes tu\u00e9es alors qu&rsquo;elles attendaient pour recevoir de l&rsquo;aide humanitaire.<\/p>\n<p>Interrog\u00e9e par l&rsquo;AFP, l&rsquo;arm\u00e9e a r\u00e9pondu avoir tir\u00e9 des coups de semonce pour \u00e9loigner des suspects et ne pas avoir connaissance de personnes bless\u00e9es \u00e0 la suite de ces tirs.<\/p>\n<p>Compte tenu des restrictions impos\u00e9es aux m\u00e9dias dans la bande de Gaza et des difficult\u00e9s d&rsquo;acc\u00e8s sur le terrain, l&rsquo;AFP n&rsquo;est pas en mesure de v\u00e9rifier de mani\u00e8re ind\u00e9pendante les bilans et les affirmations de la D\u00e9fense civile.<\/p>\n<p>        01:36<\/p>\n<p>      La Croix-Rouge \u00abprofond\u00e9ment alarm\u00e9e\u00bb par l\u2019intensification des hostilit\u00e9s \u00e0 Gaza<\/p>\n<p>              <a tabindex=\"-1\" title=\"Le Temps avec l\u2019AFP\" href=\"https:\/\/www.letemps.ch\/profil\/le-temps-avec-l-afp\" target=\"_blank\" rel=\"noopener\"><\/p>\n<p>                    <img decoding=\"async\" src=\"https:\/\/www.europesays.com\/fr\/wp-content\/uploads\/2025\/04\/1744691829_537_small.jpeg\" class=\"lazy\" alt=\"\"\/><\/p>\n<p><\/a>        <\/p>\n<p>Le Comit\u00e9 international de la Croix-Rouge s\u2019est dit mardi \u00abprofond\u00e9ment alarm\u00e9\u00bb alors que l\u2019arm\u00e9e isra\u00e9lienne a intensifi\u00e9 ses op\u00e9rations \u00e0 Gaza, les rares structures m\u00e9dicales encore op\u00e9rationnelles dans le territoire palestinien d\u00e9chir\u00e9 par la guerre \u00e9tant d\u00e9j\u00e0 d\u00e9bord\u00e9es.<\/p>\n<p>Dans un communiqu\u00e9, le CICR s\u2019est inqui\u00e9t\u00e9 de \u00abl\u2019intensification des hostilit\u00e9s \u00e0 Gaza-ville et Jabalia, qui auraient caus\u00e9 des dizaines de morts et de bless\u00e9s parmi les civils au cours des 36 derni\u00e8res heures\u00bb.<\/p>\n<p>        01 juillet \u00e0 21:31<\/p>\n<p>      Fin de notre suivi<\/p>\n<p>              <a tabindex=\"-1\" title=\"Le Temps\" href=\"https:\/\/www.letemps.ch\/profil\/le-temps\" target=\"_blank\" rel=\"noopener\"><\/p>\n<p>                    <img decoding=\"async\" src=\"https:\/\/www.europesays.com\/fr\/wp-content\/uploads\/2025\/04\/1744691829_934_small.jpeg\" class=\"lazy\" alt=\"\"\/><\/p>\n<p><\/a>        <\/p>\n<p>Notre suivi en direct s\u2019arr\u00eate pour aujourd\u2019hui. Il reprendra dans quelques heures.<\/p>\n<p><strong>D\u2019ici-l\u00e0<\/strong>, retrouvez\u00a0<a href=\"https:\/\/www.letemps.ch\/monde\/moyenorient?srsltid=AfmBOoqERlJezPfuSSxvcyH1OojlgRLtAYjz_Xlrg9dLdN1-VEFzq6Vq\" rel=\"nofollow noopener\" target=\"_blank\">tous nos articles consacr\u00e9s au Moyen-Orient<\/a>.<\/p>\n<p>        01 juillet \u00e0 19:42<\/p>\n<p>      L\u2019arm\u00e9e isra\u00e9lienne annonce avoir intercept\u00e9 un missile tir\u00e9 du Y\u00e9men<\/p>\n<p>              <a tabindex=\"-1\" title=\"Le Temps avec l\u2019AFP\" href=\"https:\/\/www.letemps.ch\/profil\/le-temps-avec-l-afp\" target=\"_blank\" rel=\"noopener\"><\/p>\n<p>                    <img decoding=\"async\" src=\"https:\/\/www.europesays.com\/fr\/wp-content\/uploads\/2025\/04\/1744691829_537_small.jpeg\" class=\"lazy\" alt=\"\"\/><\/p>\n<p><\/a>        <\/p>\n<p>L\u2019arm\u00e9e isra\u00e9lienne a annonc\u00e9 mardi soir avoir intercept\u00e9 un missile tir\u00e9 du Y\u00e9men peu apr\u00e8s que les sir\u00e8nes d\u2019alertes antia\u00e9riennes ont retenti dans le centre de J\u00e9rusalem, selon des journalistes de l\u2019AFP.<\/p>\n<p>A la suite du d\u00e9clenchement des sir\u00e8nes \u00abdans plusieurs r\u00e9gions en Isra\u00ebl, un missile tir\u00e9 du Y\u00e9men a \u00e9t\u00e9 intercept\u00e9\u00bb, a indiqu\u00e9 un bref communiqu\u00e9 militaire.<\/p>\n<p>        01 juillet \u00e0 16:53<\/p>\n<p>      Donald Trump esp\u00e8re un cessez-le-feu la semaine prochaine<\/p>\n<p>              <a tabindex=\"-1\" title=\"Le Temps avec l\u2019AFP\" href=\"https:\/\/www.letemps.ch\/profil\/le-temps-avec-l-afp\" target=\"_blank\" rel=\"noopener\"><\/p>\n<p>                    <img decoding=\"async\" src=\"https:\/\/www.europesays.com\/fr\/wp-content\/uploads\/2025\/04\/1744691829_537_small.jpeg\" class=\"lazy\" alt=\"\"\/><\/p>\n<p><\/a>        <\/p>\n<p>Donald Trump affirme que les Etats-Unis font pression pour qu\u2019une tr\u00eave entre Isra\u00ebl et le Hamas dans la bande de Gaza soit conclue \u00abdans le courant de la semaine prochaine\u00bb.<\/p>\n<p>Lors d\u2019un \u00e9change avec des journalistes avant son d\u00e9part pour la Floride, o\u00f9 il doit visiter un nouveau centre de r\u00e9tention pour immigr\u00e9s clandestins, le pr\u00e9sident am\u00e9ricain a \u00e9t\u00e9 interrog\u00e9 pour savoir si un cessez-le-feu dans le territoire palestinien pourrait survenir d\u2019ici la visite du premier ministre isra\u00e9lien Benyamin Netanyahou \u00e0 Washington, le 7\u00a0juillet.<\/p>\n<blockquote>\n<p>Nous esp\u00e9rons que cela va se produire, et nous esp\u00e9rons que cela arrivera dans le courant de la semaine prochaine<\/p>\n<\/blockquote>\n<p>La r\u00e9solution rapide de la guerre de 12 jours entre Isra\u00ebl et l\u2019Iran a raviv\u00e9 les espoirs d\u2019un arr\u00eat des combats \u00e0 Gaza, o\u00f9 plus de 20 mois d\u2019affrontements ont cr\u00e9\u00e9 des conditions humanitaires catastrophiques pour une population de plus de deux millions de personnes.<\/p>\n<p>Donald Trump avait d\u00e9j\u00e0 dit vendredi qu\u2019un cessez-le-feu entre Isra\u00ebl et le Hamas \u00e9tait \u00abproche\u00bb. Mais, sur le terrain, les combats continuent de faire rage entre l\u2019arm\u00e9e isra\u00e9lienne et les groupes arm\u00e9s palestiniens.<\/p>\n<p>Isra\u00ebl a ainsi annonc\u00e9 mardi avoir \u00e9tendu son offensive dans la bande de Gaza o\u00f9 de nouvelles frappes ont fait 17 morts selon les secours palestiniens.<\/p>\n<p>        01 juillet \u00e0 14:19<\/p>\n<p>      Une centaine d\u2019ONG appellent au retrait de la Fondation humanitaire de Gaza<\/p>\n<p>              <a tabindex=\"-1\" title=\"Le Temps avec l\u2019AFP\" href=\"https:\/\/www.letemps.ch\/profil\/le-temps-avec-l-afp\" target=\"_blank\" rel=\"noopener\"><\/p>\n<p>                    <img decoding=\"async\" src=\"https:\/\/www.europesays.com\/fr\/wp-content\/uploads\/2025\/04\/1744691829_537_small.jpeg\" class=\"lazy\" alt=\"\"\/><\/p>\n<p><\/a>        <\/p>\n<p>Pr\u00e8s de 170 ONG ont appel\u00e9 mardi \u00e0 mettre fin au syst\u00e8me de distribution d\u2019aide \u00e0 Gaza soutenu par Isra\u00ebl et les Etats-Unis, apr\u00e8s la mort selon un minist\u00e8re du Hamas de centaines de Palestiniens cherchant \u00e0 se procurer de la nourriture.<\/p>\n<p>Les ONG humanitaires font r\u00e9f\u00e9rence au syst\u00e8me g\u00e9r\u00e9 depuis fin mai par l\u2019organisation Fondation humanitaire de Gaza (GHF), une entreprise au financement opaque soutenue par Isra\u00ebl et les Etats-Unis.<\/p>\n<p>Elles ont aussi r\u00e9clam\u00e9 un retour au m\u00e9canisme qui pr\u00e9valait jusqu\u2019en mars, quand la distribution de l\u2019aide \u00e9tait coordonn\u00e9e par diverses ONG et agences de l\u2019ONU dans le territoire palestinien affam\u00e9, assi\u00e9g\u00e9 et d\u00e9vast\u00e9 par plus de 20 mois de guerre.<\/p>\n<p>\u27a4\u00a0<strong>A ce sujet:<\/strong>\u00a0<a href=\"https:\/\/www.letemps.ch\/monde\/apres-un-nouveau-carnage-a-gaza-les-critiques-redoublent-contre-la-fondation-qui-delivre-des-aliments\" rel=\"nofollow noopener\" target=\"_blank\">Apr\u00e8s un nouveau carnage \u00e0 Gaza, les critiques redoublent contre la fondation qui d\u00e9livre des aliments<\/a><\/p>\n<p>        01 juillet \u00e0 11:37<\/p>\n<p>      Une experte onusienne accuse Glencore de complicit\u00e9 avec Isra\u00ebl<\/p>\n<p>              <a tabindex=\"-1\" title=\"Le Temps avec l\u2019AFP\" href=\"https:\/\/www.letemps.ch\/profil\/le-temps-avec-l-afp\" target=\"_blank\" rel=\"noopener\"><\/p>\n<p>                    <img decoding=\"async\" src=\"https:\/\/www.europesays.com\/fr\/wp-content\/uploads\/2025\/04\/1744691829_537_small.jpeg\" class=\"lazy\" alt=\"\"\/><\/p>\n<p><\/a>        <\/p>\n<p>La rapporteuse sp\u00e9ciale de l\u2019ONU sur les territoires palestiniens Francesca Albanese accuse le groupe zougois Glencore de profiter d\u2019une \u00e9conomie isra\u00e9lienne devenue \u00abune \u00e9conomie de g\u00e9nocide\u00bb. Elle l\u2019appelle \u00e0 cesser ses affaires avec ce pays.<\/p>\n<p>Dans un rapport publi\u00e9 dans la nuit de lundi \u00e0 mardi \u00e0 Gen\u00e8ve, l\u2019Italienne, qui ne s\u2019exprime pas au nom de l\u2019ONU mais est mandat\u00e9e par le Conseil des droits de l\u2019homme, cible des dizaines d\u2019entreprises. Parmi elles figurent notamment le gestionnaire d\u2019actifs am\u00e9ricain Blackrock.<\/p>\n<p>La rapporteuse sp\u00e9ciale reproche au groupe zougois de mati\u00e8res premi\u00e8res d\u2019\u00eatre avec l\u2019Am\u00e9ricain Drummond le principal exportateur de charbon pour l\u2019\u00e9lectricit\u00e9 dans l\u2019Etat h\u00e9breu. Leurs filiales poss\u00e8dent les mines colombiennes qui ont achemin\u00e9 15 chargements depuis octobre 2023. Y compris six livraisons apr\u00e8s que la Colombie a d\u00e9cid\u00e9 ses exportations en ao\u00fbt 2024. Glencore a aussi fait venir du charbon depuis l\u2019Afrique du Sud, ajoute \u00e9galement la rapporteuse sp\u00e9ciale.<\/p>\n<p>        01 juillet \u00e0 09:12<br \/>\n          <strong>Iran<\/strong><\/p>\n<p>      La RTS revient sur la myst\u00e9rieuse mort d\u2019un espion suisse \u00e0 T\u00e9h\u00e9ran<\/p>\n<p>              <a tabindex=\"-1\" title=\"Le Temps\" href=\"https:\/\/www.letemps.ch\/profil\/le-temps\" target=\"_blank\" rel=\"noopener\"><\/p>\n<p>                    <img decoding=\"async\" src=\"https:\/\/www.europesays.com\/fr\/wp-content\/uploads\/2025\/04\/1744691829_934_small.jpeg\" class=\"lazy\" alt=\"\"\/><\/p>\n<p><\/a>        <\/p>\n<p><a href=\"https:\/\/www.rts.ch\/info\/suisse\/2025\/article\/espion-suisse-mort-en-iran-mystere-et-tensions-diplomatiques-28912101.html\" rel=\"nofollow noopener\" target=\"_blank\">L\u2019\u00e9mission Mise au Point de la RTS s\u2019int\u00e9resse<\/a>\u00a0dans un nouvel \u00e9pisode de sa s\u00e9rie \u00abSuisse en Iran: morts myst\u00e9rieuses\u00bb au cas d\u2019un tr\u00e8s probable espion suisse hospitalis\u00e9 \u00e0 T\u00e9h\u00e9ran.<\/p>\n<p>En juin 2023, Girolamo M. \u00e9tait hospitalis\u00e9 d\u2019urgence dans la capitale iranienne, gravement bless\u00e9 et couvert d\u2019h\u00e9matomes. Officiellement, il fut victime d\u2019un malaise. Rapatri\u00e9 en Suisse puis de retour au Pakistan (o\u00f9 il est officiellement en poste comme attach\u00e9 de d\u00e9fense), il d\u00e9c\u00e9dera quelques mois plus tard.<\/p>\n<p>Selon les informations r\u00e9colt\u00e9es par les journalistes, ce citoyen suisse a fait carri\u00e8re aux services secrets suisses.<\/p>\n<p>        01 juillet \u00e0 08:52<br \/>\n          <strong>Guerre \u00e0 Gaza<\/strong><\/p>\n<p>      Plus d\u2019informations sur la frappe isra\u00e9lienne sur le caf\u00e9 internet gazaoui<\/p>\n<p>              <a tabindex=\"-1\" title=\"Le Temps avec l\u2019AFP\" href=\"https:\/\/www.letemps.ch\/profil\/le-temps-avec-l-afp\" target=\"_blank\" rel=\"noopener\"><\/p>\n<p>                    <img decoding=\"async\" src=\"https:\/\/www.europesays.com\/fr\/wp-content\/uploads\/2025\/04\/1744691829_537_small.jpeg\" class=\"lazy\" alt=\"\"\/><\/p>\n<p><\/a>        <\/p>\n<p>  <a class=\"glightbox\" href=\"https:\/\/www.letemps.ch\/placeholder.png\" data-type=\"image\" data-description=\"Des Palestiniens inspectent le caf\u00e9 Al-Baqa apr\u00e8s qu&#039;il a \u00e9t\u00e9 cibl\u00e9 par une frappe a\u00e9rienne isra\u00e9lienne, le 30 juin 2025. \u2014 \u00a9 IMAGO\/Omar Ashtawy \\ apaimages \/ IMAGO\/APAimages\" data- target=\"_blank\" rel=\"noopener\"><\/p>\n<p>      <img decoding=\"async\" class=\"lazy\" title=\"Des Palestiniens inspectent le caf\u00e9 Al-Baqa apr\u00e8s qu'il a \u00e9t\u00e9 cibl\u00e9 par une frappe a\u00e9rienne isra\u00e9lienne, le 30 juin 2025. \u2014 \u00a9 IMAGO\/Omar Ashtawy \\ apaimages \/ IMAGO\/APAimages\" alt=\"Des Palestiniens inspectent le caf\u00e9 Al-Baqa apr\u00e8s qu'il a \u00e9t\u00e9 cibl\u00e9 par une frappe a\u00e9rienne isra\u00e9lienne, le 30 juin 2025. \u2014 \u00a9 IMAGO\/Omar Ashtawy \\ apaimages \/ IMAGO\/APAimages\" src=\"https:\/\/www.europesays.com\/fr\/wp-content\/uploads\/2025\/07\/1751421975_335_medium.jpeg\"\/><\/p>\n<p>  <\/a><br \/>\n  Des Palestiniens inspectent le caf\u00e9 Al-Baqa apr\u00e8s qu&rsquo;il a \u00e9t\u00e9 cibl\u00e9 par une frappe a\u00e9rienne isra\u00e9lienne, le 30 juin 2025. \u2014 \u00a9 IMAGO\/Omar Ashtawy \\ apaimages \/ IMAGO\/APAimages<\/p>\n<p>La D\u00e9fense civile de la bande de Gaza a annonc\u00e9 la mort de 24 Palestiniens \u2013 34 selon le m\u00e9dia isra\u00e9lien Haaretz) et des dizaines de bless\u00e9s dans la frappe qui a d\u00e9vast\u00e9 le caf\u00e9 \u00abAl-Baqa\u00bb en bord de mer \u00e0 Gaza-ville.<\/p>\n<p>Interrog\u00e9 par l\u2019AFP, un porte-parole militaire isra\u00e9lien a d\u00e9clar\u00e9 que l\u2019arm\u00e9e y avait \u00abfrapp\u00e9 plusieurs terroristes du Hamas\u00bb, le mouvement islamiste palestinien dont l\u2019attaque le 7\u00a0octobre 2023 contre Isra\u00ebl a d\u00e9clench\u00e9 la guerre \u00e0 Gaza. \u00abAvant la frappe, des mesures ont \u00e9t\u00e9 prises, \u00e0 l\u2019aide d\u2019une surveillance a\u00e9rienne, pour r\u00e9duire les risques de nuire \u00e0 des civils\u00bb, a-t-il dit ajoutant sans plus de pr\u00e9cision: \u00abl\u2019incident est en cours d\u2019examen\u00bb.<\/p>\n<p>  <a class=\"glightbox\" href=\"https:\/\/www.letemps.ch\/placeholder.png\" data-type=\"image\" data-description=\"Des cartes \u00e0 jouer et des taches de sang jonchent le sol de la caf\u00e9t\u00e9ria Al-Baqa, d\u00e9vast\u00e9e par une frappe isra\u00e9lienne sur le front de mer de Gaza le 30 juin 2025. \u2014 \u00a9 OMAR AL-QATTAA \/ AFP\" data- target=\"_blank\" rel=\"noopener\"><\/p>\n<p>      <img decoding=\"async\" class=\"lazy\" title=\"Des cartes \u00e0 jouer et des taches de sang jonchent le sol de la caf\u00e9t\u00e9ria Al-Baqa, d\u00e9vast\u00e9e par une frappe isra\u00e9lienne sur le front de mer de Gaza le 30 juin 2025. \u2014 \u00a9 OMAR AL-QATTAA \/ AFP\" alt=\"Des cartes \u00e0 jouer et des taches de sang jonchent le sol de la caf\u00e9t\u00e9ria Al-Baqa, d\u00e9vast\u00e9e par une frappe isra\u00e9lienne sur le front de mer de Gaza le 30 juin 2025. \u2014 \u00a9 OMAR AL-QATTAA \/ AFP\" src=\"https:\/\/www.europesays.com\/fr\/wp-content\/uploads\/2025\/07\/1751421976_537_medium.jpeg\"\/><\/p>\n<p>  <\/a><br \/>\n  Des cartes \u00e0 jouer et des taches de sang jonchent le sol de la caf\u00e9t\u00e9ria Al-Baqa, d\u00e9vast\u00e9e par une frappe isra\u00e9lienne sur le front de mer de Gaza le 30 juin 2025. \u2014 \u00a9 OMAR AL-QATTAA \/ AFP<\/p>\n<p>\u00abIl y a toujours beaucoup de monde \u00e0 cet endroit, qui propose des boissons, des espaces pour les familles et un acc\u00e8s \u00e0 internet\u00bb, a racont\u00e9 \u00e0 l\u2019AFP Ahmed al-Nayrab, 26\u00a0ans, pr\u00e9sent sur une plage proche lorsqu\u2019il a entendu une \u00ab\u00e9norme explosion\u00bb. \u00abC\u2019\u00e9tait un massacre\u00bb, a-t-il ajout\u00e9. \u00abJ\u2019ai vu des morceaux de corps voler partout, des cadavres d\u00e9chiquet\u00e9s et br\u00fbl\u00e9s. Une sc\u00e8ne \u00e0 glacer le sang. Tout le monde criait.\u00bb<\/p>\n<p>  <a class=\"glightbox\" href=\"https:\/\/www.letemps.ch\/placeholder.png\" data-type=\"image\" data-description=\"Des Palestiniens prient pr\u00e8s des corps de leurs proches tu\u00e9s lors d&#039;une frappe isra\u00e9lienne contre la caf\u00e9t\u00e9ria Al-Baqa, sur le front de mer de Gaza, dont le journaliste Ismail Abu Hatab, \u00e0 l&#039;h\u00f4pital Al-Shifa de la ville, le 30 juin 2025. \u2014 \u00a9 OMAR AL-QATTAA \/ AFP\" data- target=\"_blank\" rel=\"noopener\"><\/p>\n<p>      <img decoding=\"async\" class=\"lazy\" title=\"Des Palestiniens prient pr\u00e8s des corps de leurs proches tu\u00e9s lors d'une frappe isra\u00e9lienne contre la caf\u00e9t\u00e9ria Al-Baqa, sur le front de mer de Gaza, dont le journaliste Ismail Abu Hatab, \u00e0 l'h\u00f4pital Al-Shifa de la ville, le 30 juin 2025. \u2014 \u00a9 OMAR AL-QATTAA \/ AFP\" alt=\"Des Palestiniens prient pr\u00e8s des corps de leurs proches tu\u00e9s lors d'une frappe isra\u00e9lienne contre la caf\u00e9t\u00e9ria Al-Baqa, sur le front de mer de Gaza, dont le journaliste Ismail Abu Hatab, \u00e0 l'h\u00f4pital Al-Shifa de la ville, le 30 juin 2025. \u2014 \u00a9 OMAR AL-QATTAA \/ AFP\" src=\"https:\/\/www.europesays.com\/fr\/wp-content\/uploads\/2025\/07\/1751421978_403_medium.jpeg\"\/><\/p>\n<p>  <\/a><br \/>\n  Des Palestiniens prient pr\u00e8s des corps de leurs proches tu\u00e9s lors d&rsquo;une frappe isra\u00e9lienne contre la caf\u00e9t\u00e9ria Al-Baqa, sur le front de mer de Gaza, dont le journaliste Ismail Abu Hatab, \u00e0 l&rsquo;h\u00f4pital Al-Shifa de la ville, le 30 juin 2025. \u2014 \u00a9 OMAR AL-QATTAA \/ AFP<\/p>\n<p>        01 juillet \u00e0 04:36<\/p>\n<p>      T\u00e9h\u00e9ran \u00e9carte une reprise rapide des discussions avec Washington<\/p>\n<p>              <a tabindex=\"-1\" title=\"Le Temps avec l\u2019ATS\" href=\"https:\/\/www.letemps.ch\/profil\/le-temps-avec-l-ats\" target=\"_blank\" rel=\"noopener\"><\/p>\n<p>                    <img decoding=\"async\" src=\"https:\/\/www.europesays.com\/fr\/wp-content\/uploads\/2025\/04\/1744691829_537_small.jpeg\" class=\"lazy\" alt=\"\"\/><\/p>\n<p><\/a>        <\/p>\n<p>Le ministre iranien des Affaires \u00e9trang\u00e8res, Abbas Araghchi, a \u00e9cart\u00e9 lundi une reprise rapide des discussions avec les Etats-Unis sur son programme nucl\u00e9aire.<\/p>\n<p>\u00abJe ne pense pas que les n\u00e9gociations vont reprendre aussi vite\u00bb, a d\u00e9clar\u00e9 le chef de la diplomatie iranienne interrog\u00e9 sur la cha\u00eene CBS sur les d\u00e9clarations de Donald Trump qui a affirm\u00e9 que les discussions pourraient reprendre d\u00e8s cette semaine. \u00abPour que nous d\u00e9cidions de nous r\u00e9engager (dans les pourparlers), nous devrons d&rsquo;abord \u00eatre s\u00fbrs que l&rsquo;Am\u00e9rique ne nous ciblera pas de nouveau par une attaque militaire pendant les n\u00e9gociations\u00bb, a d\u00e9clar\u00e9 Abbas Araghchi. \u00abNous avons encore besoin de temps\u00bb, a-t-il ajout\u00e9, soulignant toutefois que \u00ables portes de la diplomatie ne se fermeront jamais\u00bb.<\/p>\n<p>        01 juillet \u00e0 04:33<\/p>\n<p>      Des tirs de roquettes contre un a\u00e9roport en Irak font au moins deux bless\u00e9s<\/p>\n<p>              <a tabindex=\"-1\" title=\"Le Temps avec l\u2019AFP\" href=\"https:\/\/www.letemps.ch\/profil\/le-temps-avec-l-afp\" target=\"_blank\" rel=\"noopener\"><\/p>\n<p>                    <img decoding=\"async\" src=\"https:\/\/www.europesays.com\/fr\/wp-content\/uploads\/2025\/04\/1744691829_537_small.jpeg\" class=\"lazy\" alt=\"\"\/><\/p>\n<p><\/a>        <\/p>\n<p>Deux roquettes se sont abattues lundi soir sur l&rsquo;a\u00e9roport de Kirkouk, dans le nord de l&rsquo;Irak, faisant deux bless\u00e9s l\u00e9gers, a d\u00e9clar\u00e9 \u00e0 l&rsquo;AFP un responsable des services de s\u00e9curit\u00e9. Une troisi\u00e8me roquette est tomb\u00e9e sur une maison dans la ville de Kirkouk, causant des d\u00e9g\u00e2ts mat\u00e9riels, a pr\u00e9cis\u00e9 ce responsable. L&rsquo;attaque n&rsquo;a pas \u00e9t\u00e9 revendiqu\u00e9e.<\/p>\n<p>        01 juillet \u00e0 04:09<\/p>\n<p>      Netanyahou se rendra \u00e0 la Maison-Blanche le 7 juillet<\/p>\n<p>              <a tabindex=\"-1\" title=\"Le Temps avec l\u2019AFP\" href=\"https:\/\/www.letemps.ch\/profil\/le-temps-avec-l-afp\" target=\"_blank\" rel=\"noopener\"><\/p>\n<p>                    <img decoding=\"async\" src=\"https:\/\/www.europesays.com\/fr\/wp-content\/uploads\/2025\/04\/1744691829_537_small.jpeg\" class=\"lazy\" alt=\"\"\/><\/p>\n<p><\/a>        <\/p>\n<p>Le premier ministre isra\u00e9lien Benyamin Netanyahou doit venir \u00e0 la Maison-Blanche lundi 7 juillet \u00e0 la rencontre de Donald Trump, qui a r\u00e9cemment \u00e9voqu\u00e9 un cessez-le-feu \u00abproche\u00bb \u00e0 Gaza, a indiqu\u00e9 un responsable am\u00e9ricain \u00e0 l&rsquo;AFP lundi.<\/p>\n<p>La Maison-Blanche, par la voix de sa porte-parole Karoline Leavitt, avait indiqu\u00e9 \u00e0 la mi-journ\u00e9e \u00abtravailler \u00e0 une date\u00bb pour une visite prochaine de Benyamin Netanyahou. Il s&rsquo;agira de la troisi\u00e8me venue du dirigeant isra\u00e9lien dans la capitale am\u00e9ricaine depuis le retour de Donald Trump au pouvoir en janvier. Le pr\u00e9sident r\u00e9publicain fait une \u00abpriorit\u00e9\u00bb de \u00abmettre fin \u00e0 cette guerre brutale \u00e0 Gaza\u00bb, a insist\u00e9 Karoline Leavitt lundi.<\/p>\n<p>        01 juillet \u00e0 04:04<\/p>\n<p>      Nouvelle vente d&rsquo;armes am\u00e9ricaines \u00e0 Isra\u00ebl<\/p>\n<p>              <a tabindex=\"-1\" title=\"Le Temps avec l\u2019AFP\" href=\"https:\/\/www.letemps.ch\/profil\/le-temps-avec-l-afp\" target=\"_blank\" rel=\"noopener\"><\/p>\n<p>                    <img decoding=\"async\" src=\"https:\/\/www.europesays.com\/fr\/wp-content\/uploads\/2025\/04\/1744691829_537_small.jpeg\" class=\"lazy\" alt=\"\"\/><\/p>\n<p><\/a>        <\/p>\n<p>Les Etats-Unis ont annonc\u00e9 avoir approuv\u00e9 une vente \u00e0 Isra\u00ebl de kits de guidage de bombes et de services connexes d&rsquo;une valeur de 510 millions de dollars.<\/p>\n<p>\u00abLa vente propos\u00e9e renforcera la capacit\u00e9 d&rsquo;Isra\u00ebl \u00e0 faire face aux menaces actuelles et futures en am\u00e9liorant sa capacit\u00e9 \u00e0 d\u00e9fendre ses fronti\u00e8res, ses infrastructures vitales et ses centres de population\u00bb, a d\u00e9clar\u00e9 l&rsquo;Agence am\u00e9ricaine de coop\u00e9ration pour la d\u00e9fense et la s\u00e9curit\u00e9 (DSCA) dans un communiqu\u00e9. \u00abLes Etats-Unis sont attach\u00e9s \u00e0 la s\u00e9curit\u00e9 d&rsquo;Isra\u00ebl et il est vital pour les int\u00e9r\u00eats nationaux am\u00e9ricains d&rsquo;aider Isra\u00ebl \u00e0 d\u00e9velopper et \u00e0 maintenir une capacit\u00e9 d&rsquo;autod\u00e9fense forte et pr\u00eate \u00e0 l&#8217;emploi.\u00bb<\/p>\n<p>        01 juillet \u00e0 03:52<\/p>\n<p>      Donald Trump met fin aux sanctions visant la Syrie, sauf pour Assad<\/p>\n<p>              <a tabindex=\"-1\" title=\"Le Temps avec l\u2019AFP\" href=\"https:\/\/www.letemps.ch\/profil\/le-temps-avec-l-afp\" target=\"_blank\" rel=\"noopener\"><\/p>\n<p>                    <img decoding=\"async\" src=\"https:\/\/www.europesays.com\/fr\/wp-content\/uploads\/2025\/04\/1744691829_537_small.jpeg\" class=\"lazy\" alt=\"\"\/><\/p>\n<p><\/a>        <\/p>\n<p>Le pr\u00e9sident am\u00e9ricain Donald Trump a sign\u00e9 un d\u00e9cret formalisant le d\u00e9mant\u00e8lement des sanctions am\u00e9ricaines contre la Syrie, une nouvelle \u00e9tape dans le rapprochement entre les deux pays apr\u00e8s la chute de Bachar al-Assad. \u00abIl s&rsquo;agit d&rsquo;un effort pour promouvoir et soutenir le chemin du pays vers la stabilit\u00e9 et la paix\u00bb, a d\u00e9clar\u00e9 \u00e0 la presse la porte-parole de la Maison-Blanche, Karoline Leavitt, avant la signature du d\u00e9cret \u00e0 huis clos. Le d\u00e9cret pr\u00e9sidentiel, qui \u00e9voque les \u00abmesures positives\u00bb prises par les autorit\u00e9s syriennes depuis la chute d&rsquo;Assad, d\u00e9mant\u00e8le l&rsquo;architecture globale qui entoure les sanctions am\u00e9ricaines, dont une d\u00e9claration \u00abd&rsquo;urgence nationale\u00bb en date de 2004.<\/p>\n<p>Le chef de la diplomatie syrienne, Assaad al-Chibani, a salu\u00e9 sur X \u00abun tournant important, qui favorise l&rsquo;entr\u00e9e de la Syrie dans une nouvelle phase de prosp\u00e9rit\u00e9, de stabilit\u00e9 et d&rsquo;ouverture sur la communaut\u00e9 internationale\u00bb. \u00abAvec la lev\u00e9e de ce grand obstacle \u00e0 la reprise \u00e9conomique, s&rsquo;ouvrent les portes tant attendues de la reconstruction et du d\u00e9veloppement, ainsi que de la r\u00e9habilitation des infrastructures vitales, cr\u00e9ant ainsi les conditions n\u00e9cessaires pour un retour digne et s\u00fbr des d\u00e9plac\u00e9s syriens dans leur patrie\u00bb, a-t-il ajout\u00e9.<\/p>\n<p>Les Etats-Unis maintiennent toutefois les sanctions visant Assad, qui a fui en Russie, \u00abses associ\u00e9s, les auteurs de violations des droits de l&rsquo;homme, les trafiquants de drogue et personnes li\u00e9es \u00e0 l&rsquo;Etat islamique\u00bb, selon le d\u00e9cret.<\/p>\n<p>Le retrait de la Syrie de la liste am\u00e9ricaine des pays accus\u00e9s de soutenir le terrorisme n&rsquo;est pas encore \u00e0 l&rsquo;ordre du jour mais le secr\u00e9taire d&rsquo;Etat am\u00e9ricain Marco Rubio a clairement fait savoir que Washington envisageait de le faire.<\/p>\n<p>        01 juillet \u00e0 03:41<\/p>\n<p>      Le groupe Palestine Action va contester son interdiction au Royaume-Uni<\/p>\n<p>              <a tabindex=\"-1\" title=\"Le Temps avec l\u2019AFP\" href=\"https:\/\/www.letemps.ch\/profil\/le-temps-avec-l-afp\" target=\"_blank\" rel=\"noopener\"><\/p>\n<p>                    <img decoding=\"async\" src=\"https:\/\/www.europesays.com\/fr\/wp-content\/uploads\/2025\/04\/1744691829_537_small.jpeg\" class=\"lazy\" alt=\"\"\/><\/p>\n<p><\/a>        <\/p>\n<p>L&rsquo;association militante britannique Palestine Action a annonc\u00e9 qu&rsquo;elle allait contester en justice sa prochaine interdiction et son ajout \u00e0 la liste des organisations \u00abterroristes\u00bb, dont le gouvernement a indiqu\u00e9 qu&rsquo;ils pourraient avoir lieu d\u00e8s ce week-end.<\/p>\n<p>Le gouvernement britannique avait indiqu\u00e9 la semaine derni\u00e8re vouloir interdire Action Palestine en vertu de sa loi antiterroriste, quelques jours apr\u00e8s que ses militants avaient macul\u00e9 de peinture rouge des avions d&rsquo;une base de la Royal Air Force.<\/p>\n<p>Selon le groupe, une audience en urgence pour contester cette interdiction se tiendra \u00e0 la Haute Cour de Londres vendredi. Cette proc\u00e9dure est soutenue par Amnesty International et d&rsquo;autres ONG de d\u00e9fense des droits humains. Cofondatrice de Palestine Action, Huda Ammori a d\u00e9clar\u00e9 dans un communiqu\u00e9 que l&rsquo;interdiction annonc\u00e9e aurait \u00abdes implications consid\u00e9rables\u00bb sur \u00ables libert\u00e9s fondamentales (&#8230;) d&rsquo;expression et de r\u00e9union en Grande-Bretagne\u00bb.<\/p>\n<p>        01 juillet \u00e0 03:32<\/p>\n<p>      Attaque contre une manifestation pour les otages isra\u00e9liens au Colorado: une victime d\u00e9c\u00e8de de ses blessures<\/p>\n<p>              <a tabindex=\"-1\" title=\"Le Temps avec l\u2019AFP\" href=\"https:\/\/www.letemps.ch\/profil\/le-temps-avec-l-afp\" target=\"_blank\" rel=\"noopener\"><\/p>\n<p>                    <img decoding=\"async\" src=\"https:\/\/www.europesays.com\/fr\/wp-content\/uploads\/2025\/04\/1744691829_537_small.jpeg\" class=\"lazy\" alt=\"\"\/><\/p>\n<p><\/a>        <\/p>\n<p>Karen Diamond ( 82 ans), une des victimes de l&rsquo;attaque aux cocktails Molotov contre un rassemblement de soutien aux otages isra\u00e9liens \u00e0 Gaza, survenue il y a pr\u00e8s d&rsquo;un mois \u00e0 Boulder (Colorado, ouest des Etats-Unis), est d\u00e9c\u00e9d\u00e9e des suites de ses blessures, selon un communiqu\u00e9 du procureur local.<\/p>\n<p>\u00abCette horrible attaque a co\u00fbt\u00e9 la vie \u00e0 une personne innocente qui \u00e9tait aim\u00e9e de sa famille et de ses amis\u00bb, a expliqu\u00e9 le magistrat, Michael Dougherty, en assurant que son \u00abbureau se battra pour que justice soit rendue aux victimes\u00bb. L&rsquo;auteur pr\u00e9sum\u00e9 de l&rsquo;attaque, Mohamed Sabry Soliman, un Egyptien de 45 ans, sera donc poursuivi pour meurtre et risque la perp\u00e9tuit\u00e9 incompressible, a indiqu\u00e9 le procureur.<\/p>\n<p>Ses services ont \u00e9galement revu le bilan de l&rsquo;attaque, en d\u00e9nombrant 29 victimes au total, dont 13 bless\u00e9s \u2013 les autorit\u00e9s avaient initialement \u00e9voqu\u00e9 15 bless\u00e9s.<\/p>\n<p>Lire aussi: <a href=\"https:\/\/www.letemps.ch\/articles\/apres-une-attaque-dans-le-colorado-la-communaute-juive-est-en-etat-de-siege\" target=\"_blank\" rel=\"noopener\">Apr\u00e8s une attaque antis\u00e9mite dans le Colorado, la communaut\u00e9 juive est en \u00e9tat de si\u00e8ge<\/a><\/p>\n<p>        01 juillet \u00e0 03:11<\/p>\n<p>      Les secours annoncent plus de 50 morts dans la bande de Gaza sur la journ\u00e9e de lundi<\/p>\n<p>              <a tabindex=\"-1\" title=\"Le Temps avec l\u2019AFP\" href=\"https:\/\/www.letemps.ch\/profil\/le-temps-avec-l-afp\" target=\"_blank\" rel=\"noopener\"><\/p>\n<p>                    <img decoding=\"async\" src=\"https:\/\/www.europesays.com\/fr\/wp-content\/uploads\/2025\/04\/1744691829_537_small.jpeg\" class=\"lazy\" alt=\"\"\/><\/p>\n<p><\/a>        <\/p>\n<p>Les secouristes locaux ont fait \u00e9tat lundi de 51 morts dans plusieurs op\u00e9rations de l&rsquo;arm\u00e9e isra\u00e9lienne \u00e0 travers le territoire palestinien. Selon la D\u00e9fense civile gazaouie, une frappe a\u00e9rienne isra\u00e9lienne a fait \u00e0 elle seule 24 morts et des dizaines de bless\u00e9s dans un \u00e9tablissement en bord de mer de la ville de Gaza, appel\u00e9 \u00abAl-Baqa\u00bb. Le bureau de presse du gouvernement du mouvement islamiste palestinien Hamas \u00e0 Gaza rapporte qu&rsquo;un photojournaliste, Ismail Abu Hatab, a \u00e9t\u00e9 tu\u00e9 dans cette attaque.<\/p>\n<p>La D\u00e9fense civile avait annonc\u00e9 plus t\u00f4t dans la journ\u00e9e la mort de 27 personnes dans plusieurs frappes et tirs de l&rsquo;arm\u00e9e isra\u00e9lienne. Parmi elles, onze ont \u00e9t\u00e9 \u00abtu\u00e9es pr\u00e8s de points de distribution d&rsquo;aide dans le centre et le sud du territoire\u00bb, a affirm\u00e9 \u00e0 l&rsquo;AFP Mahmoud Bassal, porte-parole de cette organisation de premiers secours.<\/p>\n<p>        30 juin \u00e0 18:35<\/p>\n<p>      La rapporteuse de l&rsquo;ONU \u00e0 Berne malgr\u00e9 le refus de l&rsquo;universit\u00e9<\/p>\n<p>              <a tabindex=\"-1\" title=\"Le Temps avec l\u2019ATS\" href=\"https:\/\/www.letemps.ch\/profil\/le-temps-avec-l-ats\" target=\"_blank\" rel=\"noopener\"><\/p>\n<p>                    <img decoding=\"async\" src=\"https:\/\/www.europesays.com\/fr\/wp-content\/uploads\/2025\/04\/1744691829_537_small.jpeg\" class=\"lazy\" alt=\"\"\/><\/p>\n<p><\/a>        <\/p>\n<p>La rapporteuse sp\u00e9ciale de l&rsquo;ONU Francesca Albanese est intervenue lundi soir lors d&rsquo;un podium sur la Palestine \u00e0 Berne. Ceci malgr\u00e9 le refus de l&rsquo;Universit\u00e9 de Berne d&rsquo;accueillir l&rsquo;\u00e9v\u00e9nement organis\u00e9 par Amnesty International.<\/p>\n<p>  <a class=\"glightbox\" href=\"https:\/\/www.letemps.ch\/placeholder.png\" data-type=\"image\" data-description=\"La rapporteuse sp\u00e9ciale de l&#039;ONU Francesca Albanese au Palais des Nations \u00e0 Gen\u00e8ve, mardi 26 mars 2024. (KEYSTONE\/Salvatore Di Nolfi) \u2014 \u00a9 SALVATORE DI NOLFI \/ keystone-sda.ch\" data- target=\"_blank\" rel=\"noopener\"><\/p>\n<p>      <img decoding=\"async\" class=\"lazy\" title=\"La rapporteuse sp\u00e9ciale de l'ONU Francesca Albanese au Palais des Nations \u00e0 Gen\u00e8ve, mardi 26 mars 2024. (KEYSTONE\/Salvatore Di Nolfi) \u2014 \u00a9 SALVATORE DI NOLFI \/ keystone-sda.ch\" alt=\"La rapporteuse sp\u00e9ciale de l'ONU Francesca Albanese au Palais des Nations \u00e0 Gen\u00e8ve, mardi 26 mars 2024. (KEYSTONE\/Salvatore Di Nolfi) \u2014 \u00a9 SALVATORE DI NOLFI \/ keystone-sda.ch\" src=\"https:\/\/www.europesays.com\/fr\/wp-content\/uploads\/2025\/07\/1751421979_983_medium.jpeg\"\/><\/p>\n<p>  <\/a><br \/>\n  La rapporteuse sp\u00e9ciale de l&rsquo;ONU Francesca Albanese au Palais des Nations \u00e0 Gen\u00e8ve, mardi 26 mars 2024. (KEYSTONE\/Salvatore Di Nolfi) \u2014 \u00a9 SALVATORE DI NOLFI \/ keystone-sda.ch<\/p>\n<p>L&rsquo;universit\u00e9 avait retir\u00e9 son accord \u00e0 cette table ronde dans ses locaux il y a quelques jours, arguant que l&rsquo;\u00e9quilibre des d\u00e9bats n&rsquo;\u00e9tait pas garanti. Amnesty a alors trouv\u00e9 un lieu priv\u00e9 dans le m\u00eame quartier. Francesca Albanese s&rsquo;est exprim\u00e9e devant pr\u00e8s de 400 personnes, selon un correspondant de Keystone-ATS.<\/p>\n<p>L&rsquo;universit\u00e9 n&rsquo;est peut-\u00eatre pas consciente de son r\u00f4le, a d\u00e9clar\u00e9 Francesca Albanese. En tant que rapporteuse sp\u00e9ciale de l&rsquo;ONU pour les territoires palestiniens occup\u00e9s, elle a pour mission d&rsquo;\u00e9valuer ce qui se passe dans la bande de Gaza du point de vue du droit international. Mme Albanese accuse Isra\u00ebl de crimes de guerre et de g\u00e9nocide.<\/p>\n<p>        30 juin \u00e0 17:53<\/p>\n<p>      Gaza: la D\u00e9fense civile annonce 21 morts dans une frappe isra\u00e9lienne sur un caf\u00e9 internet en bord de mer<\/p>\n<p>              <a tabindex=\"-1\" title=\"Le Temps avec l\u2019AFP\" href=\"https:\/\/www.letemps.ch\/profil\/le-temps-avec-l-afp\" target=\"_blank\" rel=\"noopener\"><\/p>\n<p>                    <img decoding=\"async\" src=\"https:\/\/www.europesays.com\/fr\/wp-content\/uploads\/2025\/04\/1744691829_537_small.jpeg\" class=\"lazy\" alt=\"\"\/><\/p>\n<p><\/a>        <\/p>\n<p>La D\u00e9fense civile de la bande de Gaza a annonc\u00e9 lundi la mort de 21 personnes dans une frappe a\u00e9rienne isra\u00e9lienne sur un caf\u00e9 internet du territoire palestinien. Selon le porte-parole de cette organisation de premiers secours, Mahmoud Bassal, des \u00abdizaines de personnes\u00bb se trouvaient dans ce que des t\u00e9moins d\u00e9crivent comme un \u00e9tablissement de bord de mer, dans la ville de Gaza, proposant des boissons et une connexion \u00e0 Internet.<\/p>\n<p>        30 juin \u00e0 17:52<\/p>\n<p>      Les Etats-Unis r\u00e9voquent les visas de rappeurs pour des propos anti-isra\u00e9liens tenus \u00e0 Glastonbury<\/p>\n<p>              <a tabindex=\"-1\" title=\"Le Temps avec l\u2019AFP\" href=\"https:\/\/www.letemps.ch\/profil\/le-temps-avec-l-afp\" target=\"_blank\" rel=\"noopener\"><\/p>\n<p>                    <img decoding=\"async\" src=\"https:\/\/www.europesays.com\/fr\/wp-content\/uploads\/2025\/04\/1744691829_537_small.jpeg\" class=\"lazy\" alt=\"\"\/><\/p>\n<p><\/a>        <\/p>\n<p>Les Etats-Unis ont annonc\u00e9 lundi qu\u2019ils retiraient leur visa au groupe britannique de punk-rap Bob Vylan, qui avait entonn\u00e9 un chant appelant \u00e0 la mort de l\u2019arm\u00e9e isra\u00e9lienne lors du festival de Glastonbury.<\/p>\n<p>La police britannique, de son c\u00f4t\u00e9, annonce qu&rsquo;elle ouvre une enqu\u00eate.<\/p>\n<p>\u00abLes \u00e9trangers qui glorifient la violence et la haine ne sont pas des visiteurs bienvenus dans notre pays\u00bb, a-t-il ajout\u00e9 sur le r\u00e9seau social X. L\u2019administration du pr\u00e9sident Donald Trump a r\u00e9voqu\u00e9 des visas, principalement d\u2019\u00e9tudiants, pour cause d\u2019activisme anti-isra\u00e9lien.<\/p>\n<p>Lors du concert, l\u2019un des deux rappeurs a scand\u00e9 \u00abMort, mort aux IDF!\u00bb, les forces de d\u00e9fense isra\u00e9liennes, et appel\u00e9 la foule \u00e0 faire de m\u00eame.<\/p>\n<p>Kneecap et Bob Vylan, qui a \u00e9galement jou\u00e9 au festival de Coachella, en Californie, avaient tous deux des dates de concerts pr\u00e9vues plus tard dans l\u2019ann\u00e9e aux Etats-Unis<\/p>\n<p>        30 juin \u00e0 15:10<\/p>\n<p>      Des ONG qui voulaient bloquer des exportations d&rsquo;armes vers Isra\u00ebl d\u00e9bout\u00e9es en justice au Royaume-Uni<\/p>\n<p>              <a tabindex=\"-1\" title=\"Le Temps avec l\u2019AFP\" href=\"https:\/\/www.letemps.ch\/profil\/le-temps-avec-l-afp\" target=\"_blank\" rel=\"noopener\"><\/p>\n<p>                    <img decoding=\"async\" src=\"https:\/\/www.europesays.com\/fr\/wp-content\/uploads\/2025\/04\/1744691829_537_small.jpeg\" class=\"lazy\" alt=\"\"\/><\/p>\n<p><\/a>        <\/p>\n<p>La Haute Cour de Londres a rejet\u00e9 lundi le recours d&rsquo;organisations de d\u00e9fense des droits humains qui attaquaient le gouvernement britannique afin de bloquer les exportations de pi\u00e8ces \u00e9quipant les chasseurs am\u00e9ricains F-35 utilis\u00e9s par Isra\u00ebl dans sa guerre \u00e0 Gaza.<\/p>\n<p>Soutenue par Amnesty International, Human Rights Watch, Oxfam et d&rsquo;autres organisations, l&rsquo;ONG palestinienne Al-Haq, \u00e0 l&rsquo;origine du recours, affirme que le gouvernement britannique enfreint le droit international en autorisant ces exportations de pi\u00e8ces \u00e9quipant les F-35 vers Isra\u00ebl.<\/p>\n<p>Toutes les demandes d&rsquo;Al-Haq ont \u00e9t\u00e9 rejet\u00e9es par la justice britannique.<\/p>\n<p>        30 juin \u00e0 15:09<\/p>\n<p>      La D\u00e9fense civile annonce 27 morts dans des op\u00e9rations militaires isra\u00e9liennes<\/p>\n<p>              <a tabindex=\"-1\" title=\"Le Temps avec l\u2019AFP\" href=\"https:\/\/www.letemps.ch\/profil\/le-temps-avec-l-afp\" target=\"_blank\" rel=\"noopener\"><\/p>\n<p>                    <img decoding=\"async\" src=\"https:\/\/www.europesays.com\/fr\/wp-content\/uploads\/2025\/04\/1744691829_537_small.jpeg\" class=\"lazy\" alt=\"\"\/><\/p>\n<p><\/a>        <\/p>\n<p>La D\u00e9fense civile de la bande de Gaza annonce la mort de 27 personnes, tu\u00e9es dans des frappes ou des tirs de l\u2019arm\u00e9e isra\u00e9lienne entre minuit et midi lundi. Mahmoud Bassal, porte-parole de cette organisation de premiers secours, pr\u00e9cise que sur les 27 morts, \u00abonze personnes (ont \u00e9t\u00e9) tu\u00e9es pr\u00e8s de points de distribution d\u2019aide dans le centre et le sud du territoire.\u00bb<\/p>\n<p>        30 juin \u00e0 15:07<\/p>\n<p>      Pr\u00e8s de 30 morts \u00e0 Gaza apr\u00e8s des frappes isra\u00e9liennes<\/p>\n<p>              <a tabindex=\"-1\" title=\"Le Temps avec l\u2019AFP\" href=\"https:\/\/www.letemps.ch\/profil\/le-temps-avec-l-afp\" target=\"_blank\" rel=\"noopener\"><\/p>\n<p>                    <img decoding=\"async\" src=\"https:\/\/www.europesays.com\/fr\/wp-content\/uploads\/2025\/04\/1744691829_537_small.jpeg\" class=\"lazy\" alt=\"\"\/><\/p>\n<p><\/a>        <\/p>\n<p>La D\u00e9fense civile de la bande de Gaza a annonc\u00e9 lundi la mort de 27 personnes, tu\u00e9es dans des frappes ou des tirs de l\u2019arm\u00e9e isra\u00e9lienne \u00e0 travers le petit territoire palestinien d\u00e9vast\u00e9 par plus de 20 mois de guerre.<\/p>\n<p>\u00abAu total, 27 martyrs ont \u00e9t\u00e9 transport\u00e9s vers des h\u00f4pitaux de Gaza \u00e0 la suite de frappes a\u00e9riennes et de tirs isra\u00e9liens dans diff\u00e9rentes zones de la bande de Gaza entre minuit et midi aujourd\u2019hui\u00bb, a affirm\u00e9 \u00e0 l\u2019AFP Mahmoud Bassal, porte-parole de cette organisation de premiers secours. Il a pr\u00e9cis\u00e9 que sur les 27 morts, \u00abonze personnes (ont \u00e9t\u00e9) tu\u00e9es pr\u00e8s de points de distribution d\u2019aide dans le centre et le sud du territoire.\u00bb<\/p>\n<p>Compte tenu des restrictions impos\u00e9es aux m\u00e9dias dans la bande de Gaza et des difficult\u00e9s d\u2019acc\u00e8s sur le terrain, l\u2019AFP n\u2019est pas en mesure de v\u00e9rifier de mani\u00e8re ind\u00e9pendante les bilans et les affirmations de la D\u00e9fense civile.<\/p>\n<p>        30 juin \u00e0 13:27<br \/>\n          <strong>Iran<\/strong><\/p>\n<p>      Plus de 900 morts en Iran pendant la guerre avec Isra\u00ebl, selon un m\u00e9dia officiel<\/p>\n<p>              <a tabindex=\"-1\" title=\"Le Temps avec l\u2019AFP\" href=\"https:\/\/www.letemps.ch\/profil\/le-temps-avec-l-afp\" target=\"_blank\" rel=\"noopener\"><\/p>\n<p>                    <img decoding=\"async\" src=\"https:\/\/www.europesays.com\/fr\/wp-content\/uploads\/2025\/04\/1744691829_537_small.jpeg\" class=\"lazy\" alt=\"\"\/><\/p>\n<p><\/a>        <\/p>\n<p>Au moins 935 personnes ont \u00e9t\u00e9 tu\u00e9es en Iran pendant la guerre de 12 jours avec Isra\u00ebl qui a pris fin le 24\u00a0juin, a annonc\u00e9 lundi l\u2019agence officielle iranienne Irna.<\/p>\n<p>\u00abPendant la guerre de 12 jours men\u00e9e par le r\u00e9gime sioniste contre notre pays, 935 martyrs ont \u00e9t\u00e9 identifi\u00e9s jusqu\u2019\u00e0 pr\u00e9sent\u00bb, parmi lesquels 132 femmes et 38 enfants, a d\u00e9clar\u00e9 l\u2019agence, citant le porte-parole du pouvoir judiciaire, Asghar Jahangir.<\/p>\n<p>        30 juin \u00e0 13:26<br \/>\n          <strong>Sur le terrain<\/strong><\/p>\n<p>      A Kashan, vivre entre deux sites nucl\u00e9aires bombard\u00e9s<\/p>\n<p>Plus nous nous approchons de Kashan, plus la tension est palpable. La ville de 450\u00a0000 \u00e2mes est situ\u00e9e respectivement \u00e0 70\u00a0km de Fordo, au nord, et \u00e0 55\u00a0km de Natanz, au sud, les deux plus grands sites d\u2019enrichissement d\u2019uranium du pays.<\/p>\n<p>La ville est un haut lieu de la po\u00e9sie et de la litt\u00e9rature persanes. Elle est \u00e9galement r\u00e9put\u00e9e pour sa formidable eau de rose, pris\u00e9e dans tout le pays. Mais en cette matin\u00e9e calme, personne n\u2019est d\u2019humeur \u00e0 r\u00e9citer un po\u00e8me \u00e0 l\u2019ombre parfum\u00e9e d\u2019une roseraie. Pire, chacun se m\u00e9fie de l\u2019air qu\u2019il respire.<\/p>\n<p>Saeid a quitt\u00e9 il y a quelques ann\u00e9es la capitale pour d\u00e9m\u00e9nager \u00e0 Kashan, esp\u00e9rant y trouver une meilleure qualit\u00e9 de vie, loin des turpitudes bruyantes de T\u00e9h\u00e9ran. Un choix qui, \u00e0 l\u2019\u00e9poque, avait intrigu\u00e9 ses amis et ses proches\u2026 \u00abIls m\u2019avaient pr\u00e9venu qu\u2019en cas de guerre, nous serions pris en sandwich radioactif entre ces deux installations nucl\u00e9aires dont on savait qu\u2019elles pouvaient \u00eatre cibl\u00e9es. Mais qui pouvait imaginer qu\u2019on en arriverait l\u00e0?\u00bb<\/p>\n<p>\u27a4 <a href=\"https:\/\/www.letemps.ch\/monde\/moyenorient\/a-kashan-apres-les-frappes-contre-les-sites-nucleaires-iraniens-ici-beaucoup-ont-en-tete-ce-qui-s-est-passe-a-tchernobyl\" rel=\"nofollow noopener\" target=\"_blank\">Lire la suite du reportage<\/a><\/p>\n<p>        30 juin \u00e0 13:07<\/p>\n<p>      L\u2019Iran d\u00e9nonce la conduite \u00abdestructrice\u00bb du chef de l\u2019AIEA \u00e0 l\u2019\u00e9gard de T\u00e9h\u00e9ran<\/p>\n<p>              <a tabindex=\"-1\" title=\"Le Temps avec l\u2019AFP\" href=\"https:\/\/www.letemps.ch\/profil\/le-temps-avec-l-afp\" target=\"_blank\" rel=\"noopener\"><\/p>\n<p>                    <img decoding=\"async\" src=\"https:\/\/www.europesays.com\/fr\/wp-content\/uploads\/2025\/04\/1744691829_537_small.jpeg\" class=\"lazy\" alt=\"\"\/><\/p>\n<p><\/a>        <\/p>\n<p>Le pr\u00e9sident iranien, Massoud Pezeshkian, a d\u00e9clar\u00e9 que T\u00e9h\u00e9ran avait rompu sa coop\u00e9ration avec l\u2019Agence internationale de l\u2019\u00e9nergie atomique en raison de ce qu\u2019il a appel\u00e9 la conduite \u00abdestructrice\u00bb du chef de l\u2019AIEA \u00e0 l\u2019\u00e9gard de T\u00e9h\u00e9ran, selon un communiqu\u00e9 de son bureau lundi.<\/p>\n<blockquote>\n<p>L\u2019initiative prise par des membres du Parlement (\u2026) est une r\u00e9ponse naturelle \u00e0 la conduite injustifi\u00e9e, non constructive et destructrice du directeur g\u00e9n\u00e9ral de l\u2019Agence internationale de l\u2019\u00e9nergie atomique,<\/p>\n<\/blockquote>\n<p>a d\u00e9clar\u00e9 Massoud Pezeshkian \u00e0 son homologue fran\u00e7ais, Emmanuel Macron, lors d\u2019un appel t\u00e9l\u00e9phonique dimanche soir, selon le communiqu\u00e9.<\/p>\n<p>        30 juin \u00e0 12:52<br \/>\n          <strong>Guerre \u00e0 Gaza<\/strong><\/p>\n<p>      Propos de rappeurs contre Isra\u00ebl \u00e0 Glastonbury: la BBC \u00abregrette\u00bb la diffusion du concert<\/p>\n<p>              <a tabindex=\"-1\" title=\"Le Temps avec l\u2019AFP\" href=\"https:\/\/www.letemps.ch\/profil\/le-temps-avec-l-afp\" target=\"_blank\" rel=\"noopener\"><\/p>\n<p>                    <img decoding=\"async\" src=\"https:\/\/www.europesays.com\/fr\/wp-content\/uploads\/2025\/04\/1744691829_537_small.jpeg\" class=\"lazy\" alt=\"\"\/><\/p>\n<p><\/a>        <\/p>\n<p>La BBC \u00abregrette\u00bb de ne pas avoir arr\u00eat\u00e9 la diffusion du concert des deux rappeurs de Bob Vylan, qui ont tenu samedi des propos anti-isra\u00e9liens sur la sc\u00e8ne du festival de Glastonbury, a indiqu\u00e9 lundi le groupe audiovisuel public.<\/p>\n<p>\u00abNous aurions d\u00fb interrompre la diffusion pendant la performance. Nous regrettons que cela ne soit pas arriv\u00e9\u00bb, a d\u00e9clar\u00e9 la BBC dans un communiqu\u00e9, le r\u00e9gulateur Ofcom estimant pour sa part que le g\u00e9ant des m\u00e9dias avait des \u00abr\u00e9ponses\u00bb \u00e0 apporter sur cette question.<\/p>\n<p>Lors du concert, l\u2019un des deux rappeurs a appel\u00e9 la foule \u00e0 scander \u00abMort, mort aux IDF!\u00bb, les forces de d\u00e9fense isra\u00e9liennes.<\/p>\n<p>        30 juin \u00e0 12:14<\/p>\n<p>      Isra\u00ebl \u00abint\u00e9ress\u00e9\u00bb par une normalisation de ses relations avec la Syrie et le Liban<\/p>\n<p>              <a tabindex=\"-1\" title=\"Le Temps avec l\u2019AFP\" href=\"https:\/\/www.letemps.ch\/profil\/le-temps-avec-l-afp\" target=\"_blank\" rel=\"noopener\"><\/p>\n<p>                    <img decoding=\"async\" src=\"https:\/\/www.europesays.com\/fr\/wp-content\/uploads\/2025\/04\/1744691829_537_small.jpeg\" class=\"lazy\" alt=\"\"\/><\/p>\n<p><\/a>        <\/p>\n<p>Le ministre isra\u00e9lien des Affaires \u00e9trang\u00e8res a affirm\u00e9 lundi qu\u2019Isra\u00ebl \u00e9tait \u00abint\u00e9ress\u00e9\u00bb par une normalisation de ses relations avec la Syrie et le Liban.<\/p>\n<p>\u00abIsra\u00ebl est int\u00e9ress\u00e9 par une expansion du cercle de paix et de normalisation [dans le cadre] des accords d\u2019Abraham\u00bb, a d\u00e9clar\u00e9 Gideon Saar lors d\u2019une conf\u00e9rence de presse commune \u00e0 J\u00e9rusalem avec son homologue autrichienne Beate Meinl-Reisinger.<\/p>\n<p>\u00abNous avons un int\u00e9r\u00eat \u00e0 ajouter des pays tels que la Syrie et le Liban, nos voisins, au cercle de paix et de normalisation, tout en pr\u00e9servant les principaux int\u00e9r\u00eats s\u00e9curitaires d\u2019Isra\u00ebl\u00bb, a ajout\u00e9 le ministre isra\u00e9lien.<\/p>\n<p>        30 juin \u00e0 12:12<\/p>\n<p>      La justice britannique rejette la demande d\u2019une ONG de bloquer des exportations d\u2019armes vers Isra\u00ebl<\/p>\n<p>              <a tabindex=\"-1\" title=\"Le Temps avec l\u2019AFP\" href=\"https:\/\/www.letemps.ch\/profil\/le-temps-avec-l-afp\" target=\"_blank\" rel=\"noopener\"><\/p>\n<p>                    <img decoding=\"async\" src=\"https:\/\/www.europesays.com\/fr\/wp-content\/uploads\/2025\/04\/1744691829_537_small.jpeg\" class=\"lazy\" alt=\"\"\/><\/p>\n<p><\/a>        <\/p>\n<p>La justice britannique a rejet\u00e9 lundi le recours d\u2019une organisation de d\u00e9fense des droits humains qui lui demandait de bloquer les exportations de pi\u00e8ces \u00e9quipant les chasseurs am\u00e9ricains F-35 utilis\u00e9s par Isra\u00ebl dans sa guerre \u00e0 Gaza.<\/p>\n<p>La Haute Cour a jug\u00e9 que \u00abcette question extr\u00eamement sensible rel\u00e8ve de l\u2019ex\u00e9cutif (\u2026) et non des tribunaux\u00bb, en d\u00e9boutant l\u2019organisation Al-Haq, qui accusait le gouvernement britannique de violer le droit international avec ces exportations.<\/p>\n<p>        30 juin \u00e0 11:59<br \/>\n          <strong>Syrie<\/strong><\/p>\n<p>      Le Golan restera \u00abpartie int\u00e9grante\u00bb d\u2019Isra\u00ebl dans tout accord de paix avec la Syrie, affirme l&rsquo;Etat h\u00e9breu<\/p>\n<p>              <a tabindex=\"-1\" title=\"Le Temps avec l\u2019AFP\" href=\"https:\/\/www.letemps.ch\/profil\/le-temps-avec-l-afp\" target=\"_blank\" rel=\"noopener\"><\/p>\n<p>                    <img decoding=\"async\" src=\"https:\/\/www.europesays.com\/fr\/wp-content\/uploads\/2025\/04\/1744691829_537_small.jpeg\" class=\"lazy\" alt=\"\"\/><\/p>\n<p><\/a>        <\/p>\n<p>  <a class=\"glightbox\" href=\"https:\/\/www.letemps.ch\/placeholder.png\" data-type=\"image\" data-description=\"Des soldats isra\u00e9liens sont post\u00e9s devant une barri\u00e8re de s\u00e9curit\u00e9 pr\u00e8s de la ligne Alpha qui s\u00e9pare le plateau du Golan occup\u00e9 par Isra\u00ebl de la Syrie, dans la ville de Majdal Shams, le 9 d\u00e9cembre 2024. \u2014 \u00a9 Matias Delacroix \/ keystone-sda.ch\" data- target=\"_blank\" rel=\"noopener\"><\/p>\n<p>      <img decoding=\"async\" class=\"lazy\" title=\"Des soldats isra\u00e9liens sont post\u00e9s devant une barri\u00e8re de s\u00e9curit\u00e9 pr\u00e8s de la ligne Alpha qui s\u00e9pare le plateau du Golan occup\u00e9 par Isra\u00ebl de la Syrie, dans la ville de Majdal Shams, le 9 d\u00e9cembre 2024. \u2014 \u00a9 Matias Delacroix \/ keystone-sda.ch\" alt=\"Des soldats isra\u00e9liens sont post\u00e9s devant une barri\u00e8re de s\u00e9curit\u00e9 pr\u00e8s de la ligne Alpha qui s\u00e9pare le plateau du Golan occup\u00e9 par Isra\u00ebl de la Syrie, dans la ville de Majdal Shams, le 9 d\u00e9cembre 2024. \u2014 \u00a9 Matias Delacroix \/ keystone-sda.ch\" src=\"https:\/\/www.europesays.com\/fr\/wp-content\/uploads\/2025\/07\/1751421981_315_medium.jpeg\"\/><\/p>\n<p>  <\/a><br \/>\n  Des soldats isra\u00e9liens sont post\u00e9s devant une barri\u00e8re de s\u00e9curit\u00e9 pr\u00e8s de la ligne Alpha qui s\u00e9pare le plateau du Golan occup\u00e9 par Isra\u00ebl de la Syrie, dans la ville de Majdal Shams, le 9 d\u00e9cembre 2024. \u2014 \u00a9 Matias Delacroix \/ keystone-sda.ch<\/p>\n<p>Le Golan, conquis en partie par Isra\u00ebl sur la Syrie en juin 1967, restera une \u00abpartie int\u00e9grante\u00bb de l\u2019Etat h\u00e9breu dans tout accord de paix avec la Syrie, a d\u00e9clar\u00e9 lundi le ministre isra\u00e9lien des Affaires \u00e9trang\u00e8res, Gideon Saar.<\/p>\n<p>\u00abDans tout accord de paix, le Golan restera une partie int\u00e9grante de l\u2019Etat d\u2019Isra\u00ebl\u00bb, a-t-il affirm\u00e9 lors d\u2019une conf\u00e9rence de presse apr\u00e8s avoir ouvert la porte \u00e0 une normalisation des relations d\u2019Isra\u00ebl avec la Syrie et le Liban.<\/p>\n<p>        30 juin \u00e0 11:55<br \/>\n          <strong>Iran<\/strong><\/p>\n<p>      Washington doit exclure de nouvelles frappes pour une reprise des discussions, selon T\u00e9h\u00e9ran<\/p>\n<p>              <a tabindex=\"-1\" title=\"Le Temps avec l\u2019AFP\" href=\"https:\/\/www.letemps.ch\/profil\/le-temps-avec-l-afp\" target=\"_blank\" rel=\"noopener\"><\/p>\n<p>                    <img decoding=\"async\" src=\"https:\/\/www.europesays.com\/fr\/wp-content\/uploads\/2025\/04\/1744691829_537_small.jpeg\" class=\"lazy\" alt=\"\"\/><\/p>\n<p><\/a>        <\/p>\n<p>Les discussions diplomatiques avec Washington ne pourront reprendre que si les \u00c9tats-Unis excluent de nouvelles frappes sur l\u2019Iran, a d\u00e9clar\u00e9 le vice-ministre iranien des Affaires \u00e9trang\u00e8res, Majid Takht-Ravanchi, \u00e0 la BBC.<\/p>\n<p>\u00abNous entendons dire que Washington veut nous parler\u00bb, a dit le responsable iranien, dans une interview diffus\u00e9e dimanche soir par la BBC.<\/p>\n<blockquote>\n<p>Nous ne nous sommes pas mis d\u2019accord sur une date. Nous ne nous sommes pas mis d\u2019accord sur les modalit\u00e9s. Nous cherchons une r\u00e9ponse \u00e0 cette question: allons-nous assister \u00e0 une r\u00e9p\u00e9tition d\u2019un acte d\u2019agression alors que nous sommes engag\u00e9s dans le dialogue?<\/p>\n<\/blockquote>\n<p>Les Etats-Unis \u00abn\u2019ont pas encore clarifi\u00e9 leur position\u00bb, a soulign\u00e9 Majid Takht-Ravanchi. T\u00e9h\u00e9ran a \u00e9t\u00e9 inform\u00e9 que les Etats-Unis ne voulaient \u00abpas s\u2019engager dans un changement de r\u00e9gime en Iran\u00bb en ciblant le Guide supr\u00eame du pays, l\u2019ayatollah Ali Khamenei, a aussi rapport\u00e9 le ministre iranien.<\/p>\n<p>        30 juin \u00e0 11:27<br \/>\n          <strong>Guerre \u00e0 Gaza<\/strong><\/p>\n<p>      \u00abIsra\u00ebl a laiss\u00e9 croire que son occupation de la Palestine serait temporaire\u00bb<\/p>\n<p>              <a tabindex=\"-1\" title=\"Luis Lema\" href=\"https:\/\/www.letemps.ch\/profil\/luis-lema\" target=\"_blank\" rel=\"noopener\"><\/p>\n<p>                    <img decoding=\"async\" src=\"https:\/\/www.europesays.com\/fr\/wp-content\/uploads\/2025\/05\/1748314990_806_small.jpeg\" class=\"lazy\" alt=\"\"\/><\/p>\n<p><\/a>        <\/p>\n<p>La juriste Monique Chemillier-Gendreau intervient fr\u00e9quemment devant les juridictions internationales, dont la Cour internationale de justice. Elle vient de publier un livre dans lequel elle soutient que l\u2019objectif d\u2019Isra\u00ebl a \u00e9t\u00e9, d\u00e8s sa cr\u00e9ation, d\u2019emp\u00eacher la naissance d\u2019un Etat palestinien.<\/p>\n<p><strong>Le Temps: L\u2019histoire du Proche-Orient et de la cr\u00e9ation d\u2019Isra\u00ebl occupe des rayonnages entiers. En quoi votre approche est-elle diff\u00e9rente?<\/strong><\/p>\n<p><strong>Monique Chemillier-Gendreau:<\/strong> Mon but, c\u2019est de d\u00e9terrer certains \u00e9l\u00e9ments de cette histoire et de les mettre en logique les uns avec les autres. Car, d\u00e8s le d\u00e9but de l\u2019occupation de la Palestine par Isra\u00ebl, en 1967, on a laiss\u00e9 croire qu\u2019il s\u2019agissait d\u2019une occupation militaire temporaire, et qu\u2019une paix pourrait s\u2019\u00e9tablir \u00e0 partir de la cr\u00e9ation et de la reconnaissance de l\u2019Etat palestinien. C\u2019est-\u00e0-dire qu\u2019Isra\u00ebl \u00e9tait dans une position provisoire d\u2019occupation, ce qui est la caract\u00e9ristique majeure de toute occupation militaire en droit international. La communaut\u00e9 internationale a cru cela, ou a plut\u00f4t fait semblant de le croire, tandis qu\u2019Isra\u00ebl a jou\u00e9 le jeu du bout des l\u00e8vres, notamment au moment des accords d\u2019Oslo.<\/p>\n<p>Or aujourd\u2019hui, il est clair qu\u2019il faut cesser de croire que l\u2019Etat palestinien na\u00eetra par une n\u00e9gociation avec Isra\u00ebl. De fait, ce que j\u2019ai voulu d\u00e9montrer, c\u2019est que m\u00eame avant la cr\u00e9ation d\u2019Isra\u00ebl, d\u00e8s les d\u00e9buts du mouvement sioniste, il n\u2019y a eu aucune place dans l\u2019esprit des sionistes pour un Etat palestinien \u00e0 leurs c\u00f4t\u00e9s.<\/p>\n<p>\u27a4 <a href=\"https:\/\/www.letemps.ch\/monde\/moyenorient\/monique-chemillier-gendreau-juriste-israel-a-laisse-croire-que-son-occupation-serait-temporaire\" rel=\"nofollow noopener\" target=\"_blank\">La suite de l\u2019interview \u00e0 lire ici<\/a><\/p>\n<p>        30 juin \u00e0 10:58<br \/>\n          <strong>Guerre \u00e0 Gaza<\/strong><\/p>\n<p>      Ce que l\u2019on sait de l\u2019attaque de soldats par des civils isra\u00e9liens<\/p>\n<p>              <a tabindex=\"-1\" title=\"Le Temps avec l\u2019ATS\" href=\"https:\/\/www.letemps.ch\/profil\/le-temps-avec-l-ats\" target=\"_blank\" rel=\"noopener\"><\/p>\n<p>                    <img decoding=\"async\" src=\"https:\/\/www.europesays.com\/fr\/wp-content\/uploads\/2025\/04\/1744691829_537_small.jpeg\" class=\"lazy\" alt=\"\"\/><\/p>\n<p><\/a>        <\/p>\n<p>Selon les m\u00e9dias isra\u00e9liens, des colons ont notamment pris pour cible le commandant de la base militaire r\u00e9gionale de Binyamin, dans le centre de la Cisjordanie, qu\u2019ils ont trait\u00e9 de \u00abtra\u00eetre\u00bb.<\/p>\n<p>Ce commandant fait partie d\u2019un groupe de soldats agress\u00e9s dans la nuit de vendredi \u00e0 samedi apr\u00e8s s\u2019\u00eatre oppos\u00e9s \u00e0 des colons qui se dirigeaient vers le village palestinien de Kafr Malek, o\u00f9 trois Palestiniens avaient \u00e9t\u00e9 tu\u00e9s mercredi par des colons, selon l\u2019Autorit\u00e9 palestinienne.<\/p>\n<p>Suite \u00e0 ces violences, six civils isra\u00e9liens avaient \u00e9t\u00e9 arr\u00eat\u00e9s. C\u2019est en repr\u00e9sailles \u00e0 ces arrestations, selon les m\u00e9dias, que des colons se sont \u00e0 nouveau regroup\u00e9s dans la nuit de dimanche \u00e0 lundi. \u00abDes dizaines de civils isra\u00e9liens se sont rassembl\u00e9s (\u2026) certains attaquant les forces de s\u00e9curit\u00e9, les aspergeant de gaz lacrymog\u00e8ne et vandalisant des v\u00e9hicules militaires\u00bb, a indiqu\u00e9 l\u2019arm\u00e9e dans un communiqu\u00e9.<\/p>\n<p>\u00abL\u2019arm\u00e9e, la police et les gardes fronti\u00e8res sont intervenus pour disperser le regroupement\u00bb, ajoute le texte, en pr\u00e9cisant qu\u2019un citoyen isra\u00e9lien avait \u00e9t\u00e9 bless\u00e9. Quelques heures plus tard, l\u2019arm\u00e9e a indiqu\u00e9 que des \u00abcivils isra\u00e9liens ont incendi\u00e9 et vandalis\u00e9 un site de s\u00e9curit\u00e9 contenant des syst\u00e8mes qui contribuent \u00e0 d\u00e9jouer des attentats terroristes dans la zone de la brigade r\u00e9gionale de Binyamin\u00bb.<\/p>\n<p>        30 juin \u00e0 10:49<br \/>\n          <strong>Guerre \u00e0 Gaza<\/strong><\/p>\n<p>      Ignazio Cassis recadre ses collaborateurs apr\u00e8s la fuite d\u2019une lettre interne<\/p>\n<p>              <a tabindex=\"-1\" title=\"Le Temps\" href=\"https:\/\/www.letemps.ch\/profil\/le-temps\" target=\"_blank\" rel=\"noopener\"><\/p>\n<p>                    <img decoding=\"async\" src=\"https:\/\/www.europesays.com\/fr\/wp-content\/uploads\/2025\/04\/1744691829_934_small.jpeg\" class=\"lazy\" alt=\"\"\/><\/p>\n<p><\/a>        <\/p>\n<p>Dans une lettre \u00e0 ses collaborateurs, le conseiller f\u00e9d\u00e9ral a reproch\u00e9 la fuite dans la presse d\u2019une lettre interne dans laquelle les employ\u00e9s du D\u00e9partement f\u00e9d\u00e9ral des affaires \u00e9trang\u00e8res (DFAE) exigeaient du ministre beaucoup plus de fermet\u00e9 sur le conflit isra\u00e9lo-palestinien.<\/p>\n<p>Cette fuite \u00abpeut constituer une violation du devoir de fid\u00e9lit\u00e9 inscrit dans le droit du personnel f\u00e9d\u00e9ral car elle peut affecter la confiance du public dans l\u2019Etat, dont vous \u00eates les serviteurs et que vous repr\u00e9sentez\u00bb, aurait ainsi \u00e9crit Ignazio Cassis, <a href=\"https:\/\/www.blick.ch\/fr\/suisse\/romande\/il-evoque-une-violation-du-devoir-de-fidelite-ignazio-cassis-recadre-ses-collaborateurs-apres-la-fuite-dune-lettre-sur-gaza-id21007081.html\" rel=\"nofollow noopener\" target=\"_blank\">annonce le Blick<\/a>.<\/p>\n<p>Le 13\u00a0juin, Le Temps r\u00e9v\u00e9lait que les 250 collaborateurs avaient \u00e9t\u00e9 personnellement contact\u00e9s pour s\u2019assurer qu\u2019ils \u00e9taient parmi les signataires de la lettre. Une mesure jug\u00e9e \u00abextr\u00eamement inhabituelle\u00bb (la lettre l\u2019\u00e9tait aussi, en r\u00e9alit\u00e9), voire \u00abchoquante\u00bb.<\/p>\n<p>\u27a4 <strong>Notre article:<\/strong> <a href=\"https:\/\/www.letemps.ch\/suisse\/le-dfae-verifie-l-authenticite-de-la-lettre-sur-gaza-envoyee-a-ignazio-cassis-par-ses-collaborateurs?srsltid=AfmBOooPUn092KUQ3f5gglSzaK3ChWdc-g6ihLfgT_J1HrIQwMMQcvtQ\" rel=\"nofollow noopener\" target=\"_blank\">Le DFAE v\u00e9rifie \u00abl\u2019authenticit\u00e9\u00bb de la lettre sur Gaza envoy\u00e9e \u00e0 Ignazio Cassis par ses collaborateurs<\/a><\/p>\n<p>        30 juin \u00e0 10:04<br \/>\n          <strong>Iran<\/strong><\/p>\n<p>      Paris condamne \u00abfermement\u00bb les menaces contre le chef de l\u2019AIEA<\/p>\n<p>              <a tabindex=\"-1\" title=\"Le Temps avec l\u2019AFP\" href=\"https:\/\/www.letemps.ch\/profil\/le-temps-avec-l-afp\" target=\"_blank\" rel=\"noopener\"><\/p>\n<p>                    <img decoding=\"async\" src=\"https:\/\/www.europesays.com\/fr\/wp-content\/uploads\/2025\/04\/1744691829_537_small.jpeg\" class=\"lazy\" alt=\"\"\/><\/p>\n<p><\/a>        <\/p>\n<p>La France a \u00abfermement\u00bb condamn\u00e9 lundi les menaces de l\u2019Iran contre le chef de l\u2019Agence internationale de l\u2019\u00e9nergie atomique (AIEA), soulignant \u00abla responsabilit\u00e9 du gouvernement iranien pour assurer la s\u00fbret\u00e9 et la s\u00e9curit\u00e9 des personnels\u00bb de l\u2019organisation en Iran.<\/p>\n<p>Paris a en outre fait part de \u00absa grande pr\u00e9occupation face \u00e0 toute remise en cause de la coop\u00e9ration\u00bb de T\u00e9h\u00e9ran avec l\u2019AIEA, appelant les autorit\u00e9s iraniennes \u00ab\u00e0 la mise en \u0153uvre pleine, enti\u00e8re et imm\u00e9diate de leurs obligations internationales\u00bb, selon un communiqu\u00e9 du minist\u00e8re fran\u00e7ais des Affaires \u00e9trang\u00e8res.<\/p>\n<p>Le chef de la diplomatie iranienne, Abbas Araghchi, avait d\u00e9nonc\u00e9 vendredi les \u00abintentions malveillantes\u00bb du patron de l\u2019AIEA Rafael Grossi, qui juge n\u00e9cessaire de visiter les sites nucl\u00e9aires iraniens bombard\u00e9s par les Etats-Unis.<\/p>\n<p>        30 juin \u00e0 08:08<br \/>\n          <strong>Guerre \u00e0 Gaza<\/strong><\/p>\n<p>      Des Isra\u00e9liens incendient un site de l\u2019arm\u00e9e isra\u00e9lienne en Cisjordanie<\/p>\n<p>              <a tabindex=\"-1\" title=\"Le Temps\" href=\"https:\/\/www.letemps.ch\/profil\/le-temps\" target=\"_blank\" rel=\"noopener\"><\/p>\n<p>                    <img decoding=\"async\" src=\"https:\/\/www.europesays.com\/fr\/wp-content\/uploads\/2025\/04\/1744691829_934_small.jpeg\" class=\"lazy\" alt=\"\"\/><\/p>\n<p><\/a>        <\/p>\n<p>Le porte-parole de l\u2019arm\u00e9e a indiqu\u00e9 que des civils isra\u00e9liens ont \u00abincendi\u00e9 et vandalis\u00e9\u00bb un site de l\u2019arm\u00e9e de l\u2019Etat h\u00e9breu dans la zone de la brigade r\u00e9gionale de Binyamin, qui supervise la r\u00e9gion de Ramallah, au nord de J\u00e9rusalem, <a href=\"https:\/\/www.haaretz.com\/israel-news\/2025-06-30\/ty-article-live\/.premium\/dozens-of-settlers-attempt-to-break-into-idf-base-in-west-bank-army-source-says\/00000197-beb7-d013-a5b7-bff7f9e90000\" rel=\"nofollow noopener\" target=\"_blank\">rapporte le m\u00e9dia Haaretz<\/a>.<\/p>\n<p>        30 juin \u00e0 08:05<br \/>\n          <strong>Guerre \u00e0 Gaza<\/strong><\/p>\n<p>      A Gaza, \u00abun g\u00e9nocide pour le g\u00e9nocide\u00bb<\/p>\n<p>              <a tabindex=\"-1\" title=\"Le Temps\" href=\"https:\/\/www.letemps.ch\/profil\/le-temps\" target=\"_blank\" rel=\"noopener\"><\/p>\n<p>                    <img decoding=\"async\" src=\"https:\/\/www.europesays.com\/fr\/wp-content\/uploads\/2025\/04\/1744691829_934_small.jpeg\" class=\"lazy\" alt=\"\"\/><\/p>\n<p><\/a>        <\/p>\n<p>Isra\u00ebl commet-il un g\u00e9nocide dans la bande de Gaza? La question, pos\u00e9e quelques mois apr\u00e8s le d\u00e9but de la contre-offensive isra\u00e9lienne \u00e0 l\u2019attaque du 7-Octobre \u2013 mais seulement du bout des l\u00e8vres \u2013 est de plus en plus br\u00fblante.<\/p>\n<p>Pour le journaliste Gideon Levy, du m\u00e9dia isra\u00e9lien de gauche Haaretz, la r\u00e9ponse est claire: \u00absi Isra\u00ebl ne cesse pas imm\u00e9diatement de massacrer les personnes qui font la queue aux points de distribution de l\u2019aide, il commet bel et bien un g\u00e9nocide\u00bb.<\/p>\n<p><a href=\"https:\/\/www.haaretz.com\/opinion\/2025-06-29\/ty-article-opinion\/.premium\/if-israel-doesnt-stop-shooting-hungry-gazans-it-will-be-guilty-of-genocide\/00000197-b768-df21-a1df-f7e8f39e0000\" rel=\"nofollow noopener\" target=\"_blank\">Dans un \u00e9ditorial publi\u00e9 hier<\/a>, le journaliste revient sur <a href=\"https:\/\/www.haaretz.com\/israel-news\/2025-06-27\/ty-article-magazine\/.premium\/idf-soldiers-ordered-to-shoot-deliberately-at-unarmed-gazans-waiting-for-humanitarian-aid\/00000197-ad8e-de01-a39f-ffbe33780000\" rel=\"nofollow noopener\" target=\"_blank\">une enqu\u00eate d\u2019Haaretz<\/a> qui affirme, sources militaires isra\u00e9liennes \u00e0 l\u2019appui, que les forces arm\u00e9es de l\u2019Etat h\u00e9breu tirent d\u00e9lib\u00e9r\u00e9ment, et sous ordre de leurs sup\u00e9rieurs, sur les Gazaouis lors de l\u2019aide humanitaire, alors que les civils ne sont pas arm\u00e9es et ne repr\u00e9sentent aucune menace.<\/p>\n<blockquote>\n<p>On ne peut qualifier autrement que de g\u00e9nocide ce qui se passe l\u00e0-bas depuis plusieurs semaines. Un g\u00e9nocide intentionnel, un g\u00e9nocide comme objectif, avec l\u2019ampleur d\u2019un g\u00e9nocide, un g\u00e9nocide pour le g\u00e9nocide.<\/p>\n<\/blockquote>\n<p>Et le journaliste de souligner que 549 personnes ont \u00e9t\u00e9 tu\u00e9es lors de tirs isra\u00e9liens sur la foule affam\u00e9e, lors de massacres perp\u00e9tu\u00e9s \u00ab\u00e0 seulement une heure et demie de Tel-Aviv\u00bb.<\/p>\n<blockquote>\n<p>\u00abGaza est un univers parall\u00e8le\u00bb, a t\u00e9moign\u00e9 un officier [isra\u00e9lien] \u00e0 Haaretz. C\u2019est l\u00e0 le c\u0153ur du probl\u00e8me: la question du g\u00e9nocide. Gaza n\u2019est pas un univers parall\u00e8le. Gaza est le visage de Tsahal et de l\u2019\u00c9tat d\u2019Isra\u00ebl. Ce qui se passe \u00e0 Gaza ne restera pas \u00e0 Gaza, m\u00eame si la plupart des m\u00e9dias isra\u00e9liens le souhaitent.<\/p>\n<\/blockquote>\n<p>        30 juin \u00e0 07:29<br \/>\n          <strong>Guerre \u00e0 Gaza<\/strong><\/p>\n<p>      Un fonds norv\u00e9gien exclut deux groupes am\u00e9ricain et allemand<\/p>\n<p>              <a tabindex=\"-1\" title=\"Le Temps avec l\u2019AFP\" href=\"https:\/\/www.letemps.ch\/profil\/le-temps-avec-l-afp\" target=\"_blank\" rel=\"noopener\"><\/p>\n<p>                    <img decoding=\"async\" src=\"https:\/\/www.europesays.com\/fr\/wp-content\/uploads\/2025\/04\/1744691829_537_small.jpeg\" class=\"lazy\" alt=\"\"\/><\/p>\n<p><\/a>        <\/p>\n<p>Le principal fonds de pension de Norv\u00e8ge, distinct du fonds souverain, a annonc\u00e9 lundi s\u2019\u00eatre d\u00e9sengag\u00e9 des groupes am\u00e9ricain Oshkosh Corporation et allemand thyssenkrupp, accus\u00e9s de fournir \u00e0 l\u2019arm\u00e9e isra\u00e9lienne des armements qu\u2019elle utilise dans la bande de Gaza.<\/p>\n<p>Le fonds KLP reproche \u00e0 Oshkosh Corporation de continuer \u00e0 vendre \u00e0 Isra\u00ebl des camions que l\u2019arm\u00e9e isra\u00e9lienne transforme ensuite en v\u00e9hicules blind\u00e9s de transport de troupes, et \u00e0 thyssenkrupp d\u2019avoir convenu, avant le d\u00e9but de la guerre \u00e0 Gaza, de livrer des corvettes et des sous-marins \u00e0 la marine isra\u00e9lienne.<\/p>\n<p>\u00abIl incombe aux entreprises une obligation autonome de diligence afin d\u2019\u00e9viter de contribuer \u00e0 des violations des droits humains fondamentaux et du droit humanitaire\u00bb, a soulign\u00e9 Kiran Aziz, responsable des investissements responsables au sein de KLP, cit\u00e9e dans un communiqu\u00e9.<\/p>\n<p>Les deux soci\u00e9t\u00e9s ont \u00e9t\u00e9 exclues en vertu du crit\u00e8re de KLP relatif \u00e0 la \u00abvente d\u2019armes \u00e0 des Etats impliqu\u00e9s dans des conflits arm\u00e9s et utilisant ces armes d\u2019une mani\u00e8re constituant des violations graves et syst\u00e9matiques des r\u00e8gles du droit international dans les conflits\u00bb.<\/p>\n<p>        30 juin \u00e0 06:00<\/p>\n<p>      Nouvel \u00e9change t\u00e9l\u00e9phonique entre Macron et le pr\u00e9sident iranien<\/p>\n<p>              <a tabindex=\"-1\" title=\"Le Temps avec l\u2019AFP\" href=\"https:\/\/www.letemps.ch\/profil\/le-temps-avec-l-afp\" target=\"_blank\" rel=\"noopener\"><\/p>\n<p>                    <img decoding=\"async\" src=\"https:\/\/www.europesays.com\/fr\/wp-content\/uploads\/2025\/04\/1744691829_537_small.jpeg\" class=\"lazy\" alt=\"\"\/><\/p>\n<p><\/a>        <\/p>\n<p>Emmanuel Macron a de nouveau \u00e9chang\u00e9 par t\u00e9l\u00e9phone avec son homologue iranien Massoud Pezeshkian. Le pr\u00e9sident fran\u00e7ais lui a demand\u00e9 la lib\u00e9ration des Fran\u00e7ais C\u00e9cile Kohler et Jacques Paris, la \u00abprotection (des) ressortissants et (des) emprises\u00bb fran\u00e7aises dans le pays \u00abqui ne doivent faire l&rsquo;objet d&rsquo;aucune menace\u00bb, et le \u00abrespect du cessez-le-feu pour contribuer \u00e0 la restauration de la paix dans la r\u00e9gion\u00bb.<\/p>\n<blockquote class=\"twitter-tweet\" data-dnt=\"true\" align=\"center\">\n<p lang=\"en\" dir=\"ltr\">New phone conversation with Iranian President <a href=\"https:\/\/twitter.com\/drpezeshkian?ref_src=twsrc%5Etfw\" target=\"_blank\" rel=\"noopener\">@drpezeshkian<\/a> today.<\/p>\n<p>My messages:<\/p>\n<p>\u2192 The release of our compatriots C\u00e9cile Kohler and Jacques Paris.<\/p>\n<p>\u2192 The protection of our nationals and our facilities in Iran, which must not be subject to any threats.\u2026<\/p>\n<p>\u2014 Emmanuel Macron (@EmmanuelMacron) <a href=\"https:\/\/twitter.com\/EmmanuelMacron\/status\/1939388403067347396?ref_src=twsrc%5Etfw\" target=\"_blank\" rel=\"noopener\">June 29, 2025<\/a>\n<\/p><\/blockquote>\n<p>Cinq jours apr\u00e8s un cessez-le-feu entre Isra\u00ebl et l&rsquo;Iran, le chef de l&rsquo;Etat a aussi invit\u00e9 Massoud Pezeshkian \u00e0 revenir \u00e0 la table des n\u00e9gociations \u00abpour r\u00e9gler les questions des activit\u00e9s balistiques et nucl\u00e9aires\u00bb, et r\u00e9clam\u00e9 le \u00abmaintien du cadre du Trait\u00e9 sur la non-prolif\u00e9ration des armes nucl\u00e9aires\u00bb ainsi que la \u00abreprise du travail de l&rsquo;AIEA (Agence internationale de l&rsquo;\u00e9nergie atomique, ndlr) dans les meilleurs d\u00e9lais en Iran afin d&rsquo;assurer toute la transparence n\u00e9cessaire\u00bb.<\/p>\n<p>        30 juin \u00e0 05:54<\/p>\n<p>      \u00abRien n&rsquo;excuse\u00bb les propos de rappeurs contre Isra\u00ebl au festival de Glastonbury, d\u00e9nonce Keir Starmer<\/p>\n<p>              <a tabindex=\"-1\" title=\"Le Temps avec l\u2019AFP\" href=\"https:\/\/www.letemps.ch\/profil\/le-temps-avec-l-afp\" target=\"_blank\" rel=\"noopener\"><\/p>\n<p>                    <img decoding=\"async\" src=\"https:\/\/www.europesays.com\/fr\/wp-content\/uploads\/2025\/04\/1744691829_537_small.jpeg\" class=\"lazy\" alt=\"\"\/><\/p>\n<p><\/a>        <\/p>\n<p>Le premier ministre britannique Keir Starmer a estim\u00e9 que \u00abrien\u00bb n&rsquo;excusait les propos anti-isra\u00e9liens prof\u00e9r\u00e9s sur la sc\u00e8ne du festival de Glastonbury par le duo de rappeurs Bob Vylan, qui ont suscit\u00e9 une vol\u00e9e de critiques.<\/p>\n<p>\u00abRien n&rsquo;excuse ce genre de discours haineux odieux\u00bb, a dit le chef du gouvernement travailliste au journal The Telegraph. \u00abJ&rsquo;ai d\u00e9clar\u00e9 que (le trio de rappeurs) Kneecap ne devrait pas b\u00e9n\u00e9ficier d&rsquo;une telle tribune et cela vaut \u00e9galement pour tout autre artiste prof\u00e9rant des menaces ou incitant \u00e0 la violence. La BBC doit expliquer comment ces sc\u00e8nes ont pu \u00eatre diffus\u00e9es.\u00bb<\/p>\n<p>Samedi, tandis que Bob Vylan se produisait sur la sc\u00e8ne West Holts du festival, l&rsquo;un de ses deux membres a appel\u00e9 la foule \u00e0 scander \u00abMort, mort aux IDF !\u00bb, les forces de d\u00e9fense isra\u00e9liennes. Le concert de ce duo \u00e9tait retransmis en direct par la BBC sur sa plateforme d\u00e9di\u00e9e au festival.<\/p>\n<p>La police a d\u00e9clar\u00e9 sur X qu&rsquo;elle examinait les vid\u00e9os de leur prestation \u00abpour d\u00e9terminer si des infractions ont pu \u00eatre commises requ\u00e9rant l&rsquo;ouverture d&rsquo;une enqu\u00eate criminelle\u00bb. Face \u00e0 la pol\u00e9mique, les organisateurs du festival se sont dits \u00abconstern\u00e9s\u00bb dimanche.<\/p>\n<p>  <script async src=\"https:\/\/platform.twitter.com\/widgets.js\" charset=\"utf-8\"><\/script><\/p>\n","protected":false},"excerpt":{"rendered":"01:38 Donald Trump assure qu\u2019Isra\u00ebl est pr\u00eat \u00e0 finaliser un cessez-le-feu \u00e0 Gaza Donald Trump a assur\u00e9 mardi&hellip;\n","protected":false},"author":2,"featured_media":219583,"comment_status":"","ping_status":"","sticky":false,"template":"","format":"standard","meta":{"footnotes":""},"categories":[5],"tags":[11,1011,27,4438,14,3019,664,25501,12,32,28],"class_list":{"0":"post-219582","1":"post","2":"type-post","3":"status-publish","4":"format-standard","5":"has-post-thumbnail","7":"category-international","8":"tag-actualites","9":"tag-fr","10":"tag-france","11":"tag-free","12":"tag-international","13":"tag-iran","14":"tag-israel","15":"tag-le-conflit-israelo-palestinien","16":"tag-news","17":"tag-syrie","18":"tag-world"},"share_on_mastodon":{"url":"https:\/\/pubeurope.com\/@fr\/114781199081757748","error":""},"_links":{"self":[{"href":"https:\/\/www.europesays.com\/fr\/wp-json\/wp\/v2\/posts\/219582","targetHints":{"allow":["GET"]}}],"collection":[{"href":"https:\/\/www.europesays.com\/fr\/wp-json\/wp\/v2\/posts"}],"about":[{"href":"https:\/\/www.europesays.com\/fr\/wp-json\/wp\/v2\/types\/post"}],"author":[{"embeddable":true,"href":"https:\/\/www.europesays.com\/fr\/wp-json\/wp\/v2\/users\/2"}],"replies":[{"embeddable":true,"href":"https:\/\/www.europesays.com\/fr\/wp-json\/wp\/v2\/comments?post=219582"}],"version-history":[{"count":0,"href":"https:\/\/www.europesays.com\/fr\/wp-json\/wp\/v2\/posts\/219582\/revisions"}],"wp:featuredmedia":[{"embeddable":true,"href":"https:\/\/www.europesays.com\/fr\/wp-json\/wp\/v2\/media\/219583"}],"wp:attachment":[{"href":"https:\/\/www.europesays.com\/fr\/wp-json\/wp\/v2\/media?parent=219582"}],"wp:term":[{"taxonomy":"category","embeddable":true,"href":"https:\/\/www.europesays.com\/fr\/wp-json\/wp\/v2\/categories?post=219582"},{"taxonomy":"post_tag","embeddable":true,"href":"https:\/\/www.europesays.com\/fr\/wp-json\/wp\/v2\/tags?post=219582"}],"curies":[{"name":"wp","href":"https:\/\/api.w.org\/{rel}","templated":true}]}}