{"id":219586,"date":"2025-07-02T02:08:12","date_gmt":"2025-07-02T02:08:12","guid":{"rendered":"https:\/\/www.europesays.com\/fr\/219586\/"},"modified":"2025-07-02T02:08:12","modified_gmt":"2025-07-02T02:08:12","slug":"la-motion-de-censure-deposee-par-les-socialistes-contre-francois-bayrou-est-rejetee","status":"publish","type":"post","link":"https:\/\/www.europesays.com\/fr\/219586\/","title":{"rendered":"La motion de censure d\u00e9pos\u00e9e par les socialistes contre Fran\u00e7ois Bayrou est rejet\u00e9e"},"content":{"rendered":"<p>        <img decoding=\"async\" loading=\"lazy\" src=\"https:\/\/www.europesays.com\/fr\/wp-content\/uploads\/2025\/07\/df181cf_upload-1-mrqug1t1odhq-000-63x79et.jpg\"  width=\"728\" height=\"410\" alt=\"Fran\u00e7ois Bayrou a \u00e9chapp\u00e9 \u00e0 sa huiti\u00e8me motion de censure ce mardi 1er juillet.\"\/>  <\/p>\n<p>THOMAS SAMSON \/ AFP<\/p>\n<p>Fran\u00e7ois Bayrou a \u00e9chapp\u00e9 \u00e0 sa huiti\u00e8me motion de censure ce mardi 1er juillet.<\/p>\n<p class=\"asset asset-text\">POLITIQUE &#8211; Heureux comme un Premier ministre qui va passer l\u2019\u00e9t\u00e9 \u00e0 Matignon. Que <a href=\"https:\/\/www.huffingtonpost.fr\/politique\/article\/francois-bayrou-annonce-un-calendrier-pour-sa-reforme-sur-la-proportionnelle-mais_251965.html\" target=\"_blank\" rel=\"noopener\">Fran\u00e7ois Bayrou<\/a> se rassure\u00a0: il n\u2019aura pas \u00e0 chercher de toit pour la saison estivale. Le Premier ministre, dont le sort \u00e9tait entre les mains des d\u00e9put\u00e9s ce mardi 1er juillet, n\u2019a pas \u00e9t\u00e9 renvers\u00e9 par l\u2019Assembl\u00e9e nationale et pourra donc rester rue de Varenne (au moins) jusqu\u2019en septembre. La motion de censure port\u00e9e par les socialistes a \u00e9t\u00e9 vot\u00e9e par 189\u00a0d\u00e9put\u00e9s. Loin des 289\u00a0requises.<\/p>\n<p class=\"asset asset-text\">Pour cette huiti\u00e8me motion de censure depuis son entr\u00e9e en fonction, le B\u00e9arnais a (une fois de plus) b\u00e9n\u00e9fici\u00e9 de la mansu\u00e9tude du RN. Le parti d\u2019extr\u00eame droite, et ses 124\u00a0d\u00e9put\u00e9s, ne se sont pas associ\u00e9s au texte de la gauche. \u00ab\u00a0Censurer aujourd\u2019hui n\u2019apporterait rien aux Fran\u00e7ais\u00a0\u00bb, avait justifi\u00e9 Marine Le Pen plus t\u00f4t dans la journ\u00e9e.<\/p>\n<p class=\"asset asset-text\">Pour le PS, le PCF, LFI et les \u00c9cologistes, il y avait pourtant urgence \u00e0 se d\u00e9barrasser du gouvernement. \u00ab\u00a0Plus aucune indulgence \u00e0 l\u2019\u00e9gard de Fran\u00e7ois Bayrou. On nous a trahis\u00a0\u00bb, fulmine le Premier secr\u00e9taire du PS <a href=\"https:\/\/www.huffingtonpost.fr\/politique\/article\/les-5-travaux-d-olivier-faure-a-la-tete-du-parti-socialiste_251259.html\" target=\"_blank\" rel=\"noopener\">Olivier Faure<\/a>. L\u2019\u00e9chec du conclave sur les retraites a fait basculer les socialistes, au point qu\u2019ils assument d\u00e9sormais <a href=\"https:\/\/www.huffingtonpost.fr\/politique\/article\/avec-sa-motion-de-censure-le-ps-opte-pour-la-confrontation-frontale-avec-francois-bayrou_252010.html\" target=\"_blank\" rel=\"noopener\">une confrontation frontale avec le gouvernement<\/a>.<\/p>\n<p> La lecture de ce contenu est susceptible d\u2019entra\u00eener un d\u00e9p\u00f4t de cookies de la part de l\u2019op\u00e9rateur tiers qui l\u2019h\u00e9berge. Compte-tenu des choix que vous avez exprim\u00e9s en mati\u00e8re de d\u00e9p\u00f4t de cookies, nous avons bloqu\u00e9 l\u2019affichage de ce contenu. Si vous souhaitez y acc\u00e9der, vous devez accepter la cat\u00e9gorie de cookies \u201cContenus tiers\u201d en cliquant sur le bouton ci-dessous. <\/p>\n<p> Lire la Vid\u00e9o        <\/p>\n<p class=\"asset asset-text\"> \u00ab\u00a0Toute la gauche au rendez-vous pour censurer un gouvernement qui s\u2019est parjur\u00e9 sur les retraites. Et pour tous les \u00e9lecteurs du RN, ce vote servira de r\u00e9v\u00e9lateur. Le Pen-Bardella sont sur le terrain social, \u00e9conomique, fiscal, la prolongation de Macron-Bayrou\u00a0\u00bb, a r\u00e9agi Olivier Faure apr\u00e8s l\u2019\u00e9chec de la motion de censure. Ils rejoignent ainsi les positions du reste de la gauche, qui ont vot\u00e9 toutes les motions de censure pr\u00e9sent\u00e9es depuis janvier. \u00ab\u00a0C\u2019est heureux que le Parti socialiste revienne \u00e0 la raison\u00a0\u00bb, s\u2019est d\u2019ailleurs r\u00e9jouie la pr\u00e9sidente du groupe LFI \u00e0 l\u2019Assembl\u00e9e Mathilde Panot sur France 2.<\/p>\n<p>                     Un repos de courte dur\u00e9e    <\/p>\n<p class=\"asset asset-text\">Fran\u00e7ois Bayrou s\u2019est, lui, montr\u00e9 agac\u00e9 par ce changement de braquet. Fustigeant d\u2019abord une \u00ab\u00a0blague\u00a0\u00bb, il a estim\u00e9 que les socialistes \u00ab\u00a0font une\u00a0censure\u00a0pour montrer qu\u2019ils sont dans l\u2019opposition\u00a0\u00bb. \u00ab\u00a0La blague, c\u2019est le Premier ministre qui nous gouverne\u00a0\u00bb, lui a r\u00e9pondu Boris Vallaud. M\u00eame Fran\u00e7ois Hollande, pourtant fervent d\u00e9fenseur de la stabilit\u00e9, a appuy\u00e9 sur le bouton. Il s\u2019en \u00e9tait expliqu\u00e9 dans les colonnes du Parisien. Avec ce vote de censure, l\u2019ex-chef de l\u2019\u00c9tat voulait surtout adresser \u00ab\u00a0un coup de semonce\u00a0\u00bb et signifier que le Premier ministre a manqu\u00e9 \u00e0 ses obligations.<\/p>\n<p class=\"asset asset-text\">Reste que le repos de Fran\u00e7ois Bayrou devrait \u00eatre de courte dur\u00e9e. \u00ab\u00a0Ce gouvernement ne vivra pas tr\u00e8s longtemps\u00a0\u00bb, pr\u00e9dit d\u00e9j\u00e0 le patron du RN Jordan Bardella. S\u2019il n\u2019a pas \u00e0 \u00eatre inquiet pour cet \u00e9t\u00e9, la rentr\u00e9e devrait s\u2019annoncer bien plus houleuse. Sur fond de budget pour 2026, le Premier ministre a annonc\u00e9 vouloir d\u00e9gager 40\u00a0milliards d\u2019euros d\u2019\u00e9conomie. Ce qui n\u2019est ni du go\u00fbt de la gauche ni de l\u2019extr\u00eame droite. Et pour ne rien arranger, le socle sur lequel s\u2019appuie le gouvernement ne cesse de s\u2019effriter chaque jour un peu plus. Jusqu\u2019\u00e0 l\u2019implosion\u00a0?<\/p>\n","protected":false},"excerpt":{"rendered":"THOMAS SAMSON \/ AFP Fran\u00e7ois Bayrou a \u00e9chapp\u00e9 \u00e0 sa huiti\u00e8me motion de censure ce mardi 1er juillet.&hellip;\n","protected":false},"author":2,"featured_media":219587,"comment_status":"","ping_status":"","sticky":false,"template":"","format":"standard","meta":{"footnotes":""},"categories":[2],"tags":[11,416,1011,27,431,8458,26542,12,4484,316],"class_list":{"0":"post-219586","1":"post","2":"type-post","3":"status-publish","4":"format-standard","5":"has-post-thumbnail","7":"category-actualites","8":"tag-actualites","9":"tag-assemblee-nationale","10":"tag-fr","11":"tag-france","12":"tag-francois-bayrou","13":"tag-gouvernement-bayrou","14":"tag-motion-de-censure","15":"tag-news","16":"tag-parti-socialiste-ps","17":"tag-politique"},"share_on_mastodon":{"url":"https:\/\/pubeurope.com\/@fr\/114781205628489352","error":""},"_links":{"self":[{"href":"https:\/\/www.europesays.com\/fr\/wp-json\/wp\/v2\/posts\/219586","targetHints":{"allow":["GET"]}}],"collection":[{"href":"https:\/\/www.europesays.com\/fr\/wp-json\/wp\/v2\/posts"}],"about":[{"href":"https:\/\/www.europesays.com\/fr\/wp-json\/wp\/v2\/types\/post"}],"author":[{"embeddable":true,"href":"https:\/\/www.europesays.com\/fr\/wp-json\/wp\/v2\/users\/2"}],"replies":[{"embeddable":true,"href":"https:\/\/www.europesays.com\/fr\/wp-json\/wp\/v2\/comments?post=219586"}],"version-history":[{"count":0,"href":"https:\/\/www.europesays.com\/fr\/wp-json\/wp\/v2\/posts\/219586\/revisions"}],"wp:featuredmedia":[{"embeddable":true,"href":"https:\/\/www.europesays.com\/fr\/wp-json\/wp\/v2\/media\/219587"}],"wp:attachment":[{"href":"https:\/\/www.europesays.com\/fr\/wp-json\/wp\/v2\/media?parent=219586"}],"wp:term":[{"taxonomy":"category","embeddable":true,"href":"https:\/\/www.europesays.com\/fr\/wp-json\/wp\/v2\/categories?post=219586"},{"taxonomy":"post_tag","embeddable":true,"href":"https:\/\/www.europesays.com\/fr\/wp-json\/wp\/v2\/tags?post=219586"}],"curies":[{"name":"wp","href":"https:\/\/api.w.org\/{rel}","templated":true}]}}