{"id":219588,"date":"2025-07-02T02:09:37","date_gmt":"2025-07-02T02:09:37","guid":{"rendered":"https:\/\/www.europesays.com\/fr\/219588\/"},"modified":"2025-07-02T02:09:37","modified_gmt":"2025-07-02T02:09:37","slug":"negmarrons-et-kaynixe-au-fil-a-saint-etienne-le-12-decembre-2025","status":"publish","type":"post","link":"https:\/\/www.europesays.com\/fr\/219588\/","title":{"rendered":"N\u00c8G&rsquo;MARRONS ET KAYNIXE AU FIL \u00c0 SAINT-\u00c9TIENNE LE 12 D\u00c9CEMBRE 2025"},"content":{"rendered":"<p>Ces artistes de renom, issus du collectif Secteur \u00c4, ont marqu\u00e9 l\u2019histoire de la musique fran\u00e7aise avec leur album r\u00e9volutionnaire \u00ab\u00a0Rue case n\u00e8gre\u00a0\u00bb, certifi\u00e9 disque d\u2019or d\u00e8s sa sortie en 1997. Cette reconnaissance imm\u00e9diate avait consacr\u00e9 un groupe qui allait devenir une r\u00e9f\u00e9rence incontournable du reggae made in France.<\/p>\n<p>Parcours jalonn\u00e9 de succ\u00e8s<\/p>\n<p>Depuis leurs d\u00e9buts, N\u00e8g\u2019Marrons ont su diversifier leur palette musicale en naviguant entre reggae et hip-hop, collaborant avec des sommit\u00e9s internationales. Leurs collaborations prestigieuses avec Wyclef Jean, Cesaria Evora, Tonton David ou encore Amadou et Mariam t\u00e9moignent de leur reconnaissance au-del\u00e0 des fronti\u00e8res fran\u00e7aises. Leur discographie cumule de nombreuses certifications or et platine, confirmant leur statut d\u2019artistes incontournables de la sc\u00e8ne musicale alternative fran\u00e7aise.<\/p>\n<p>Kaynixe : tornade \u00e9lectronique sur les platines<\/p>\n<p>En premi\u00e8re partie ou en compl\u00e9ment, Kaynixe apportera son \u00e9nergie communicative et son expertise du mix multiculturel. Cette DJ de talent revendique une mission claire : r\u00e9galer son public avec des sets authentiques et d\u00e9bordants de cr\u00e9ativit\u00e9. Son approche artistique transcende les fronti\u00e8res stylistiques pour cr\u00e9er des exp\u00e9riences sonores uniques et m\u00e9morables.<\/p>\n<p>Fusion culturelle explosive<\/p>\n<p>Ancr\u00e9e dans la culture hip-hop, Kaynixe puise dans ses influences afro-carib\u00e9ennes pour proposer des performances m\u00e9tiss\u00e9es. Son r\u00e9pertoire \u00e9clectique navigue entre hip-hop, dancehall, funk, afro house, grime, bass music, trap, dubstep et jungle, cr\u00e9ant un arc-en-ciel musical captivant. Cette diversit\u00e9 stylistique refl\u00e8te parfaitement la richesse des musiques urbaines contemporaines et leur capacit\u00e9 \u00e0 fusionner les h\u00e9ritages culturels.<\/p>\n<p>R\u00e9putation de feu sur les dancefloors<\/p>\n<p>Les retours d\u2019exp\u00e9rience concordent unanimement : Kaynixe poss\u00e8de le don rare de transformer n\u2019importe quelle piste de danse en brasier. Ses s\u00e9lections sans fronti\u00e8re et son sens aigu du rythme font mouvoir les foules les plus diverses, confirmant son talent exceptionnel. Cette capacit\u00e9 \u00e0 f\u00e9d\u00e9rer les publics autour de sa musique fait d\u2019elle une valeur s\u00fbre de la sc\u00e8ne \u00e9lectronique fran\u00e7aise.<\/p>\n<p>M\u00e9lange d\u00e9tonnant de g\u00e9n\u00e9rations<\/p>\n<p>Cette programmation associe intelligemment la maturit\u00e9 artistique de N\u00e8g\u2019Marrons et la fougue contemporaine de Kaynixe. Cette rencontre interg\u00e9n\u00e9rationnelle promet une soir\u00e9e riche en \u00e9motions, m\u00ealant nostalgie des classiques et d\u00e9couverte de sonorit\u00e9s actuelles. Le public st\u00e9phanois aura l\u2019opportunit\u00e9 rare d\u2019assister \u00e0 cette confrontation artistique entre l\u00e9gendes \u00e9tablies et talent \u00e9mergent. <strong>R\u00e9servation <a href=\"https:\/\/billetterie.le-fil.com\/agenda\/539-n\u00e8g-marrons\" target=\"_blank\" rel=\"noreferrer noopener nofollow\">ICI<\/a><\/strong>.<\/p>\n","protected":false},"excerpt":{"rendered":"Ces artistes de renom, issus du collectif Secteur \u00c4, ont marqu\u00e9 l\u2019histoire de la musique fran\u00e7aise avec leur&hellip;\n","protected":false},"author":2,"featured_media":219589,"comment_status":"","ping_status":"","sticky":false,"template":"","format":"standard","meta":{"footnotes":""},"categories":[9653],"tags":[1111,11,2430,1777,674,1011,27,35868,28075,3367,35869,12,25,4001],"class_list":{"0":"post-219588","1":"post","2":"type-post","3":"status-publish","4":"format-standard","5":"has-post-thumbnail","7":"category-saint-etienne","8":"tag-actu","9":"tag-actualites","10":"tag-auvergne-rhone-alpes","11":"tag-eu","12":"tag-europe","13":"tag-fr","14":"tag-france","15":"tag-kaynixe","16":"tag-le-fil","17":"tag-loire","18":"tag-negmarrons","19":"tag-news","20":"tag-republique-francaise","21":"tag-saint-etienne"},"share_on_mastodon":{"url":"https:\/\/pubeurope.com\/@fr\/114781209485748981","error":""},"_links":{"self":[{"href":"https:\/\/www.europesays.com\/fr\/wp-json\/wp\/v2\/posts\/219588","targetHints":{"allow":["GET"]}}],"collection":[{"href":"https:\/\/www.europesays.com\/fr\/wp-json\/wp\/v2\/posts"}],"about":[{"href":"https:\/\/www.europesays.com\/fr\/wp-json\/wp\/v2\/types\/post"}],"author":[{"embeddable":true,"href":"https:\/\/www.europesays.com\/fr\/wp-json\/wp\/v2\/users\/2"}],"replies":[{"embeddable":true,"href":"https:\/\/www.europesays.com\/fr\/wp-json\/wp\/v2\/comments?post=219588"}],"version-history":[{"count":0,"href":"https:\/\/www.europesays.com\/fr\/wp-json\/wp\/v2\/posts\/219588\/revisions"}],"wp:featuredmedia":[{"embeddable":true,"href":"https:\/\/www.europesays.com\/fr\/wp-json\/wp\/v2\/media\/219589"}],"wp:attachment":[{"href":"https:\/\/www.europesays.com\/fr\/wp-json\/wp\/v2\/media?parent=219588"}],"wp:term":[{"taxonomy":"category","embeddable":true,"href":"https:\/\/www.europesays.com\/fr\/wp-json\/wp\/v2\/categories?post=219588"},{"taxonomy":"post_tag","embeddable":true,"href":"https:\/\/www.europesays.com\/fr\/wp-json\/wp\/v2\/tags?post=219588"}],"curies":[{"name":"wp","href":"https:\/\/api.w.org\/{rel}","templated":true}]}}