{"id":219590,"date":"2025-07-02T02:10:27","date_gmt":"2025-07-02T02:10:27","guid":{"rendered":"https:\/\/www.europesays.com\/fr\/219590\/"},"modified":"2025-07-02T02:10:27","modified_gmt":"2025-07-02T02:10:27","slug":"saint-etienne-le-projet-hotelier-de-lex-presbytere-sainte-marie-avorte","status":"publish","type":"post","link":"https:\/\/www.europesays.com\/fr\/219590\/","title":{"rendered":"Saint-Etienne : le projet h\u00f4telier de l\u2019ex-presbyt\u00e8re Sainte-Marie avort\u00e9"},"content":{"rendered":"<p><img loading=\"lazy\" decoding=\"async\" alt=\"\u00a9 Denis Meynard - Un h\u00f4tel ainsi qu\u2019un restaurant et un studio de yoga devaient voir le jour dans l\u2019ancien presbyt\u00e8re Sainte-Marie \u00e0 Saint-Etienne.\" data-zoom-src=\"https:\/\/www.europesays.com\/fr\/wp-content\/uploads\/2025\/07\/initial-big-presbytere-sainte-marie1.jpg\" data-zoomable=\"\" height=\"702\" src=\"https:\/\/www.europesays.com\/fr\/wp-content\/uploads\/2025\/07\/initial-big-presbytere-sainte-marie1.jpg\" width=\"1248\"\/>  <\/p>\n<p class=\"article-desc\">\u00a9 Denis Meynard &#8211; Un h\u00f4tel ainsi qu\u2019un restaurant et un studio de yoga devaient voir le jour dans l\u2019ancien presbyt\u00e8re Sainte-Marie \u00e0 Saint-Etienne. <\/p>\n<p>En centre-ville de <strong>Saint-Etienne<\/strong>, le projet de <strong>r\u00e9habilitation de l\u2019ancien presbyt\u00e8re et du clo\u00eetre Sainte-Marie<\/strong> visant \u00e0 le transformer en complexe comprenant un h\u00f4tel, un restaurant et une salle de yoga ne verra pas le jour. <\/p>\n<p>Jean-Pierre Berger, adjoint au maire en charge de l\u2019urbanisme, a annonc\u00e9 lundi 30 juin, en amont du conseil municipal, avoir appris la semaine pr\u00e9c\u00e9dente, <strong>l\u2019annulation de la vente du b\u00e2timent<\/strong>, <a href=\"https:\/\/mesinfos.fr\/42000-saint-etienne\/mihotel-veut-s-implanter-dans-lancien-presbytere-sainte-marie-a-saint-etienne-178524.html\" target=\"_blank\" rel=\"noopener\">annonc\u00e9e au public en juin 2023<\/a>. \u00ab\u00a0Trois ans apr\u00e8s, on repart de z\u00e9ro\u00a0\u00bb, regrettait-il. <\/p>\n<p>MiHotel, un h\u00f4tel conceptuel, devait ouvrir ses portes en 2026 dans ce lieu charg\u00e9 d\u2019histoire, un projet port\u00e9 par <a href=\"https:\/\/mesinfos.fr\/69390-millery\/coliving-le-lyonnais-colodge-vise-5-000-chambres-d-ici-2030-215863.html\" rel=\"noopener\" target=\"_blank\">Thomas Schmider, l&rsquo;ex-fondateur d&rsquo;Infogrames et pr\u00e9sident de l&rsquo;AS Saint-\u00c9tienne<\/a>. <\/p>\n<p>Abandon d&rsquo;un projet de r\u00e9habilitation \u00e0 pr\u00e8s de 2,5 millions d&rsquo;euros <\/p>\n<p>Le rez-de-chauss\u00e9e devait \u00eatre acquis par Estelle Le Jaouen et son \u00e9poux, Eric le Jaouen, <a href=\"https:\/\/mesinfos.fr\/42000-saint-etienne\/municipales-2026-a-saint-etienne-eric-le-jaouen-est-officiellement-dans-la-course-216403.html\" target=\"_blank\" rel=\"noopener\">candidat \u00e0 la Ville de Saint-Etienne<\/a>, pour y installer un atelier de yoga et un restaurant.<\/p>\n<p>\u00ab\u00a0C&rsquo;est un projet qui a pris \u00e9norm\u00e9ment de temps pour rien ! Nous n&rsquo;avons jamais rien sign\u00e9, rien n&rsquo;a avanc\u00e9 au-del\u00e0 des plans que j&rsquo;avais demand\u00e9s \u00e0 l&rsquo;architecte, explique Estelle Le Jaouen. Initialement je pensais que \u00e7a prendrait deux ans. De fait, je suis pass\u00e9e \u00e0 autre chose et j&rsquo;ai acquis un tr\u00e8s bel appartement rue de la R\u00e9sistance o\u00f9 je vais installer mon studio de yoga\u00a0\u00bb. Les investisseurs, au global, devaient investir pr\u00e8s de 2,5 millions d&rsquo;euros.<\/p>\n<p> Ex-presbyt\u00e8re Sainte-Marie : un projet d&rsquo;\u00e9cole de p\u00e2tisserie d\u00e9j\u00e0 abandonn\u00e9 apr\u00e8s le covid <\/p>\n<p>C\u2019est donc le deuxi\u00e8me projet port\u00e9 pour ce b\u00e2timent qui avorte. Le premier, <a href=\"https:\/\/mesinfos.fr\/auvergne-rhone-alpes\/le-presbytere-sainte-marie-acquis-par-des-investisseurs-chinois-86395.html\" rel=\"noopener\" target=\"_blank\">pr\u00e9sent\u00e9 par le chef cuisinier et p\u00e2tissier Jean-Jacques Borne<\/a>, devait \u00eatre financ\u00e9 par des investisseurs chinois afin de cr\u00e9er un centre de formation culinaire. <\/p>\n<p>Ce projet d\u2019\u00e9cole de p\u00e2tisserie avait \u00e9t\u00e9 annonc\u00e9 en 2019, et n\u2019avait pas vu le jour \u00e0 la sortie de la crise sanitaire du covid. En juin 2023 avait \u00e9t\u00e9 vot\u00e9e en conseil municipal l\u2019annulation de la vente du b\u00e2timent. <\/p>\n<p>Les deux projets ont eu la particularit\u00e9 d\u2019\u00eatre pr\u00e9sent\u00e9s lors de conf\u00e9rences de presse sp\u00e9cifiques, tant ce site patrimonial du centre-ville de Saint-Etienne, datant de 1621, plac\u00e9 sur la rue de la R\u00e9publique, repr\u00e9sente un enjeu d\u2019attractivit\u00e9.<\/p>\n","protected":false},"excerpt":{"rendered":"\u00a9 Denis Meynard &#8211; Un h\u00f4tel ainsi qu\u2019un restaurant et un studio de yoga devaient voir le jour&hellip;\n","protected":false},"author":2,"featured_media":219591,"comment_status":"","ping_status":"","sticky":false,"template":"","format":"standard","meta":{"footnotes":""},"categories":[9653],"tags":[1111,11,2430,1777,674,1011,27,12,35870,25,13277,4001,15880],"class_list":{"0":"post-219590","1":"post","2":"type-post","3":"status-publish","4":"format-standard","5":"has-post-thumbnail","7":"category-saint-etienne","8":"tag-actu","9":"tag-actualites","10":"tag-auvergne-rhone-alpes","11":"tag-eu","12":"tag-europe","13":"tag-fr","14":"tag-france","15":"tag-news","16":"tag-presbytu00e8re-sainte-marie","17":"tag-republique-francaise","18":"tag-ru00e9habilitations","19":"tag-saint-etienne","20":"tag-ville-de-saint-etienne"},"share_on_mastodon":{"url":"https:\/\/pubeurope.com\/@fr\/114781213439633359","error":""},"_links":{"self":[{"href":"https:\/\/www.europesays.com\/fr\/wp-json\/wp\/v2\/posts\/219590","targetHints":{"allow":["GET"]}}],"collection":[{"href":"https:\/\/www.europesays.com\/fr\/wp-json\/wp\/v2\/posts"}],"about":[{"href":"https:\/\/www.europesays.com\/fr\/wp-json\/wp\/v2\/types\/post"}],"author":[{"embeddable":true,"href":"https:\/\/www.europesays.com\/fr\/wp-json\/wp\/v2\/users\/2"}],"replies":[{"embeddable":true,"href":"https:\/\/www.europesays.com\/fr\/wp-json\/wp\/v2\/comments?post=219590"}],"version-history":[{"count":0,"href":"https:\/\/www.europesays.com\/fr\/wp-json\/wp\/v2\/posts\/219590\/revisions"}],"wp:featuredmedia":[{"embeddable":true,"href":"https:\/\/www.europesays.com\/fr\/wp-json\/wp\/v2\/media\/219591"}],"wp:attachment":[{"href":"https:\/\/www.europesays.com\/fr\/wp-json\/wp\/v2\/media?parent=219590"}],"wp:term":[{"taxonomy":"category","embeddable":true,"href":"https:\/\/www.europesays.com\/fr\/wp-json\/wp\/v2\/categories?post=219590"},{"taxonomy":"post_tag","embeddable":true,"href":"https:\/\/www.europesays.com\/fr\/wp-json\/wp\/v2\/tags?post=219590"}],"curies":[{"name":"wp","href":"https:\/\/api.w.org\/{rel}","templated":true}]}}