{"id":219592,"date":"2025-07-02T02:12:46","date_gmt":"2025-07-02T02:12:46","guid":{"rendered":"https:\/\/www.europesays.com\/fr\/219592\/"},"modified":"2025-07-02T02:12:46","modified_gmt":"2025-07-02T02:12:46","slug":"nancy-faitout-maouassa-de-retour-en-lorraine","status":"publish","type":"post","link":"https:\/\/www.europesays.com\/fr\/219592\/","title":{"rendered":"Nancy &#8211; Faitout Maouassa de retour en Lorraine ?"},"content":{"rendered":"<p style=\"text-align: justify;\">Form\u00e9 \u00e0 l\u2019AS <strong>Nancy<\/strong> Lorraine, <strong>Faitout<\/strong> <strong>Maouassa\u00a0<\/strong>y a fait ses d\u00e9buts, en Ligue 2 en 2015. Parti d\u00e8s ses 19 ans au Stade Rennais, le lat\u00e9ral gauche est ensuite pass\u00e9 par le Club Bruges o\u00f9 il a encha\u00een\u00e9 les pr\u00eats (Montepellier, Lens, Grenade). Sans club depuis pr\u00e8s d\u2019un an, l\u2019ancien international Espoirs, aujourd\u2019hui \u00e2g\u00e9 de 26 ans, pourrait b\u00e9n\u00e9ficier d\u2019un retour aux sources. D\u2019apr\u00e8s <a href=\"https:\/\/www.estrepublicain.fr\/sport\/2025\/07\/01\/une-surprise-au-premier-entrainement-de-l-as-nancy-lorraine-faitout-maouassa\" rel=\"nofollow noopener\" target=\"_blank\">L\u2019Est R\u00e9publicain<\/a>, le d\u00e9fenseur \u00e9tait pr\u00e9sent au premier entra\u00eenement de l\u2019ASNL ce mardi, sous les ordres de Pablo Correa. Si le club n\u2019a pas communiqu\u00e9 sur un retour du joueur, il semble qu\u2019a minima, une mise \u00e0 l\u2019essai soit en cours.<\/p>\n<p style=\"text-align: justify;\">\u00c0 lire aussi &gt;&gt;\u00a0<a href=\"https:\/\/maligue2.fr\/2025\/07\/01\/mercato-yehvann-diouf-quitte-le-stade-de-reims-sa-destination-est-connue\/\" rel=\"nofollow noopener\" target=\"_blank\">Mercato \u2013 Yehvann Diouf quitte le Stade de Reims, sa destination est connue<\/a><\/p>\n<p style=\"text-align: justify;\">Photo \u00a9Sergio Ruiz \/ Pressinphoto \/ Icon Sport<\/p>\n","protected":false},"excerpt":{"rendered":"Form\u00e9 \u00e0 l\u2019AS Nancy Lorraine, Faitout Maouassa\u00a0y a fait ses d\u00e9buts, en Ligue 2 en 2015. Parti d\u00e8s&hellip;\n","protected":false},"author":2,"featured_media":219593,"comment_status":"","ping_status":"","sticky":false,"template":"","format":"standard","meta":{"footnotes":""},"categories":[9635],"tags":[24683,1111,11,1777,674,35871,1011,27,775,1702,12,25],"class_list":{"0":"post-219592","1":"post","2":"type-post","3":"status-publish","4":"format-standard","5":"has-post-thumbnail","7":"category-nancy","8":"tag-alaune4","9":"tag-actu","10":"tag-actualites","11":"tag-eu","12":"tag-europe","13":"tag-faitout-maouassa","14":"tag-fr","15":"tag-france","16":"tag-grand-est","17":"tag-nancy","18":"tag-news","19":"tag-republique-francaise"},"share_on_mastodon":{"url":"https:\/\/pubeurope.com\/@fr\/114781222157663288","error":""},"_links":{"self":[{"href":"https:\/\/www.europesays.com\/fr\/wp-json\/wp\/v2\/posts\/219592","targetHints":{"allow":["GET"]}}],"collection":[{"href":"https:\/\/www.europesays.com\/fr\/wp-json\/wp\/v2\/posts"}],"about":[{"href":"https:\/\/www.europesays.com\/fr\/wp-json\/wp\/v2\/types\/post"}],"author":[{"embeddable":true,"href":"https:\/\/www.europesays.com\/fr\/wp-json\/wp\/v2\/users\/2"}],"replies":[{"embeddable":true,"href":"https:\/\/www.europesays.com\/fr\/wp-json\/wp\/v2\/comments?post=219592"}],"version-history":[{"count":0,"href":"https:\/\/www.europesays.com\/fr\/wp-json\/wp\/v2\/posts\/219592\/revisions"}],"wp:featuredmedia":[{"embeddable":true,"href":"https:\/\/www.europesays.com\/fr\/wp-json\/wp\/v2\/media\/219593"}],"wp:attachment":[{"href":"https:\/\/www.europesays.com\/fr\/wp-json\/wp\/v2\/media?parent=219592"}],"wp:term":[{"taxonomy":"category","embeddable":true,"href":"https:\/\/www.europesays.com\/fr\/wp-json\/wp\/v2\/categories?post=219592"},{"taxonomy":"post_tag","embeddable":true,"href":"https:\/\/www.europesays.com\/fr\/wp-json\/wp\/v2\/tags?post=219592"}],"curies":[{"name":"wp","href":"https:\/\/api.w.org\/{rel}","templated":true}]}}