{"id":219595,"date":"2025-07-02T02:14:25","date_gmt":"2025-07-02T02:14:25","guid":{"rendered":"https:\/\/www.europesays.com\/fr\/219595\/"},"modified":"2025-07-02T02:14:25","modified_gmt":"2025-07-02T02:14:25","slug":"la-nouvelle-offre-de-trains-marseille-toulon-nice-est-lancee-2","status":"publish","type":"post","link":"https:\/\/www.europesays.com\/fr\/219595\/","title":{"rendered":"La nouvelle offre de trains Marseille-Toulon-Nice est lanc\u00e9e"},"content":{"rendered":"<p><img loading=\"lazy\" decoding=\"async\" alt=\"\u00a9 S. Foliot - Entr\u00e9e en gare de Toulon d'un nouveau train r\u00e9gional Zou !.\" data-zoom-src=\"https:\/\/www.europesays.com\/fr\/wp-content\/uploads\/2025\/07\/initial-transdev-ter-gare-toulon.jpg\" data-zoomable=\"\" height=\"702\" src=\"https:\/\/www.europesays.com\/fr\/wp-content\/uploads\/2025\/07\/initial-transdev-ter-gare-toulon.jpg\" width=\"1248\"\/>  <\/p>\n<p class=\"article-desc\">\u00a9 S. Foliot &#8211; Entr\u00e9e en gare de Toulon d&rsquo;un nouveau train r\u00e9gional Zou !. <\/p>\n<p>C&rsquo;est <strong>une premi\u00e8re en France<\/strong> et elle est proven\u00e7ale : de <strong>nouveaux trains exploit\u00e9s par le groupe priv\u00e9 Transdev<\/strong>, et non par la SNCF, circulent<strong> sur la ligne Marseille-Toulon-Nice<\/strong> depuis le 29 juin.\u00a0 <\/p>\n<p>Cela fait suite \u00e0 <strong>l&rsquo;ouverture \u00e0 la concurrence<\/strong>, par la R\u00e9gion Provence-Alpes-C\u00f4te d&rsquo;Azur, de cette ligne de trains r\u00e9gionaux. Une \u00ab r\u00e9volution ferroviaire\u00a0\u00bb pour la pr\u00e9sident de la collectivit\u00e9, <a href=\"https:\/\/www.linkedin.com\/in\/renaud-muselier\/\" rel=\"noopener nofollow\" target=\"_blank\">Renaud Muselier<\/a>, lors d&rsquo;un voyage inaugural le 30 juin. \u00ab Cette mise en comp\u00e9tition am\u00e8ne \u00e0 de meilleurs services publics pour les citoyens\u00a0\u00bb, estime-t-il. <\/p>\n<p>La promesse d\u2019une meilleure offre de transport en Paca <\/p>\n<p><a href=\"https:\/\/mesinfos.fr\/provence-alpes-cote-d-azur\/marseille-toulon-nice-lancement-de-la-premiere-ligne-ter-regionale-ouverte-a-la-concurrence-222739.html\" rel=\"noopener nofollow\" target=\"_blank\">La nouvelle offre de trains Zou !<\/a> implique : un train <strong>toutes les heures<\/strong> en semaine, soit 14 allers-retours par jour, une amplitude horaire \u00e9largie de <strong>6 h \u00e0 21 h<\/strong>, <strong>9 gares desservies<\/strong> pour 2 h 40 de parcours, une <strong>meilleure s\u00e9curit\u00e9<\/strong> dans les transports, des trains aliment\u00e9s 100 % par de l&rsquo;\u00e9lectricit\u00e9 verte. <\/p>\n<p>Pour ce faire, <strong>16 rames fabriqu\u00e9es par <a href=\"https:\/\/www.alstom.com\/fr\" rel=\"noopener nofollow\" target=\"_blank\">Alstom<\/a><\/strong> seront mises en service d\u2019ici la fin de l\u2019ann\u00e9e. Actuellement, seulement neuf ont \u00e9t\u00e9 livr\u00e9es ce qui a oblig\u00e9 l\u2019entreprise \u00e0 en louer des suppl\u00e9mentaires aupr\u00e8s d\u2019autres r\u00e9gions comme Auvergne-Rh\u00f4ne-Alpes. <\/p>\n<p>Chacune peut recevoir <strong>400 voyageurs assis, <\/strong>ce qui permet de doubler l\u2019offre pour les voyageurs. <\/p>\n<blockquote>\n<p>\u00ab\u00a0Les rames neuves sont sur deux \u00e9tages. Elles sont plus confortables avec des premi\u00e8res et des secondes classes. Elles ont des services \u00e0 bord, comme le wifi et des points de restauration avec la vente de petites friandises ou encore une station pour faire du caf\u00e9 \u00bb \u00e9num\u00e8re <a href=\"https:\/\/www.linkedin.com\/in\/thierry-mallet-54868b65\/\" rel=\"noopener nofollow\" target=\"_blank\">Thierry Mallet<\/a>, pr\u00e9sident directeur g\u00e9n\u00e9ral de Transdev. <\/p>\n<\/blockquote>\n<p>  <img decoding=\"async\" alt=\"\" class=\"img-align-center\" data-zoomable=\"\" height=\"976\" loading=\"lazy\" src=\"https:\/\/www.europesays.com\/fr\/wp-content\/uploads\/2025\/07\/1751422465_372_transdev-marseille.png\" title=\"Transdev Marseille\" width=\"1333\"\/> \u00a9 R\u00e9gis Cintas-Flores &#8211; Inauguration de la nouvelle offre Zou ! \u00e0 Marseille en pr\u00e9sence de Renaud Muselier, pr\u00e9sident de la R\u00e9gion Paca.\u00a0 Un projet financ\u00e9 par la R\u00e9gion Paca <\/p>\n<p>Une offre qui repr\u00e9sente un investissement de la R\u00e9gion de <strong>250 millions d&rsquo;euros pour l&rsquo;achat de nouvelles rames<\/strong> et de <strong>40 millions pour la construction d&rsquo;un d\u00e9p\u00f4t de maintenance<\/strong> de 2 000 m2 \u00e0 Nice par le groupe NGE. <\/p>\n<p>Les tarifs des billets resteront inchang\u00e9s et une <strong>baisse de 20 % du prix de l&rsquo;abonnement Zou<\/strong> doit entrer en vigueur ce 1er juillet.<\/p>\n","protected":false},"excerpt":{"rendered":"\u00a9 S. Foliot &#8211; Entr\u00e9e en gare de Toulon d&rsquo;un nouveau train r\u00e9gional Zou !. C&rsquo;est une premi\u00e8re&hellip;\n","protected":false},"author":2,"featured_media":217966,"comment_status":"","ping_status":"","sticky":false,"template":"","format":"standard","meta":{"footnotes":""},"categories":[9619],"tags":[1111,11,1777,674,1011,27,12,882,25,6472,2310,800],"class_list":{"0":"post-219595","1":"post","2":"type-post","3":"status-publish","4":"format-standard","5":"has-post-thumbnail","7":"category-toulon","8":"tag-actu","9":"tag-actualites","10":"tag-eu","11":"tag-europe","12":"tag-fr","13":"tag-france","14":"tag-news","15":"tag-provence-alpes-cote-dazur","16":"tag-republique-francaise","17":"tag-ter","18":"tag-toulon","19":"tag-transports"},"share_on_mastodon":{"url":"https:\/\/pubeurope.com\/@fr\/114781229202152699","error":""},"_links":{"self":[{"href":"https:\/\/www.europesays.com\/fr\/wp-json\/wp\/v2\/posts\/219595","targetHints":{"allow":["GET"]}}],"collection":[{"href":"https:\/\/www.europesays.com\/fr\/wp-json\/wp\/v2\/posts"}],"about":[{"href":"https:\/\/www.europesays.com\/fr\/wp-json\/wp\/v2\/types\/post"}],"author":[{"embeddable":true,"href":"https:\/\/www.europesays.com\/fr\/wp-json\/wp\/v2\/users\/2"}],"replies":[{"embeddable":true,"href":"https:\/\/www.europesays.com\/fr\/wp-json\/wp\/v2\/comments?post=219595"}],"version-history":[{"count":0,"href":"https:\/\/www.europesays.com\/fr\/wp-json\/wp\/v2\/posts\/219595\/revisions"}],"wp:featuredmedia":[{"embeddable":true,"href":"https:\/\/www.europesays.com\/fr\/wp-json\/wp\/v2\/media\/217966"}],"wp:attachment":[{"href":"https:\/\/www.europesays.com\/fr\/wp-json\/wp\/v2\/media?parent=219595"}],"wp:term":[{"taxonomy":"category","embeddable":true,"href":"https:\/\/www.europesays.com\/fr\/wp-json\/wp\/v2\/categories?post=219595"},{"taxonomy":"post_tag","embeddable":true,"href":"https:\/\/www.europesays.com\/fr\/wp-json\/wp\/v2\/tags?post=219595"}],"curies":[{"name":"wp","href":"https:\/\/api.w.org\/{rel}","templated":true}]}}