{"id":21961,"date":"2025-04-13T10:47:10","date_gmt":"2025-04-13T10:47:10","guid":{"rendered":"https:\/\/www.europesays.com\/fr\/21961\/"},"modified":"2025-04-13T10:47:10","modified_gmt":"2025-04-13T10:47:10","slug":"zelensky-fait-etat-de-dizaines-de-morts-et-de-blesses-apres-la-frappe-russe-a-soumy","status":"publish","type":"post","link":"https:\/\/www.europesays.com\/fr\/21961\/","title":{"rendered":"Zelensky fait \u00e9tat de \u00ab\u00a0dizaines de morts et de bless\u00e9s\u00a0\u00bb apr\u00e8s la frappe russe \u00e0 Soumy"},"content":{"rendered":"<p>Une attaque de missile balistique russe dimanche sur le centre de la ville de Soumy, dans le nord-est de l&rsquo;Ukraine, a fait \u00ab\u00a0des dizaines de morts et de bless\u00e9s\u00a0\u00bb, selon le pr\u00e9sident ukrainien Volodymyr Zelensky.<\/p>\n<p>\u00ab\u00a0Terrible frappe de missile balistique russe sur Soumy (&#8230;) Selon les premiers bilans, il y a des dizaines de civils morts et bless\u00e9s,\u00a0\u00bb a d\u00e9clar\u00e9 le chef de l&rsquo;Etat sur les r\u00e9seaux sociaux, ajoutant: \u00ab\u00a0Et cela, un jour o\u00f9 les gens vont \u00e0 l&rsquo;\u00e9glise : le dimanche des Rameaux&#8230; Seuls des salauds peuvent faire cela\u00a0\u00bb.<\/p>\n<p>\u00ab\u00a0De nombreux morts aujourd&rsquo;hui apr\u00e8s une frappe de missile\u00a0\u00bb, a aussi annonc\u00e9 le maire de Soumy, Artem Kobzar, sur les r\u00e9seaux sociaux, en ajoutant que \u00ab\u00a0l&rsquo;ennemi a de nouveau frapp\u00e9 des civils\u00a0\u00bb.<\/p>\n<p>\u00a0Selon un premier bilan des services d&rsquo;urgence de l&rsquo;Etat ukrainien, au moins 21 personnes ont \u00e9t\u00e9 tu\u00e9es et une vingtaine d&rsquo;autres bless\u00e9es dans la frappe de missiles balistiques russes sur la ville de Soumy \u00ab\u00a0La Russie a frapp\u00e9 le centre-ville avec des missiles balistiques. Juste au moment o\u00f9 il y avait beaucoup de gens dans la rue\u00a0\u00bb, ont indiqu\u00e9 ces services sur les r\u00e9seaux sociaux.<\/p>\n<p>\u00a0<\/p>\n<p><strong>MaJ 11h45 :<\/strong> le bilan des bless\u00e9s a grimp\u00e9 et s&rsquo;\u00e9tablit d\u00e9sormais \u00e0 83, \u00ab\u00a0dont sept enfants\u00a0\u00bb, apr\u00e8s la frappe de missiles balistiques russes dimanche sur la ville de Soumy, a annonc\u00e9 le minist\u00e8re de l&rsquo;Int\u00e9rieur ukrainien \u00e0 la mi-journ\u00e9e, alors que les op\u00e9rations de secours se poursuivent sur place.<\/p>\n<p>\u00a0<\/p>\n<p>avec \u00a9 Agence France-Presse<\/p>\n","protected":false},"excerpt":{"rendered":"Une attaque de missile balistique russe dimanche sur le centre de la ville de Soumy, dans le nord-est&hellip;\n","protected":false},"author":2,"featured_media":21962,"comment_status":"","ping_status":"","sticky":false,"template":"","format":"standard","meta":{"footnotes":""},"categories":[1590],"tags":[11,1777,674,12,220,134],"class_list":{"0":"post-21961","1":"post","2":"type-post","3":"status-publish","4":"format-standard","5":"has-post-thumbnail","7":"category-ukraine","8":"tag-actualites","9":"tag-eu","10":"tag-europe","11":"tag-news","12":"tag-ukraine","13":"tag-volodymyr-zelensky"},"share_on_mastodon":{"url":"https:\/\/pubeurope.com\/@fr\/114330261470103560","error":""},"_links":{"self":[{"href":"https:\/\/www.europesays.com\/fr\/wp-json\/wp\/v2\/posts\/21961","targetHints":{"allow":["GET"]}}],"collection":[{"href":"https:\/\/www.europesays.com\/fr\/wp-json\/wp\/v2\/posts"}],"about":[{"href":"https:\/\/www.europesays.com\/fr\/wp-json\/wp\/v2\/types\/post"}],"author":[{"embeddable":true,"href":"https:\/\/www.europesays.com\/fr\/wp-json\/wp\/v2\/users\/2"}],"replies":[{"embeddable":true,"href":"https:\/\/www.europesays.com\/fr\/wp-json\/wp\/v2\/comments?post=21961"}],"version-history":[{"count":0,"href":"https:\/\/www.europesays.com\/fr\/wp-json\/wp\/v2\/posts\/21961\/revisions"}],"wp:featuredmedia":[{"embeddable":true,"href":"https:\/\/www.europesays.com\/fr\/wp-json\/wp\/v2\/media\/21962"}],"wp:attachment":[{"href":"https:\/\/www.europesays.com\/fr\/wp-json\/wp\/v2\/media?parent=21961"}],"wp:term":[{"taxonomy":"category","embeddable":true,"href":"https:\/\/www.europesays.com\/fr\/wp-json\/wp\/v2\/categories?post=21961"},{"taxonomy":"post_tag","embeddable":true,"href":"https:\/\/www.europesays.com\/fr\/wp-json\/wp\/v2\/tags?post=21961"}],"curies":[{"name":"wp","href":"https:\/\/api.w.org\/{rel}","templated":true}]}}