{"id":219654,"date":"2025-07-02T02:50:20","date_gmt":"2025-07-02T02:50:20","guid":{"rendered":"https:\/\/www.europesays.com\/fr\/219654\/"},"modified":"2025-07-02T02:50:20","modified_gmt":"2025-07-02T02:50:20","slug":"face-a-la-chaleur-la-france-ferme-des-ecoles-leurope-en-alerte-01-07-2025-a-1852","status":"publish","type":"post","link":"https:\/\/www.europesays.com\/fr\/219654\/","title":{"rendered":"Face \u00e0 la chaleur, la France ferme des \u00e9coles, l&rsquo;Europe en alerte &#8211; 01\/07\/2025 \u00e0 18:52"},"content":{"rendered":"<p>        <img fetchpriority=\"high\" decoding=\"async\" src=\"https:\/\/www.europesays.com\/fr\/wp-content\/uploads\/2025\/07\/6d95b9de9981e1c5e09b64d0bc9b2d83-760x508.jpg\" alt=\"Un travailleur boit de l'eau sur un chantier de construction, lors d'une journ\u00e9e chaude et ensoleill\u00e9e \u00e0 Nantes\" loading=\"eager\" width=\"760\" height=\"508\" style=\"max-width: 100%!important; height: auto;\"\/><\/p>\n<p class=\"c-image-news__legend\">Un travailleur boit de l&rsquo;eau sur un chantier de construction, lors d&rsquo;une journ\u00e9e chaude et ensoleill\u00e9e \u00e0 Nantes<\/p>\n<p>\n par Clotaire Achi et Emma Pinedo\n<\/p>\n<p>\n Pr\u00e8s de 2.000 \u00e9coles ont \u00e9t\u00e9 ferm\u00e9es partiellement ou totalement en France mardi pour faire face \u00e0 la vague de chaleur pr\u00e9coce qui frappe l&rsquo;Hexagone ainsi qu&rsquo;une grande partie de l&rsquo;Europe.\n<\/p>\n<p>\n La France devrait conna\u00eetre son pic de chaleur dans la journ\u00e9e avec des temp\u00e9ratures qui devraient avoisiner les 40 \u00e0 41 degr\u00e9s Celsius dans certaines r\u00e9gions, 36 \u00e0 39\u00b0C dans de nombreuses autres, selon M\u00e9t\u00e9o-France.\n<\/p>\n<p>\n Au total, 16 d\u00e9partements (les 8 d\u00e9partements franciliens, le Cher, le Loiret, l&rsquo;Indre, le Loir-et-Cher, l&rsquo;Indre-et-Loire, l&rsquo;Aube, l&rsquo;Yonne et la Vienne) ont \u00e9t\u00e9 plac\u00e9s en alerte rouge canicule, 68 autres sont en vigilance orange.\n<\/p>\n<p>\n A la mi-journ\u00e9e, 1.896 \u00e9tablissements scolaires \u00e9taient ferm\u00e9s dans le pays, dont 1.880 \u00e9coles, 14 coll\u00e8ges et deux lyc\u00e9es, soit 3% des \u00e9tablissements scolaires, selon le minist\u00e8re de l&rsquo;Education.\n<\/p>\n<p>\n A Paris, par mesure de s\u00e9curit\u00e9, le dernier \u00e9tage de la Tour Eiffel a \u00e9t\u00e9 ferm\u00e9 pour les journ\u00e9es de mardi et mercredi.\n<\/p>\n<p>\n \u00ab\u00a0La vigilance rouge ne concerne pas que les personnes les plus fragiles, elle concerne tout le monde\u00a0\u00bb, a d\u00e9clar\u00e9 le Premier ministre fran\u00e7ais Fran\u00e7ois Bayrou lors d&rsquo;une visite d&rsquo;un centre op\u00e9rationnel de gestion interminist\u00e9rielle des crises.\n<\/p>\n<p>\n Certains agriculteurs ont d\u00e9cal\u00e9 leurs horaires de r\u00e9colte pour \u00e9viter les plus grosses chaleurs.\n<\/p>\n<p>\n Dans l&rsquo;Indre, o\u00f9 plusieurs incendies se sont d\u00e9clar\u00e9s dans des champs depuis le d\u00e9but du mois, la pr\u00e9fecture a interdit les travaux agricoles en plaine entre 14h00 et 18h00 et annonc\u00e9 la fermeture des massifs forestiers aux particuliers.\n<\/p>\n<p>\n RECORD DE CHALEUR EN MER DES BAL\u00c9ARES\n<\/p>\n<p>\n Cette vague de chaleur pr\u00e9coce s&rsquo;\u00e9tend \u00e0 toute l&rsquo;Europe, continent qui se r\u00e9chauffe le plus vite, selon les scientifiques du service Copernicus sur le changement climatique (C3S) de l&rsquo;Union europ\u00e9enne.\n<\/p>\n<p>\n \u00ab\u00a0Ce qui est exceptionnel, exceptionnel mais pas sans pr\u00e9c\u00e9dent, est la p\u00e9riode de l&rsquo;ann\u00e9e\u00a0\u00bb, a soulign\u00e9 Clare Nullis, porte-parole de l&rsquo;Organisation m\u00e9t\u00e9orologique mondiale (OMM). \u00ab\u00a0Nous sommes le 1er juillet et nous observons des \u00e9pisodes de chaleur extr\u00eame que nous devrions observer normalement plus tard dans l&rsquo;\u00e9t\u00e9.\u00a0\u00bb\n<\/p>\n<p>\n La mont\u00e9e des temp\u00e9ratures de la mer M\u00e9diterran\u00e9e tend \u00e0 \u00ab\u00a0renforcer les temp\u00e9ratures extr\u00eames sur la terre ferme\u00a0\u00bb, a-t-elle ajout\u00e9.\n<\/p>\n<p>\n L&rsquo;eau en M\u00e9diterran\u00e9e affiche six degr\u00e9s de plus en moyenne qu&rsquo;\u00e0 l&rsquo;accoutum\u00e9e. Au large de l&rsquo;Espagne, la temp\u00e9rature en mer des Bal\u00e9ares est mont\u00e9e jusqu&rsquo;\u00e0 30 degr\u00e9s, un record selon le service m\u00e9t\u00e9orologique espagnol Aemet.\n<\/p>\n<p>\n L&rsquo;Espagne a connu son mois de juin le plus chaud, avec une temp\u00e9rature moyenne de 23,6\u00b0C, d&rsquo;apr\u00e8s Aemet.\n<\/p>\n<p>\n Une enqu\u00eate a \u00e9t\u00e9 ouverte \u00e0 Barcelone pour d\u00e9terminer si le d\u00e9c\u00e8s d&rsquo;un balayeur, ce week-end dans la capitale catalane, \u00e9tait d\u00fb \u00e0 la chaleur.\n<\/p>\n<p>\n En Italie, les syndicats ont imput\u00e9 \u00e0 des temp\u00e9ratures caniculaires la mort d&rsquo;un ouvrier \u00e2g\u00e9 de 47 ans sur un chantier pr\u00e8s de Bologne.\n<\/p>\n<p>\n Dix-sept villes de la P\u00e9ninsule, dont Milan et Rome, ont diffus\u00e9 des alertes rouges \u00e0 la canicule.\n<\/p>\n<p>\n Selon un rapport du r\u00e9assureur Swiss Re, les vagues de chaleur extr\u00eame sont \u00e0 l&rsquo;origine de la mort de pr\u00e8s de 480.000 personnes par an dans le monde, un nombre sup\u00e9rieur aux victimes cumul\u00e9es d&rsquo;inondations, de s\u00e9ismes et de temp\u00eates.\n<\/p>\n<p>\n La vague de chaleur pourrait r\u00e9duire de 0,5 point le produit int\u00e9rieur brut (PIB) de l&rsquo;Europe en 2025, selon une \u00e9tude publi\u00e9e mardi par Allianz Trade, qui chiffre \u00e0 0,3 point l&rsquo;impact sur le PIB de la France.\n<\/p>\n<p>\n (Avec la contribution de Kate Abnett, Gus Trompiz et Rachel More; version fran\u00e7aise Zhifan Liu et Jean-St\u00e9phane Brosse, \u00e9dit\u00e9 par Blandine H\u00e9nault)<\/p>\n","protected":false},"excerpt":{"rendered":"Un travailleur boit de l&rsquo;eau sur un chantier de construction, lors d&rsquo;une journ\u00e9e chaude et ensoleill\u00e9e \u00e0 Nantes&hellip;\n","protected":false},"author":2,"featured_media":218162,"comment_status":"","ping_status":"","sticky":false,"template":"","format":"standard","meta":{"footnotes":""},"categories":[1586],"tags":[400,11,398,408,405,1777,674,1011,27,403,402,399,404,12,25,401,406,407],"class_list":{"0":"post-219654","1":"post","2":"type-post","3":"status-publish","4":"format-standard","5":"has-post-thumbnail","7":"category-europe","8":"tag-action-cac-40","9":"tag-actualites","10":"tag-bourse-de-paris","11":"tag-boursorama","12":"tag-cotations","13":"tag-eu","14":"tag-europe","15":"tag-fr","16":"tag-france","17":"tag-indices-devises","18":"tag-investir","19":"tag-investissement","20":"tag-marche-boursier","21":"tag-news","22":"tag-republique-francaise","23":"tag-sicav","24":"tag-trackers","25":"tag-warrants"},"share_on_mastodon":{"url":"https:\/\/pubeurope.com\/@fr\/114781370743200311","error":""},"_links":{"self":[{"href":"https:\/\/www.europesays.com\/fr\/wp-json\/wp\/v2\/posts\/219654","targetHints":{"allow":["GET"]}}],"collection":[{"href":"https:\/\/www.europesays.com\/fr\/wp-json\/wp\/v2\/posts"}],"about":[{"href":"https:\/\/www.europesays.com\/fr\/wp-json\/wp\/v2\/types\/post"}],"author":[{"embeddable":true,"href":"https:\/\/www.europesays.com\/fr\/wp-json\/wp\/v2\/users\/2"}],"replies":[{"embeddable":true,"href":"https:\/\/www.europesays.com\/fr\/wp-json\/wp\/v2\/comments?post=219654"}],"version-history":[{"count":0,"href":"https:\/\/www.europesays.com\/fr\/wp-json\/wp\/v2\/posts\/219654\/revisions"}],"wp:featuredmedia":[{"embeddable":true,"href":"https:\/\/www.europesays.com\/fr\/wp-json\/wp\/v2\/media\/218162"}],"wp:attachment":[{"href":"https:\/\/www.europesays.com\/fr\/wp-json\/wp\/v2\/media?parent=219654"}],"wp:term":[{"taxonomy":"category","embeddable":true,"href":"https:\/\/www.europesays.com\/fr\/wp-json\/wp\/v2\/categories?post=219654"},{"taxonomy":"post_tag","embeddable":true,"href":"https:\/\/www.europesays.com\/fr\/wp-json\/wp\/v2\/tags?post=219654"}],"curies":[{"name":"wp","href":"https:\/\/api.w.org\/{rel}","templated":true}]}}