{"id":219659,"date":"2025-07-02T02:53:18","date_gmt":"2025-07-02T02:53:18","guid":{"rendered":"https:\/\/www.europesays.com\/fr\/219659\/"},"modified":"2025-07-02T02:53:18","modified_gmt":"2025-07-02T02:53:18","slug":"entretien-telephonique-avec-le-president-de-la-federation-de-russie-vladimir-poutine","status":"publish","type":"post","link":"https:\/\/www.europesays.com\/fr\/219659\/","title":{"rendered":"Entretien t\u00e9l\u00e9phonique avec le Pr\u00e9sident de la F\u00e9d\u00e9ration de Russie, Vladimir Poutine."},"content":{"rendered":"<p>Le Pr\u00e9sident de la R\u00e9publique et le Pr\u00e9sident de la F\u00e9d\u00e9ration de Russie se sont entretenus durant plus de deux heures aujourd\u2019hui au t\u00e9l\u00e9phone, pour parler du programme nucl\u00e9aire iranien et de l\u2019Ukraine.<\/p>\n<p>S\u2019agissant de l\u2019Iran, le Pr\u00e9sident de la R\u00e9publique a rappel\u00e9 les responsabilit\u00e9s des membres permanents du Conseil de S\u00e9curit\u00e9 des Nations unies, et donc de la France et de la Russie sur la question nucl\u00e9aire. Il a insist\u00e9 sur l\u2019urgence que l\u2019Iran se conforme \u00e0 ses obligations au titre du Trait\u00e9 sur la non-prolif\u00e9ration des armes nucl\u00e9aires (TNP), et notamment \u00e0 la pleine coop\u00e9ration avec l\u2019Agence Internationale de l\u2019Energie Atomique (AIEA), dont les inspecteurs doivent pouvoir reprendre leur travail sans d\u00e9lai. Il a dit sa d\u00e9termination \u00e0 rechercher une solution diplomatique qui permette un r\u00e8glement durable et exigeant du dossier nucl\u00e9aire, de la question des missiles de l\u2019Iran et de son r\u00f4le dans la r\u00e9gion. \u00a0Les deux Pr\u00e9sidents ont d\u00e9cid\u00e9 de coordonner leurs d\u00e9marches et de se parler prochainement afin de faire le suivi ensemble sur ce sujet.<\/p>\n<p>S\u2019agissant de l\u2019Ukraine, le Pr\u00e9sident de la R\u00e9publique a soulign\u00e9 le soutien ind\u00e9fectible de la France \u00e0 la souverainet\u00e9 et \u00e0 l\u2019int\u00e9grit\u00e9 territoriale de l\u2019Ukraine. Il a appel\u00e9 \u00e0 l\u2019\u00e9tablissement, dans les meilleurs d\u00e9lais, d\u2019un cessez-le-feu et au lancement de n\u00e9gociations entre l\u2019Ukraine et la Russie pour un r\u00e8glement solide et durable du conflit. Les deux Pr\u00e9sidents continueront d\u2019\u00e9changer \u00e9galement sur ce point.<\/p>\n","protected":false},"excerpt":{"rendered":"Le Pr\u00e9sident de la R\u00e9publique et le Pr\u00e9sident de la F\u00e9d\u00e9ration de Russie se sont entretenus durant plus&hellip;\n","protected":false},"author":2,"featured_media":31,"comment_status":"","ping_status":"","sticky":false,"template":"","format":"standard","meta":{"footnotes":""},"categories":[2],"tags":[11,13,674,1011,27,14,3019,12,25,132],"class_list":{"0":"post-219659","1":"post","2":"type-post","3":"status-publish","4":"format-standard","5":"has-post-thumbnail","7":"category-actualites","8":"tag-actualites","9":"tag-communique-de-presse","10":"tag-europe","11":"tag-fr","12":"tag-france","13":"tag-international","14":"tag-iran","15":"tag-news","16":"tag-republique-francaise","17":"tag-russie"},"share_on_mastodon":{"url":"https:\/\/pubeurope.com\/@fr\/114781382538099292","error":""},"_links":{"self":[{"href":"https:\/\/www.europesays.com\/fr\/wp-json\/wp\/v2\/posts\/219659","targetHints":{"allow":["GET"]}}],"collection":[{"href":"https:\/\/www.europesays.com\/fr\/wp-json\/wp\/v2\/posts"}],"about":[{"href":"https:\/\/www.europesays.com\/fr\/wp-json\/wp\/v2\/types\/post"}],"author":[{"embeddable":true,"href":"https:\/\/www.europesays.com\/fr\/wp-json\/wp\/v2\/users\/2"}],"replies":[{"embeddable":true,"href":"https:\/\/www.europesays.com\/fr\/wp-json\/wp\/v2\/comments?post=219659"}],"version-history":[{"count":0,"href":"https:\/\/www.europesays.com\/fr\/wp-json\/wp\/v2\/posts\/219659\/revisions"}],"wp:featuredmedia":[{"embeddable":true,"href":"https:\/\/www.europesays.com\/fr\/wp-json\/wp\/v2\/media\/31"}],"wp:attachment":[{"href":"https:\/\/www.europesays.com\/fr\/wp-json\/wp\/v2\/media?parent=219659"}],"wp:term":[{"taxonomy":"category","embeddable":true,"href":"https:\/\/www.europesays.com\/fr\/wp-json\/wp\/v2\/categories?post=219659"},{"taxonomy":"post_tag","embeddable":true,"href":"https:\/\/www.europesays.com\/fr\/wp-json\/wp\/v2\/tags?post=219659"}],"curies":[{"name":"wp","href":"https:\/\/api.w.org\/{rel}","templated":true}]}}