{"id":219662,"date":"2025-07-02T02:57:11","date_gmt":"2025-07-02T02:57:11","guid":{"rendered":"https:\/\/www.europesays.com\/fr\/219662\/"},"modified":"2025-07-02T02:57:11","modified_gmt":"2025-07-02T02:57:11","slug":"mathieu-hirigoyen-pierre-henri-azagoh-giorgi-melikidze-et-leo-monin-prolongent-au-stade-francais-lequipe","status":"publish","type":"post","link":"https:\/\/www.europesays.com\/fr\/219662\/","title":{"rendered":"Mathieu Hirigoyen, Pierre-Henri Azagoh, Giorgi Melikidze et L\u00e9o Monin prolongent au Stade Fran\u00e7ais &#8211; L&#039;\u00c9quipe"},"content":{"rendered":"<ol>\n<li><a href=\"https:\/\/news.google.com\/rss\/articles\/CBMi3AFBVV95cUxNUkljbmt1VEVpQkNGT0VzRkNtR0NoVTh1SV9zWURYejk0R05PeUpJVS13S1dwcDRBWGEya3NUdlVGQ1RfM2taNE1PX2VIbU5qb2dnNmVqcUFiNURFcEJDR1BBMkJ4a2QzdlRjMnlqWWlKMnZRaWt2OFpwUUpGU2RocVlWcUdKV1RURGYzVnRkQkdKN0Jfd1VEakk2MjBZX3EwSzBwaGxuaVQ4UWpMYjNMWm5wTldVT0l3VHhhVzhnZU02MnZVMm5EZlMxSFE5alVNRVBmeHQwanhGdUEw?oc=5\" target=\"_blank\" rel=\"nofollow noopener\">Mathieu Hirigoyen, Pierre-Henri Azagoh, Giorgi Melikidze et L\u00e9o Monin prolongent au Stade Fran\u00e7ais<\/a>&nbsp;&nbsp;L&rsquo;\u00c9quipe<\/li>\n<li><a href=\"https:\/\/news.google.com\/rss\/articles\/CBMimAFBVV95cUxNUEZFVkpTWkU1dTJiZk54RTJvOU5nV2pSa1FaN3ZmZ2J0N0NFSFNNSmwtem56dVd6ZGRkUl9sbUs1eDVLaDh1NzlaaUxtUVc1V2c1RS1sdjBfMk5OLTFYY3Fwcm0yYkpzTk5CVEVqQzQ3TExlMlN3aFlVRjI4NEcxTWk3RWVwLTY1SGpEUE4xRUQ2OWtMSkJaRQ?oc=5\" target=\"_blank\" rel=\"nofollow noopener\">Quatre Soldats Roses prolongent leur contrat<\/a>&nbsp;&nbsp;stade.fr<\/li>\n<li><a href=\"https:\/\/news.google.com\/rss\/articles\/CBMiogFBVV95cUxNbkRnejYwdHFsbnJLRXowYkk4S2VSdndkODBxczBnLVV6azZoNWtXR3U0N2lnZlhnZ0R2WlR5OUt5VmZmbTF4Nmh4Q0NEclNKLWNJTkJveVNWczdGMWZqR2Q1eVUzOHUyWVRFWVMzdUU2dTl5MXhvem9SWEc2c2lscWdPVkVGYzVKRzc3UnFIWFNsaUJDZTNubnU0NWVaVDdqS1E?oc=5\" target=\"_blank\" rel=\"nofollow noopener\">Transferts Stade Fran\u00e7ais : Pierre-Henri Azagoh a tranch\u00e9 pour son avenir<\/a>&nbsp;&nbsp;Dicodusport<\/li>\n<li><a href=\"https:\/\/news.google.com\/rss\/articles\/CBMibEFVX3lxTE9iSzNKcjFTQlZmOGxWbTJtMUJrZGZpUldfenI2UWZYTFZwSFFubklyRGtFTWt2SjZqMmpoeF9xOFhkUVl5QjlPMzJiSndGYWEyMWxkRWxQeWxyc25Ha1lzM1liVGdISDAwREYyNg?oc=5\" target=\"_blank\" rel=\"nofollow noopener\">C\u2019est act\u00e9 pour Pierre-Henri Azagoh !<\/a>&nbsp;&nbsp;Blog RCT<\/li>\n<li><a href=\"https:\/\/news.google.com\/rss\/articles\/CBMiswFBVV95cUxQZlpObVBvcDBEZS16ZUxiZENVdFFMTjRsYkFKakxmbzMxeVJTMXJWeUNPeXpvSVk5UmF5d0FaNGRKZl8yTHIxU2NzMWw3cldTN0k3ZWpjWjZLV0k0amlYUk9qVjJDYkc4RmQ2RFUyUTEwWDY4VExKTTFKdG9Na0tacXBzSVhNakRGb051UjhfUUx2Y3BtLXJpWXRtZFpUa1RPSDVDcWRVam9TQjl4b0ZDQU94MA?oc=5\" target=\"_blank\" rel=\"nofollow noopener\">Pierre-Henri Azagoh prolonge jusqu&rsquo;en 2028 avec le Stade Fran\u00e7ais<\/a>&nbsp;&nbsp;L&rsquo;\u00c9quipe<\/li>\n<\/ol>\n","protected":false},"excerpt":{"rendered":"Mathieu Hirigoyen, Pierre-Henri Azagoh, Giorgi Melikidze et L\u00e9o Monin prolongent au Stade Fran\u00e7ais&nbsp;&nbsp;L&rsquo;\u00c9quipe Quatre Soldats Roses prolongent leur&hellip;\n","protected":false},"author":2,"featured_media":219663,"comment_status":"","ping_status":"","sticky":false,"template":"","format":"standard","meta":{"footnotes":""},"categories":[1416],"tags":[1011,27,479,1468,60],"class_list":{"0":"post-219662","1":"post","2":"type-post","3":"status-publish","4":"format-standard","5":"has-post-thumbnail","7":"category-rugby","8":"tag-fr","9":"tag-france","10":"tag-rugby","11":"tag-rugby-football","12":"tag-sports"},"share_on_mastodon":{"url":"https:\/\/pubeurope.com\/@fr\/114781398262801626","error":""},"_links":{"self":[{"href":"https:\/\/www.europesays.com\/fr\/wp-json\/wp\/v2\/posts\/219662","targetHints":{"allow":["GET"]}}],"collection":[{"href":"https:\/\/www.europesays.com\/fr\/wp-json\/wp\/v2\/posts"}],"about":[{"href":"https:\/\/www.europesays.com\/fr\/wp-json\/wp\/v2\/types\/post"}],"author":[{"embeddable":true,"href":"https:\/\/www.europesays.com\/fr\/wp-json\/wp\/v2\/users\/2"}],"replies":[{"embeddable":true,"href":"https:\/\/www.europesays.com\/fr\/wp-json\/wp\/v2\/comments?post=219662"}],"version-history":[{"count":0,"href":"https:\/\/www.europesays.com\/fr\/wp-json\/wp\/v2\/posts\/219662\/revisions"}],"wp:featuredmedia":[{"embeddable":true,"href":"https:\/\/www.europesays.com\/fr\/wp-json\/wp\/v2\/media\/219663"}],"wp:attachment":[{"href":"https:\/\/www.europesays.com\/fr\/wp-json\/wp\/v2\/media?parent=219662"}],"wp:term":[{"taxonomy":"category","embeddable":true,"href":"https:\/\/www.europesays.com\/fr\/wp-json\/wp\/v2\/categories?post=219662"},{"taxonomy":"post_tag","embeddable":true,"href":"https:\/\/www.europesays.com\/fr\/wp-json\/wp\/v2\/tags?post=219662"}],"curies":[{"name":"wp","href":"https:\/\/api.w.org\/{rel}","templated":true}]}}